{"id":96,"date":"2008-04-04T08:42:04","date_gmt":"2008-04-04T07:42:04","guid":{"rendered":"http:\/\/blog.ruehlemanns.de\/?p=96"},"modified":"2008-04-04T08:42:04","modified_gmt":"2008-04-04T07:42:04","slug":"daniel-im-fernsehen","status":"publish","type":"post","link":"https:\/\/blog.ruehlemanns.de\/?p=96","title":{"rendered":"Daniel im Fernsehen"},"content":{"rendered":"<p>Gestern hatte Daniel einen wichtigen Termin in Bremen:<br \/>\nRadio Bremen hat ihn eingeladen, im Rahmen von <strong>buten un binnen das beste<\/strong> neben Moderatorin Ulla Hamann Platz zu nehmen.<\/p>\n<p>Die neuen Geb\u00e4ude von Radio Bremen sind gewaltig. Allein das Logo am Eingang passt schon kaum mehr auf das Foto!<\/p>\n<p style=\"text-align: center\"> <a href=\"https:\/\/blog.ruehlemanns.de\/wp-content\/uploads\/2008\/04\/rb-tv_20080403-143250-004.jpg\" title=\"{rb-tv} Daniel und Boris\"><img decoding=\"async\" src=\"https:\/\/blog.ruehlemanns.de\/wp-content\/uploads\/2008\/04\/rb-tv_20080403-143250-004.thumbnail.jpg\" alt=\"{rb-tv} Daniel und Boris\" \/><\/a><\/p>\n<p>Kaum im Studio angekommen, kann unser Videoproduzent Boris nat\u00fcrlich den Blick nicht von den Kameras lassen. Zugegeben, sie sind wohl &#8222;etwas&#8220; gr\u00f6\u00dfer als unsere&#8230; \ud83d\ude42<\/p>\n<p><a href=\"https:\/\/blog.ruehlemanns.de\/wp-content\/uploads\/2008\/04\/rb-tv_20080403-115437-001.jpg\" title=\"{rb-tv} Boris, unser Kameramann\"><img decoding=\"async\" src=\"https:\/\/blog.ruehlemanns.de\/wp-content\/uploads\/2008\/04\/rb-tv_20080403-115437-001.thumbnail.jpg\" alt=\"{rb-tv} Boris, unser Kameramann\" \/><\/a><\/p>\n<p>Frisch aus der Maske gibt`s Probesitzen f\u00fcr Daniel.<\/p>\n<p><a href=\"https:\/\/blog.ruehlemanns.de\/wp-content\/uploads\/2008\/04\/rb-tv_20080403-120522-002.jpg\" title=\"{rb-tv} Frisch aus der Maske gibt`s Probesitzen f\u00fcr Daniel\"><img decoding=\"async\" src=\"https:\/\/blog.ruehlemanns.de\/wp-content\/uploads\/2008\/04\/rb-tv_20080403-120522-002.thumbnail.jpg\" alt=\"{rb-tv} Frisch aus der Maske gibt`s Probesitzen f\u00fcr Daniel\" \/><\/a><\/p>\n<p>Ein tolles Team: Ulla Hamann f\u00fchrte Daniel elegant durch die Sendung!<\/p>\n<p style=\"text-align: center\"> <a href='https:\/\/blog.ruehlemanns.de\/wp-content\/uploads\/2008\/04\/rb-tv_20080403-125356-003.jpg' title='{rb-tv} Ein tolles Team: Ulla Hamann f\u00fchrte Daniel elegant durch die Sendung'><img src='https:\/\/blog.ruehlemanns.de\/wp-content\/uploads\/2008\/04\/rb-tv_20080403-125356-003.thumbnail.jpg' alt='{rb-tv} Ein tolles Team: Ulla Hamann f\u00fchrte Daniel elegant durch die Sendung' \/><\/a><\/p>\n<p>Wow, das war ein echtes Erlebnis!<br \/>\nViel Spa\u00df bei der Sendung!<\/p>\n<p>Zu sehen war diese Aufzeichung am Sonntag, 06.04.2008 auf Radio Bremen TV (rbtv) von 19:30 bis 20:00. Eine Wiederholung gab\u00b4s am Montag, 07.04.2008 von 10:30-11:00 im Norddeutschen Rundfunk (NDR).<\/p>\n","protected":false},"excerpt":{"rendered":"<p>Gestern hatte Daniel einen wichtigen Termin in Bremen: Radio Bremen hat ihn eingeladen, im Rahmen von buten un binnen das beste neben Moderatorin Ulla Hamann Platz zu nehmen. Die neuen Geb\u00e4ude von Radio Bremen sind gewaltig. Allein das Logo am Eingang passt schon kaum mehr auf das Foto! Kaum im Studio angekommen, kann unser Videoproduzent [&hellip;]<\/p>\n","protected":false},"author":604,"featured_media":0,"comment_status":"open","ping_status":"open","sticky":false,"template":"","format":"standard","meta":{"site-sidebar-layout":"default","site-content-layout":"","ast-site-content-layout":"default","site-content-style":"default","site-sidebar-style":"default","ast-global-header-display":"","ast-banner-title-visibility":"","ast-main-header-display":"","ast-hfb-above-header-display":"","ast-hfb-below-header-display":"","ast-hfb-mobile-header-display":"","site-post-title":"","ast-breadcrumbs-content":"","ast-featured-img":"","footer-sml-layout":"","ast-disable-related-posts":"","theme-transparent-header-meta":"","adv-header-id-meta":"","stick-header-meta":"","header-above-stick-meta":"","header-main-stick-meta":"","header-below-stick-meta":"","astra-migrate-meta-layouts":"default","ast-page-background-enabled":"default","ast-page-background-meta":{"desktop":{"background-color":"var(--ast-global-color-4)","background-image":"","background-repeat":"repeat","background-position":"center center","background-size":"auto","background-attachment":"scroll","background-type":"","background-media":"","overlay-type":"","overlay-color":"","overlay-opacity":"","overlay-gradient":""},"tablet":{"background-color":"","background-image":"","background-repeat":"repeat","background-position":"center center","background-size":"auto","background-attachment":"scroll","background-type":"","background-media":"","overlay-type":"","overlay-color":"","overlay-opacity":"","overlay-gradient":""},"mobile":{"background-color":"","background-image":"","background-repeat":"repeat","background-position":"center center","background-size":"auto","background-attachment":"scroll","background-type":"","background-media":"","overlay-type":"","overlay-color":"","overlay-opacity":"","overlay-gradient":""}},"ast-content-background-meta":{"desktop":{"background-color":"var(--ast-global-color-5)","background-image":"","background-repeat":"repeat","background-position":"center center","background-size":"auto","background-attachment":"scroll","background-type":"","background-media":"","overlay-type":"","overlay-color":"","overlay-opacity":"","overlay-gradient":""},"tablet":{"background-color":"var(--ast-global-color-5)","background-image":"","background-repeat":"repeat","background-position":"center center","background-size":"auto","background-attachment":"scroll","background-type":"","background-media":"","overlay-type":"","overlay-color":"","overlay-opacity":"","overlay-gradient":""},"mobile":{"background-color":"var(--ast-global-color-5)","background-image":"","background-repeat":"repeat","background-position":"center center","background-size":"auto","background-attachment":"scroll","background-type":"","background-media":"","overlay-type":"","overlay-color":"","overlay-opacity":"","overlay-gradient":""}},"footnotes":""},"categories":[9],"tags":[57],"class_list":["post-96","post","type-post","status-publish","format-standard","hentry","category-allgemeines","tag-im-fernsehen"],"_links":{"self":[{"href":"https:\/\/blog.ruehlemanns.de\/index.php?rest_route=\/wp\/v2\/posts\/96","targetHints":{"allow":["GET"]}}],"collection":[{"href":"https:\/\/blog.ruehlemanns.de\/index.php?rest_route=\/wp\/v2\/posts"}],"about":[{"href":"https:\/\/blog.ruehlemanns.de\/index.php?rest_route=\/wp\/v2\/types\/post"}],"author":[{"embeddable":true,"href":"https:\/\/blog.ruehlemanns.de\/index.php?rest_route=\/wp\/v2\/users\/604"}],"replies":[{"embeddable":true,"href":"https:\/\/blog.ruehlemanns.de\/index.php?rest_route=%2Fwp%2Fv2%2Fcomments&post=96"}],"version-history":[{"count":0,"href":"https:\/\/blog.ruehlemanns.de\/index.php?rest_route=\/wp\/v2\/posts\/96\/revisions"}],"wp:attachment":[{"href":"https:\/\/blog.ruehlemanns.de\/index.php?rest_route=%2Fwp%2Fv2%2Fmedia&parent=96"}],"wp:term":[{"taxonomy":"category","embeddable":true,"href":"https:\/\/blog.ruehlemanns.de\/index.php?rest_route=%2Fwp%2Fv2%2Fcategories&post=96"},{"taxonomy":"post_tag","embeddable":true,"href":"https:\/\/blog.ruehlemanns.de\/index.php?rest_route=%2Fwp%2Fv2%2Ftags&post=96"}],"curies":[{"name":"wp","href":"https:\/\/api.w.org\/{rel}","templated":true}]}}