{"id":9383,"date":"2018-04-13T11:05:40","date_gmt":"2018-04-13T10:05:40","guid":{"rendered":"https:\/\/blog.ruehlemanns.de\/?p=9383"},"modified":"2018-04-13T11:11:16","modified_gmt":"2018-04-13T10:11:16","slug":"als-gaertnerin-auf-wanderschaft","status":"publish","type":"post","link":"https:\/\/blog.ruehlemanns.de\/?p=9383","title":{"rendered":"Als G\u00e4rtnerin auf Wanderschaft"},"content":{"rendered":"<p>\u201eSie waren Schreiner, Maurer, Steinmetz, Schmied und ein Zimmermann, fast 1000 Jahre her, dass ihre Wanderschaft begann&#8230;\u201c Kennt jemand von euch vielleicht diese Zeile?<br \/>\nDas Lied \u201e3 Jahre und ein Tag\u201c von dem Liedermacher Reinhard Mey, wo er \u00fcber die Handwerker singt, die nach ihrer Ausbildung auf traditionelle Wanderschaft gehen, auch Tippelei oder Walz genannt? Aber was hat diese Info an euch in einem Kr\u00e4uterg\u00e4rtnerei-Blog zu suchen?<\/p>\n<p><a href=\"https:\/\/blog.ruehlemanns.de\/wp-content\/uploads\/2018\/04\/wanderschaft_1.jpg\"><img fetchpriority=\"high\" decoding=\"async\" class=\"alignnone size-full wp-image-9388\" src=\"https:\/\/blog.ruehlemanns.de\/wp-content\/uploads\/2018\/04\/wanderschaft_1.jpg\" alt=\"\" width=\"880\" height=\"600\" srcset=\"https:\/\/blog.ruehlemanns.de\/wp-content\/uploads\/2018\/04\/wanderschaft_1.jpg 880w, https:\/\/blog.ruehlemanns.de\/wp-content\/uploads\/2018\/04\/wanderschaft_1-300x205.jpg 300w, https:\/\/blog.ruehlemanns.de\/wp-content\/uploads\/2018\/04\/wanderschaft_1-768x524.jpg 768w, https:\/\/blog.ruehlemanns.de\/wp-content\/uploads\/2018\/04\/wanderschaft_1-440x300.jpg 440w\" sizes=\"(max-width: 880px) 100vw, 880px\" \/><\/a><\/p>\n<p>Naja, liegt daran, dass ich, Anna, fremde und freie G\u00e4rtnerin, mich selbst gerade auf z\u00fcnftiger Wanderschaft befinde und den April \u00fcber hier in der G\u00e4rtnerei mitarbeite um selbst dazuzulernen. Jetzt wird sich bestimmt so mancher fragen: \u201eEcht? Als G\u00e4rtnerin? Ich dachte, das machen nur Zimmerer, Maurer und Dachdecker?\u201c<\/p>\n<p>Tja, das ist ein weit verbreiteter Irrglaube. Jedes Handwerk, das es auch schon vor der Industrialisierung gab, kann (wenn gewollt) auf traditionelle Wanderschaft gehen.<br \/>\nNat\u00fcrlich sind es viele Baugewerke, aber auch Buchbinder, Hutmacher, Schneider, Landwirte, Seiler, K\u00f6che, Brauer, B\u00e4cker, Kunstgie\u00dfer, Holzbildhauer und viele andere Gewerke mehr sind seit Jahr und Tag unterwegs.<\/p>\n<p>F\u00fcr jeden gelten die gleichen Grundregeln:<br \/>\nSich ungebunden und frei (d.h. schuldenfrei, kinderlos, nicht verheiratet oder vorbestraft, ohne Handy (!) und unter 30 Jahren alt zu sein und seinen Gesellenbrief in der Tasche haben) f\u00fcr mindestens 3 Jahre und einen liebelangen Tag die Heimat zu verlassen und fort in die Fremde zu gehen um L\u00e4nder, Leute und nat\u00fcrlich in dieser Zeit sein eigenes Handwerk tiefer kennenzulernen und auszubauen.<\/p>\n<p>Jeder Geselle und Gesellin packt sein B\u00fcndel mit den n\u00f6tigsten Habseligkeiten (man lernt seeehr schnell mit dem Allern\u00f6tigsten auszukommen) was er oder sie zum Leben braucht und reist durch die Welt um Arbeit zu finden, sich dabei das n\u00f6tige Kleingeld zu verdienen um wieder weiter reisen zu k\u00f6nnen.<\/p>\n<p>Ein weiterer Irrglaube, der sich fest in den K\u00f6pfen vieler Menschen h\u00e4lt, ist, dass wir ausschlie\u00dflich f\u00fcr Kost und Logis arbeiten w\u00fcrden. Trifft jedoch nicht ausschlie\u00dflich zu. Die Zeiten mag es gegeben haben. Nach und w\u00e4hrend Kriegen, wo in keinem Haushalt das Geld gereicht hat. Aber erstens sind wir ausgebildete Fachleute und wollen gleichsam, wie jeder andere Mensch, angemessen f\u00fcr unsere geleistete Arbeit entlohnt werden. Zus\u00e4tzlich k\u00f6nnte man sonst den fahrenden Gesellen gleichsam Lohndumping unterstellen und daf\u00fcr ist zu viel Arbeitskampf durch fr\u00fchere Wandergesellen angezettelt und gemacht worden. Also w\u00e4re es ein schlechtes Erbe, wenn wir unseren Ahnen auf diese Weise in den R\u00fccken fallen w\u00fcrden.<\/p>\n<p>Und zweitens, ohne ein paar Groschen geht es nicht auf der Stra\u00dfe. Auch wenn es uns nach unserem Regelwerk untersagt ist, Geld f\u00fcr das Reisen (deswegen wird entweder gewandert, oder wir halten den Daumen in die Luft und hoffen, dass ihr anhaltet und uns ein St\u00fcck mitnehmt) sowie \u00dcbernachtungen auszugeben, so m\u00fcssen wir ja doch schlie\u00dflich was essen. Wir leben nicht im Luxus und kommen mit wenig aus, aber irgendwann braucht man doch mal wieder eine neue Buchse, Schuhe oder Briefmarken f\u00fcr Postkarten an die Daheimgebliebenen. Woher nehmen, wenn man nicht stehlen will?<\/p>\n<p>Wir verhalten uns ehrbar und l\u00f6blich, sodass jeder andere Geselle, der uns irgendwann mal nachfolgt, wieder mit offenen Armen aufgenommen wird. H\u00fctet euch nur ja vor Tunichtguten mit einem gespaltenem Ohrl\u00e4ppchen. Denn die haben es anscheinend einmal nicht sehr ernst mit dem guten Betragen genommen und ihnen wurde der dazugeh\u00f6rige Ohrring herausgerissen und damit auf ewig als Schlitzohren gebrandmarkt.<\/p>\n<p>Ich selber bin jetzt fast 17 Monate unterwegs und habe die Zeit \u00fcber in Deutschland das Land erkundet. Mal hier bei Privatleuten im Garten, bei Erntearbeiten im Herbst geholfen oder in einem anderen Kr\u00e4uterschaugarten die Beete sch\u00f6n gemacht. \u00dcberall ist der Boden anders, mit welchen Pflanzen habe ich es zu tun, worauf kommt es bei der Arbeit an? Und zus\u00e4tzlich so viele unglaublich nette Menschen kennengelernt und tolle Pl\u00e4tze und Orte gesehen, dass ich mich dadurch alleine schon so unglaublich bereichert f\u00fchle.<br \/>\nSo auch jetzt schon durch meinen Aufenthalt hier \u00fcber so manchen Weg in Horstedt bei R\u00fchlemann\u2018s.<\/p>\n<p><a href=\"https:\/\/blog.ruehlemanns.de\/wp-content\/uploads\/2018\/04\/wanderschaft_2.jpg\"><img decoding=\"async\" class=\"alignnone size-full wp-image-9389\" src=\"https:\/\/blog.ruehlemanns.de\/wp-content\/uploads\/2018\/04\/wanderschaft_2.jpg\" alt=\"\" width=\"880\" height=\"600\" srcset=\"https:\/\/blog.ruehlemanns.de\/wp-content\/uploads\/2018\/04\/wanderschaft_2.jpg 880w, https:\/\/blog.ruehlemanns.de\/wp-content\/uploads\/2018\/04\/wanderschaft_2-300x205.jpg 300w, https:\/\/blog.ruehlemanns.de\/wp-content\/uploads\/2018\/04\/wanderschaft_2-768x524.jpg 768w, https:\/\/blog.ruehlemanns.de\/wp-content\/uploads\/2018\/04\/wanderschaft_2-440x300.jpg 440w\" sizes=\"(max-width: 880px) 100vw, 880px\" \/><\/a><\/p>\n<p>Meine Ausbildung mit der Fachrichtung Staudenbau habe ich im Botanischen Garten in Bonn gemacht. Vielleicht k\u00f6nnt ihr euch vorstellen, dass wir da nicht viel von der Vermarktung von Jungpflanzen direkt mitbekommen haben, da es eher um Park- und Beetpflege ging. Deswegen ist es f\u00fcr mich total spannend hier mit dabei zu sein. Wie l\u00e4uft so eine Verkaufs- und Versandsaison in einem Produktionsbetrieb ab? Was f\u00fcr Arbeits-schritte sind da alles n\u00f6tig, damit der Kunde am Ende ein tolles Produkt in H\u00e4nden h\u00e4lt? Hochspannend!<\/p>\n<p><a href=\"https:\/\/blog.ruehlemanns.de\/wp-content\/uploads\/2018\/04\/wanderschaft_3.jpg\"><img decoding=\"async\" class=\"alignnone size-full wp-image-9390\" src=\"https:\/\/blog.ruehlemanns.de\/wp-content\/uploads\/2018\/04\/wanderschaft_3.jpg\" alt=\"\" width=\"880\" height=\"600\" srcset=\"https:\/\/blog.ruehlemanns.de\/wp-content\/uploads\/2018\/04\/wanderschaft_3.jpg 880w, https:\/\/blog.ruehlemanns.de\/wp-content\/uploads\/2018\/04\/wanderschaft_3-300x205.jpg 300w, https:\/\/blog.ruehlemanns.de\/wp-content\/uploads\/2018\/04\/wanderschaft_3-768x524.jpg 768w, https:\/\/blog.ruehlemanns.de\/wp-content\/uploads\/2018\/04\/wanderschaft_3-440x300.jpg 440w\" sizes=\"(max-width: 880px) 100vw, 880px\" \/><\/a><\/p>\n<p>Und nat\u00fcrlich, aber das muss ich euch ja \u00fcberhaupt nicht nochmal sagen, dieses abgefahrene Sortiment. In Ausz\u00fcgen kenne ich doch schon so manches Pfl\u00e4nzchen, was ich hier als Vorkommissioniererin in die Hand nehme, auf die eine oder andere Art.<br \/>\nSo wundervoll sind jedoch dann immer wieder f\u00fcr mich die tollen \u00dcberraschungen, die spontan um die Ecke kommen. Am meisten freue ich mich im Moment, wenn ich <strong><a href=\"http:\/\/www.kraeuter-und-duftpflanzen.de\/search?sSearch=pog02\" target=\"_blank\" rel=\"noopener\">Javanisches Patchouli<\/a><\/strong>, <a href=\"http:\/\/www.kraeuter-und-duftpflanzen.de\/search?sSearch=ele01\" target=\"_blank\" rel=\"noopener\"><strong>Kardamom<\/strong><\/a> oder den <a href=\"http:\/\/www.kraeuter-und-duftpflanzen.de\/search?sSearch=Minzstrauch\" target=\"_blank\" rel=\"noopener\"><strong>Minzstrauch<\/strong><\/a> abpacken darf, so tolle Ger\u00fcche und ich brauche ab und an einen Moment l\u00e4nger um die perfekte Pflanze auszusuchen, nur um mich selber an ihnen erfreuen zu k\u00f6nnen.<\/p>\n<p><a href=\"https:\/\/blog.ruehlemanns.de\/wp-content\/uploads\/2018\/04\/wanderschaft_4.jpg\"><img loading=\"lazy\" decoding=\"async\" class=\"alignnone size-full wp-image-9391\" src=\"https:\/\/blog.ruehlemanns.de\/wp-content\/uploads\/2018\/04\/wanderschaft_4.jpg\" alt=\"\" width=\"880\" height=\"600\" srcset=\"https:\/\/blog.ruehlemanns.de\/wp-content\/uploads\/2018\/04\/wanderschaft_4.jpg 880w, https:\/\/blog.ruehlemanns.de\/wp-content\/uploads\/2018\/04\/wanderschaft_4-300x205.jpg 300w, https:\/\/blog.ruehlemanns.de\/wp-content\/uploads\/2018\/04\/wanderschaft_4-768x524.jpg 768w, https:\/\/blog.ruehlemanns.de\/wp-content\/uploads\/2018\/04\/wanderschaft_4-440x300.jpg 440w\" sizes=\"(max-width: 880px) 100vw, 880px\" \/><\/a><\/p>\n<p>Ich habe sehr viel Spa\u00df hier. Leider bin ich nur den April in der G\u00e4rtnerei, denn im Mai wird es f\u00fcr mich mit einer befreundeten Gesellin auf in Richtung Frankreich gehen. Da wollen wir uns dann den Fr\u00fchling und den Fr\u00fchsommer mal umschauen. Ich m\u00f6chte gerne an den Atlantik zu einem Salzbauern und mal mitbekommen, wie eigentlich unser allseits bekanntes Meersalz gewonnen wird. Und vielleicht schaffen wir es ja nach Grasse um uns von den Parf\u00fcm\u00f6lherstellern zur Lavendelernte anheuern zu lassen. Wir werden uns treiben lassen und schauen, wo uns der Wind hinweht.<\/p>\n<p>Ich w\u00fcnsche euch allen einen wunderbaren Gartensaisonstart mit tollen gro\u00dfen und kleinen Gl\u00fccksmomenten und gr\u00fc\u00dfe euch mit einem Zitat von Wilhelm Busch, das uns Gesellen \u00fcber die Zeit ein liebgewordener Sinnspruch geworden ist:<\/p>\n<p><strong>&#8222;Drum, Mensch, sei zeitig weise! H\u00f6chste Zeit ist\u2019s! Reise, reise!&#8220;<\/strong><\/p>\n","protected":false},"excerpt":{"rendered":"<p>\u201eSie waren Schreiner, Maurer, Steinmetz, Schmied und ein Zimmermann, fast 1000 Jahre her, dass ihre Wanderschaft begann&#8230;\u201c Kennt jemand von euch vielleicht diese Zeile? Das Lied \u201e3 Jahre und ein Tag\u201c von dem Liedermacher Reinhard Mey, wo er \u00fcber die Handwerker singt, die nach ihrer Ausbildung auf traditionelle Wanderschaft gehen, auch Tippelei oder Walz genannt? [&hellip;]<\/p>\n","protected":false},"author":11853,"featured_media":0,"comment_status":"open","ping_status":"open","sticky":false,"template":"","format":"standard","meta":{"site-sidebar-layout":"default","site-content-layout":"","ast-site-content-layout":"default","site-content-style":"default","site-sidebar-style":"default","ast-global-header-display":"","ast-banner-title-visibility":"","ast-main-header-display":"","ast-hfb-above-header-display":"","ast-hfb-below-header-display":"","ast-hfb-mobile-header-display":"","site-post-title":"","ast-breadcrumbs-content":"","ast-featured-img":"","footer-sml-layout":"","ast-disable-related-posts":"","theme-transparent-header-meta":"","adv-header-id-meta":"","stick-header-meta":"","header-above-stick-meta":"","header-main-stick-meta":"","header-below-stick-meta":"","astra-migrate-meta-layouts":"default","ast-page-background-enabled":"default","ast-page-background-meta":{"desktop":{"background-color":"var(--ast-global-color-4)","background-image":"","background-repeat":"repeat","background-position":"center center","background-size":"auto","background-attachment":"scroll","background-type":"","background-media":"","overlay-type":"","overlay-color":"","overlay-opacity":"","overlay-gradient":""},"tablet":{"background-color":"","background-image":"","background-repeat":"repeat","background-position":"center center","background-size":"auto","background-attachment":"scroll","background-type":"","background-media":"","overlay-type":"","overlay-color":"","overlay-opacity":"","overlay-gradient":""},"mobile":{"background-color":"","background-image":"","background-repeat":"repeat","background-position":"center center","background-size":"auto","background-attachment":"scroll","background-type":"","background-media":"","overlay-type":"","overlay-color":"","overlay-opacity":"","overlay-gradient":""}},"ast-content-background-meta":{"desktop":{"background-color":"var(--ast-global-color-5)","background-image":"","background-repeat":"repeat","background-position":"center center","background-size":"auto","background-attachment":"scroll","background-type":"","background-media":"","overlay-type":"","overlay-color":"","overlay-opacity":"","overlay-gradient":""},"tablet":{"background-color":"var(--ast-global-color-5)","background-image":"","background-repeat":"repeat","background-position":"center center","background-size":"auto","background-attachment":"scroll","background-type":"","background-media":"","overlay-type":"","overlay-color":"","overlay-opacity":"","overlay-gradient":""},"mobile":{"background-color":"var(--ast-global-color-5)","background-image":"","background-repeat":"repeat","background-position":"center center","background-size":"auto","background-attachment":"scroll","background-type":"","background-media":"","overlay-type":"","overlay-color":"","overlay-opacity":"","overlay-gradient":""}},"footnotes":""},"categories":[5,138],"tags":[],"class_list":["post-9383","post","type-post","status-publish","format-standard","hentry","category-allemein","category-mitarbeiter"],"_links":{"self":[{"href":"https:\/\/blog.ruehlemanns.de\/index.php?rest_route=\/wp\/v2\/posts\/9383","targetHints":{"allow":["GET"]}}],"collection":[{"href":"https:\/\/blog.ruehlemanns.de\/index.php?rest_route=\/wp\/v2\/posts"}],"about":[{"href":"https:\/\/blog.ruehlemanns.de\/index.php?rest_route=\/wp\/v2\/types\/post"}],"author":[{"embeddable":true,"href":"https:\/\/blog.ruehlemanns.de\/index.php?rest_route=\/wp\/v2\/users\/11853"}],"replies":[{"embeddable":true,"href":"https:\/\/blog.ruehlemanns.de\/index.php?rest_route=%2Fwp%2Fv2%2Fcomments&post=9383"}],"version-history":[{"count":0,"href":"https:\/\/blog.ruehlemanns.de\/index.php?rest_route=\/wp\/v2\/posts\/9383\/revisions"}],"wp:attachment":[{"href":"https:\/\/blog.ruehlemanns.de\/index.php?rest_route=%2Fwp%2Fv2%2Fmedia&parent=9383"}],"wp:term":[{"taxonomy":"category","embeddable":true,"href":"https:\/\/blog.ruehlemanns.de\/index.php?rest_route=%2Fwp%2Fv2%2Fcategories&post=9383"},{"taxonomy":"post_tag","embeddable":true,"href":"https:\/\/blog.ruehlemanns.de\/index.php?rest_route=%2Fwp%2Fv2%2Ftags&post=9383"}],"curies":[{"name":"wp","href":"https:\/\/api.w.org\/{rel}","templated":true}]}}