{"id":915,"date":"2011-09-16T09:22:55","date_gmt":"2011-09-16T08:22:55","guid":{"rendered":"http:\/\/blog.ruehlemanns.de\/?p=915"},"modified":"2015-02-25T11:53:28","modified_gmt":"2015-02-25T10:53:28","slug":"2012-ist-schluss-mit-fur-diabetiker-geeignet","status":"publish","type":"post","link":"https:\/\/blog.ruehlemanns.de\/?p=915","title":{"rendered":"2012 ist Schluss mit &#8222;f\u00fcr Diabetiker geeignet&#8220;"},"content":{"rendered":"<p>Letzens war ich im Krankenhaus. Im Fahrstuhl las ich sinngem\u00e4\u00df folgendes: <em>Da di\u00e4tische Lebensmittel mehr schaden als nutzen, bieten wir keine Di\u00e4tk\u00fcche mehr an<\/em>.<br \/>\nIch wurde neugierig, fragte mich was dran ist an der Aussage. Im Internet auf der Seite des Bundesministeriums f\u00fcr Ern\u00e4hrung, Landwirtschaft und Verbraucherschutz &#8211; kurz <a href=\"https:\/\/www.bmelv.de\/\">BMELV <\/a>steht: Nach aktuellem wissenschaftlichem Kenntnisstand ben\u00f6tigen Personen mit Diabetes mellitus keine speziellen di\u00e4tetischen Lebensmittel, da f\u00fcr sie inzwischen die gleichen Empfehlungen f\u00fcr eine gesunde Ern\u00e4hrung gelten wie f\u00fcr die Allgemeinbev\u00f6lkerung. <\/p>\n<p>Das Aus f\u00fcr Diabetiker-Lebensmittel d\u00fcrfte f\u00fcr die Lebensmittelwirtschaft erhebliche wirtschaftliche Folgen haben. Nach Sch\u00e4tzungen des Di\u00e4tverbands macht die Branche bisher einen Umsatz von bis zu einer halben Milliarde Euro im Jahr mit speziellen zuckerarmen Produkten. Trotzdem ist ab 2012 Schluss. Der Bundesrat hat der Verordnung zugestimmt. Ab n\u00e4chstes Jahr werden daher keine Lebensmittel mehr im Supermarkt zu finden sein mit der Aufschrift &#8222;f\u00fcr Diabetiker geeignet&#8220; finden k\u00f6nnen. <\/p>\n<p>Was viele nicht wissen: Diabetes ist keinesfalls nur eine &#8222;Zuckerkrankheit&#8220;. Auch Fett- und Eiwei\u00df-Stoffwechsel sind gest\u00f6rt. Deswegen brauchen Diabetiker auch einen gesunden Ern\u00e4hrungsplan. Ich habe es mir ja schon immer gedacht. Nicht der Austausch von Inhaltsstoffen ist sinnvoll, sondern eine sinnvolle Ern\u00e4hrung macht Sinn. <\/p>\n<p>Patricia R\u00fchlemann <\/p>\n","protected":false},"excerpt":{"rendered":"<p>Letzens war ich im Krankenhaus. Im Fahrstuhl las ich sinngem\u00e4\u00df folgendes: Da di\u00e4tische Lebensmittel mehr schaden als nutzen, bieten wir keine Di\u00e4tk\u00fcche mehr an. Ich wurde neugierig, fragte mich was dran ist an der Aussage. Im Internet auf der Seite des Bundesministeriums f\u00fcr Ern\u00e4hrung, Landwirtschaft und Verbraucherschutz &#8211; kurz BMELV steht: Nach aktuellem wissenschaftlichem Kenntnisstand [&hellip;]<\/p>\n","protected":false},"author":605,"featured_media":0,"comment_status":"open","ping_status":"open","sticky":false,"template":"","format":"standard","meta":{"site-sidebar-layout":"default","site-content-layout":"","ast-site-content-layout":"default","site-content-style":"default","site-sidebar-style":"default","ast-global-header-display":"","ast-banner-title-visibility":"","ast-main-header-display":"","ast-hfb-above-header-display":"","ast-hfb-below-header-display":"","ast-hfb-mobile-header-display":"","site-post-title":"","ast-breadcrumbs-content":"","ast-featured-img":"","footer-sml-layout":"","ast-disable-related-posts":"","theme-transparent-header-meta":"","adv-header-id-meta":"","stick-header-meta":"","header-above-stick-meta":"","header-main-stick-meta":"","header-below-stick-meta":"","astra-migrate-meta-layouts":"default","ast-page-background-enabled":"default","ast-page-background-meta":{"desktop":{"background-color":"var(--ast-global-color-4)","background-image":"","background-repeat":"repeat","background-position":"center center","background-size":"auto","background-attachment":"scroll","background-type":"","background-media":"","overlay-type":"","overlay-color":"","overlay-opacity":"","overlay-gradient":""},"tablet":{"background-color":"","background-image":"","background-repeat":"repeat","background-position":"center center","background-size":"auto","background-attachment":"scroll","background-type":"","background-media":"","overlay-type":"","overlay-color":"","overlay-opacity":"","overlay-gradient":""},"mobile":{"background-color":"","background-image":"","background-repeat":"repeat","background-position":"center center","background-size":"auto","background-attachment":"scroll","background-type":"","background-media":"","overlay-type":"","overlay-color":"","overlay-opacity":"","overlay-gradient":""}},"ast-content-background-meta":{"desktop":{"background-color":"var(--ast-global-color-5)","background-image":"","background-repeat":"repeat","background-position":"center center","background-size":"auto","background-attachment":"scroll","background-type":"","background-media":"","overlay-type":"","overlay-color":"","overlay-opacity":"","overlay-gradient":""},"tablet":{"background-color":"var(--ast-global-color-5)","background-image":"","background-repeat":"repeat","background-position":"center center","background-size":"auto","background-attachment":"scroll","background-type":"","background-media":"","overlay-type":"","overlay-color":"","overlay-opacity":"","overlay-gradient":""},"mobile":{"background-color":"var(--ast-global-color-5)","background-image":"","background-repeat":"repeat","background-position":"center center","background-size":"auto","background-attachment":"scroll","background-type":"","background-media":"","overlay-type":"","overlay-color":"","overlay-opacity":"","overlay-gradient":""}},"footnotes":""},"categories":[5,9],"tags":[35],"class_list":["post-915","post","type-post","status-publish","format-standard","hentry","category-allemein","category-allgemeines","tag-diabetes"],"_links":{"self":[{"href":"https:\/\/blog.ruehlemanns.de\/index.php?rest_route=\/wp\/v2\/posts\/915","targetHints":{"allow":["GET"]}}],"collection":[{"href":"https:\/\/blog.ruehlemanns.de\/index.php?rest_route=\/wp\/v2\/posts"}],"about":[{"href":"https:\/\/blog.ruehlemanns.de\/index.php?rest_route=\/wp\/v2\/types\/post"}],"author":[{"embeddable":true,"href":"https:\/\/blog.ruehlemanns.de\/index.php?rest_route=\/wp\/v2\/users\/605"}],"replies":[{"embeddable":true,"href":"https:\/\/blog.ruehlemanns.de\/index.php?rest_route=%2Fwp%2Fv2%2Fcomments&post=915"}],"version-history":[{"count":0,"href":"https:\/\/blog.ruehlemanns.de\/index.php?rest_route=\/wp\/v2\/posts\/915\/revisions"}],"wp:attachment":[{"href":"https:\/\/blog.ruehlemanns.de\/index.php?rest_route=%2Fwp%2Fv2%2Fmedia&parent=915"}],"wp:term":[{"taxonomy":"category","embeddable":true,"href":"https:\/\/blog.ruehlemanns.de\/index.php?rest_route=%2Fwp%2Fv2%2Fcategories&post=915"},{"taxonomy":"post_tag","embeddable":true,"href":"https:\/\/blog.ruehlemanns.de\/index.php?rest_route=%2Fwp%2Fv2%2Ftags&post=915"}],"curies":[{"name":"wp","href":"https:\/\/api.w.org\/{rel}","templated":true}]}}