{"id":896,"date":"2011-07-18T14:16:52","date_gmt":"2011-07-18T13:16:52","guid":{"rendered":"http:\/\/blog.ruehlemanns.de\/?p=896"},"modified":"2016-04-01T09:42:10","modified_gmt":"2016-04-01T08:42:10","slug":"wolf-dieter-storl-der-mit-den-pflanzen-spricht","status":"publish","type":"post","link":"https:\/\/blog.ruehlemanns.de\/?p=896","title":{"rendered":"Wolf-Dieter Storl &#8211; der mit den Pflanzen spricht"},"content":{"rendered":"<p>Einer unserer Kunden kam auf uns zu, um auf die Vortragsreise von Wolf-Dieter Storl hinzuweisen. Dem komme ich gerne nach.<br \/>\nWolf-Dieter Storl ist ein ganz gro\u00dfer Kenner der einheimischen Heilpflanzen. Er wei\u00df um ihre Eigenschaften und Heilkr\u00e4fte, kennt ihre Bedeutung in der Volksmedizin, ihre Rolle in Mythen, Sagen und M\u00e4rchen. Geboren 1942 in Sachsen, ausgewandert in den 50er Jahren nach USA, Biologe und Ethnologe, f\u00fchrte u.a. Feldforschungen bei den Indianern durch &#8211; ist er seit 1986 wieder in Deutschland.<br \/>\n Vom 10.-14.10.2011 ist er in Norddeutschland auf Vortragsreise unterwegs. Er besucht M\u00fcnster, Eckernf\u00f6rde, Ahrensburg, Berlin und Bremen. <\/p>\n<p>An diesen Abenden erz\u00e4hlt Wolf-Dieter Storl von Heilpflanzen und Zauberpflanzen, vom Einklang mit der Natur, vom Ursprung und Weg des Menschen, vom Schamanentum und den Wurzeln unserer Spiritualit\u00e4t. Auf youtube fand ich dieses Video, dass einen kleinen Einblick in sein Leben und in sein Wirken gibt: <\/p>\n<p><iframe width=\"420\" height=\"315\" src=\"https:\/\/www.youtube-nocookie.com\/embed\/pe2V8ElUciQ\" frameborder=\"0\" allowfullscreen><\/iframe><\/p>\n<p>Karten gibt es zum Beispiel bei<br \/>\nseitenpfade<\/p>\n<p>Patricia R\u00fchlemann <\/p>\n","protected":false},"excerpt":{"rendered":"<p>Einer unserer Kunden kam auf uns zu, um auf die Vortragsreise von Wolf-Dieter Storl hinzuweisen. Dem komme ich gerne nach. Wolf-Dieter Storl ist ein ganz gro\u00dfer Kenner der einheimischen Heilpflanzen. Er wei\u00df um ihre Eigenschaften und Heilkr\u00e4fte, kennt ihre Bedeutung in der Volksmedizin, ihre Rolle in Mythen, Sagen und M\u00e4rchen. Geboren 1942 in Sachsen, ausgewandert [&hellip;]<\/p>\n","protected":false},"author":605,"featured_media":0,"comment_status":"open","ping_status":"open","sticky":false,"template":"","format":"standard","meta":{"site-sidebar-layout":"default","site-content-layout":"","ast-site-content-layout":"default","site-content-style":"default","site-sidebar-style":"default","ast-global-header-display":"","ast-banner-title-visibility":"","ast-main-header-display":"","ast-hfb-above-header-display":"","ast-hfb-below-header-display":"","ast-hfb-mobile-header-display":"","site-post-title":"","ast-breadcrumbs-content":"","ast-featured-img":"","footer-sml-layout":"","ast-disable-related-posts":"","theme-transparent-header-meta":"","adv-header-id-meta":"","stick-header-meta":"","header-above-stick-meta":"","header-main-stick-meta":"","header-below-stick-meta":"","astra-migrate-meta-layouts":"default","ast-page-background-enabled":"default","ast-page-background-meta":{"desktop":{"background-color":"var(--ast-global-color-4)","background-image":"","background-repeat":"repeat","background-position":"center center","background-size":"auto","background-attachment":"scroll","background-type":"","background-media":"","overlay-type":"","overlay-color":"","overlay-opacity":"","overlay-gradient":""},"tablet":{"background-color":"","background-image":"","background-repeat":"repeat","background-position":"center center","background-size":"auto","background-attachment":"scroll","background-type":"","background-media":"","overlay-type":"","overlay-color":"","overlay-opacity":"","overlay-gradient":""},"mobile":{"background-color":"","background-image":"","background-repeat":"repeat","background-position":"center center","background-size":"auto","background-attachment":"scroll","background-type":"","background-media":"","overlay-type":"","overlay-color":"","overlay-opacity":"","overlay-gradient":""}},"ast-content-background-meta":{"desktop":{"background-color":"var(--ast-global-color-5)","background-image":"","background-repeat":"repeat","background-position":"center center","background-size":"auto","background-attachment":"scroll","background-type":"","background-media":"","overlay-type":"","overlay-color":"","overlay-opacity":"","overlay-gradient":""},"tablet":{"background-color":"var(--ast-global-color-5)","background-image":"","background-repeat":"repeat","background-position":"center center","background-size":"auto","background-attachment":"scroll","background-type":"","background-media":"","overlay-type":"","overlay-color":"","overlay-opacity":"","overlay-gradient":""},"mobile":{"background-color":"var(--ast-global-color-5)","background-image":"","background-repeat":"repeat","background-position":"center center","background-size":"auto","background-attachment":"scroll","background-type":"","background-media":"","overlay-type":"","overlay-color":"","overlay-opacity":"","overlay-gradient":""}},"footnotes":""},"categories":[9,10],"tags":[],"class_list":["post-896","post","type-post","status-publish","format-standard","hentry","category-allgemeines","category-videos"],"_links":{"self":[{"href":"https:\/\/blog.ruehlemanns.de\/index.php?rest_route=\/wp\/v2\/posts\/896","targetHints":{"allow":["GET"]}}],"collection":[{"href":"https:\/\/blog.ruehlemanns.de\/index.php?rest_route=\/wp\/v2\/posts"}],"about":[{"href":"https:\/\/blog.ruehlemanns.de\/index.php?rest_route=\/wp\/v2\/types\/post"}],"author":[{"embeddable":true,"href":"https:\/\/blog.ruehlemanns.de\/index.php?rest_route=\/wp\/v2\/users\/605"}],"replies":[{"embeddable":true,"href":"https:\/\/blog.ruehlemanns.de\/index.php?rest_route=%2Fwp%2Fv2%2Fcomments&post=896"}],"version-history":[{"count":0,"href":"https:\/\/blog.ruehlemanns.de\/index.php?rest_route=\/wp\/v2\/posts\/896\/revisions"}],"wp:attachment":[{"href":"https:\/\/blog.ruehlemanns.de\/index.php?rest_route=%2Fwp%2Fv2%2Fmedia&parent=896"}],"wp:term":[{"taxonomy":"category","embeddable":true,"href":"https:\/\/blog.ruehlemanns.de\/index.php?rest_route=%2Fwp%2Fv2%2Fcategories&post=896"},{"taxonomy":"post_tag","embeddable":true,"href":"https:\/\/blog.ruehlemanns.de\/index.php?rest_route=%2Fwp%2Fv2%2Ftags&post=896"}],"curies":[{"name":"wp","href":"https:\/\/api.w.org\/{rel}","templated":true}]}}