{"id":883,"date":"2011-06-05T14:20:23","date_gmt":"2011-06-05T13:20:23","guid":{"rendered":"http:\/\/blog.ruehlemanns.de\/?p=883"},"modified":"2011-06-05T14:20:23","modified_gmt":"2011-06-05T13:20:23","slug":"jubilaumskalender-und-krautertag","status":"publish","type":"post","link":"https:\/\/blog.ruehlemanns.de\/?p=883","title":{"rendered":"Jubil\u00e4umskalender und Kr\u00e4utertag"},"content":{"rendered":"<p>Im Katalog hatten wir ihn ja schon angek\u00fcndigt &#8211; den Jubil\u00e4umskalender. Dann Schaffenskrise. Mir fiel einfach nichts ein. Wie soll er aussehen, wie gro\u00df usw. In den Gesch\u00e4ften sah ich Gartenkalender ohne Ende u n d ich bin keine G\u00e4rtnerin.  Geworden ist es schlie\u00dflich ein Dauerkalender, indem ich Geburtstage eintrage. Mein erstes eigenes Projekt. &#8211; Als ich ihn endlich fertig hatte, gab es Schwierigkeiten mit der Druckerei. Daniel meint, dass ist das Normale &#8211; aber f\u00fcr mich war es neu. Die ersten Exemplare waren anders geheftet worden, als per PDF bestellt. 500 DIN A4 Exemplare habe ich drucken lassen und 1000 DIN A3. Die f\u00fcnhundert Kalender sind inzwischen vergriffen. Von den 1.000 sind noch etwa 650 da. Wir verschenken ihn hier vor Ort. Und nat\u00fcrlich haben ihn unsere Gewinner erhalten und haben hoffentlich ihre Freude damit. <\/p>\n<p>Am Sonntag, den 19.Juni 2011 ist Kr\u00e4utertag.  20 Jahre R\u00fchlemann\u00b4s. Das haben mein Mann und ich zum Anlass genommen ein gemeinsames Buffet mit Ursula Schr\u00f6der auf die Beine zu stellen, in dem sowohl Gerichte von ihr, als auch Gerichte von Daniel und mir zum Kosten vorhanden sein werden. Im Moment experimentiere ich daf\u00fcr mit Kr\u00e4utereis. Auch wird es eine Kr\u00e4utersuppe und ein neues Willkommensgetr\u00e4nk geben. Die Kinder k\u00f6nnen sich bei uns wieder auf der H\u00fcpfburg austoben. <\/p>\n<p>Ihre Patricia R\u00fchlemann <\/p>\n","protected":false},"excerpt":{"rendered":"<p>Im Katalog hatten wir ihn ja schon angek\u00fcndigt &#8211; den Jubil\u00e4umskalender. Dann Schaffenskrise. Mir fiel einfach nichts ein. Wie soll er aussehen, wie gro\u00df usw. In den Gesch\u00e4ften sah ich Gartenkalender ohne Ende u n d ich bin keine G\u00e4rtnerin. Geworden ist es schlie\u00dflich ein Dauerkalender, indem ich Geburtstage eintrage. Mein erstes eigenes Projekt. &#8211; [&hellip;]<\/p>\n","protected":false},"author":605,"featured_media":0,"comment_status":"open","ping_status":"open","sticky":false,"template":"","format":"standard","meta":{"site-sidebar-layout":"default","site-content-layout":"","ast-site-content-layout":"default","site-content-style":"default","site-sidebar-style":"default","ast-global-header-display":"","ast-banner-title-visibility":"","ast-main-header-display":"","ast-hfb-above-header-display":"","ast-hfb-below-header-display":"","ast-hfb-mobile-header-display":"","site-post-title":"","ast-breadcrumbs-content":"","ast-featured-img":"","footer-sml-layout":"","ast-disable-related-posts":"","theme-transparent-header-meta":"","adv-header-id-meta":"","stick-header-meta":"","header-above-stick-meta":"","header-main-stick-meta":"","header-below-stick-meta":"","astra-migrate-meta-layouts":"default","ast-page-background-enabled":"default","ast-page-background-meta":{"desktop":{"background-color":"var(--ast-global-color-4)","background-image":"","background-repeat":"repeat","background-position":"center center","background-size":"auto","background-attachment":"scroll","background-type":"","background-media":"","overlay-type":"","overlay-color":"","overlay-opacity":"","overlay-gradient":""},"tablet":{"background-color":"","background-image":"","background-repeat":"repeat","background-position":"center center","background-size":"auto","background-attachment":"scroll","background-type":"","background-media":"","overlay-type":"","overlay-color":"","overlay-opacity":"","overlay-gradient":""},"mobile":{"background-color":"","background-image":"","background-repeat":"repeat","background-position":"center center","background-size":"auto","background-attachment":"scroll","background-type":"","background-media":"","overlay-type":"","overlay-color":"","overlay-opacity":"","overlay-gradient":""}},"ast-content-background-meta":{"desktop":{"background-color":"var(--ast-global-color-5)","background-image":"","background-repeat":"repeat","background-position":"center center","background-size":"auto","background-attachment":"scroll","background-type":"","background-media":"","overlay-type":"","overlay-color":"","overlay-opacity":"","overlay-gradient":""},"tablet":{"background-color":"var(--ast-global-color-5)","background-image":"","background-repeat":"repeat","background-position":"center center","background-size":"auto","background-attachment":"scroll","background-type":"","background-media":"","overlay-type":"","overlay-color":"","overlay-opacity":"","overlay-gradient":""},"mobile":{"background-color":"var(--ast-global-color-5)","background-image":"","background-repeat":"repeat","background-position":"center center","background-size":"auto","background-attachment":"scroll","background-type":"","background-media":"","overlay-type":"","overlay-color":"","overlay-opacity":"","overlay-gradient":""}},"footnotes":""},"categories":[5,7],"tags":[],"class_list":["post-883","post","type-post","status-publish","format-standard","hentry","category-allemein","category-allgemein"],"_links":{"self":[{"href":"https:\/\/blog.ruehlemanns.de\/index.php?rest_route=\/wp\/v2\/posts\/883","targetHints":{"allow":["GET"]}}],"collection":[{"href":"https:\/\/blog.ruehlemanns.de\/index.php?rest_route=\/wp\/v2\/posts"}],"about":[{"href":"https:\/\/blog.ruehlemanns.de\/index.php?rest_route=\/wp\/v2\/types\/post"}],"author":[{"embeddable":true,"href":"https:\/\/blog.ruehlemanns.de\/index.php?rest_route=\/wp\/v2\/users\/605"}],"replies":[{"embeddable":true,"href":"https:\/\/blog.ruehlemanns.de\/index.php?rest_route=%2Fwp%2Fv2%2Fcomments&post=883"}],"version-history":[{"count":0,"href":"https:\/\/blog.ruehlemanns.de\/index.php?rest_route=\/wp\/v2\/posts\/883\/revisions"}],"wp:attachment":[{"href":"https:\/\/blog.ruehlemanns.de\/index.php?rest_route=%2Fwp%2Fv2%2Fmedia&parent=883"}],"wp:term":[{"taxonomy":"category","embeddable":true,"href":"https:\/\/blog.ruehlemanns.de\/index.php?rest_route=%2Fwp%2Fv2%2Fcategories&post=883"},{"taxonomy":"post_tag","embeddable":true,"href":"https:\/\/blog.ruehlemanns.de\/index.php?rest_route=%2Fwp%2Fv2%2Ftags&post=883"}],"curies":[{"name":"wp","href":"https:\/\/api.w.org\/{rel}","templated":true}]}}