{"id":84,"date":"2008-04-02T16:26:17","date_gmt":"2008-04-02T15:26:17","guid":{"rendered":"http:\/\/blog.ruehlemanns.de\/?p=84"},"modified":"2008-04-02T16:26:17","modified_gmt":"2008-04-02T15:26:17","slug":"kein-aprilscherz-die-saison-beginnt","status":"publish","type":"post","link":"https:\/\/blog.ruehlemanns.de\/?p=84","title":{"rendered":"Kein Aprilscherz &#8211; die Saison beginnt!!"},"content":{"rendered":"<p>Heute ist der 1. April, f\u00fcr uns der Saisonbeginn 2008. Das bedeutet die Er\u00f6ffnung unseres Direktverkaufs und dass unser Versand ab heute auf Hochtouren l\u00e4uft.<\/p>\n<p>Die Sonne geht auf&#8230;es kann losgehen!<\/p>\n<p><a title=\"{saisonstart} Die Sonne geht auf\u2026es kann losgehen!\" href=\"https:\/\/blog.ruehlemanns.de\/wp-content\/uploads\/2008\/04\/verkauf_20080401-081009-004-blog.jpg\"><img decoding=\"async\" src=\"https:\/\/blog.ruehlemanns.de\/wp-content\/uploads\/2008\/04\/verkauf_20080401-081009-004-blog.thumbnail.jpg\" alt=\"{saisonstart} Die Sonne geht auf\u2026es kann losgehen!\" \/><\/a><\/p>\n<p>Andrea mit unserem &#8222;R\u00fchlemann`s-Schiff&#8220;: Mit dieser tollen Idee hat unser G\u00e4rtnermeister Tobias allen neuen Saisonkr\u00e4ften heute so einen tollen \u00dcberblick \u00fcber unsere Abteilungen gegeben.<\/p>\n<p><a title=\"{saisonstart} Andrea mit unserem R\u00fchlemann`s-Schiff\" href=\"https:\/\/blog.ruehlemanns.de\/wp-content\/uploads\/2008\/04\/schiff-abteilungen_20080401-085714-017-blog.jpg\"> <\/a><\/p>\n<p style=\"text-align: center;\"><a title=\"{saisonstart} Andrea mit unserem R\u00fchlemann`s-Schiff\" href=\"https:\/\/blog.ruehlemanns.de\/wp-content\/uploads\/2008\/04\/schiff-abteilungen_20080401-085714-017-blog.jpg\"><img decoding=\"async\" src=\"https:\/\/blog.ruehlemanns.de\/wp-content\/uploads\/2008\/04\/schiff-abteilungen_20080401-085714-017-blog.thumbnail.jpg\" alt=\"{saisonstart} Andrea mit unserem R\u00fchlemann`s-Schiff\" \/><\/a><\/p>\n<p>Wo in unserem Verkaufshaus &#8222;Oase&#8220; \u00fcber den Winter unsere Pflanzen schliefen und unsere Katalogberge lagerten, steht ab heute unser Verkaufsteam bereit: Nici, unsere Verkaufsleiterin Nancy, Andrea, Simone, Anett und Tanja.<\/p>\n<p><a title=\"{saisonstart} Wo in unserem Verkaufshaus \u201cOase\u201d \u00fcber den Winter unsere Pflanzen schliefen und unsere Katalogberge lagerten\u2026\" href=\"https:\/\/blog.ruehlemanns.de\/wp-content\/uploads\/2008\/04\/oase_20080313-115527-006-blog.jpg\"><img decoding=\"async\" src=\"https:\/\/blog.ruehlemanns.de\/wp-content\/uploads\/2008\/04\/oase_20080313-115527-006-blog.thumbnail.jpg\" alt=\"{saisonstart} Wo in unserem Verkaufshaus \u201cOase\u201d \u00fcber den Winter unsere Pflanzen schliefen und unsere Katalogberge lagerten\u2026\" \/><\/a><\/p>\n<p><a title=\"{saisonstart} \u2026steht ab heute unser Verkaufsteam bereit: Nici, unsere Verkaufsleiterin Nancy, Andrea, Simone, Anett und Tanja\" href=\"https:\/\/blog.ruehlemanns.de\/wp-content\/uploads\/2008\/04\/verkauf-team-2008_20080401-091851-011-blog.jpg\"><img decoding=\"async\" src=\"https:\/\/blog.ruehlemanns.de\/wp-content\/uploads\/2008\/04\/verkauf-team-2008_20080401-091851-011-blog.thumbnail.jpg\" alt=\"{saisonstart} \u2026steht ab heute unser Verkaufsteam bereit: Nici, unsere Verkaufsleiterin Nancy, Andrea, Simone, Anett und Tanja\" \/><\/a><\/p>\n<p>In dieser Saison haben wir unseren Direktverkauf Montags-Mittwochs von 12-15 Uhr und Donnerstags bis Samstags von 10-18 Uhr f\u00fcr Sie ge\u00f6ffnet.<\/p>\n<p>\u00dcber die kalten Tage war unsere Oase Lagerfl\u00e4che f\u00fcr unsere Stecklinge, doch ab heute k\u00f6nnen Sie hier an unseren neuen Verkaufsschildern vorbeischlendern und sich nach Herzenslust Pflanzen aussuchen.<\/p>\n<p><a title=\"{saisonstart} \u00dcber die kalten Tage war unsere Oase Lagerfl\u00e4che f\u00fcr unsere Stecklinge\" href=\"https:\/\/blog.ruehlemanns.de\/wp-content\/uploads\/2008\/04\/oase_20080313-115326-001-blog.jpg\"><img decoding=\"async\" src=\"https:\/\/blog.ruehlemanns.de\/wp-content\/uploads\/2008\/04\/oase_20080313-115326-001-blog.thumbnail.jpg\" alt=\"{saisonstart} \u00dcber die kalten Tage war unsere Oase Lagerfl\u00e4che f\u00fcr unsere Stecklinge\" \/><\/a><\/p>\n<p><a title=\"{saisonstart} \u2026ab heute k\u00f6nnen Sie hier an unseren neuen Verkaufsschildern vorbeischlendern und nach Herzenslust Pflanzen aussuchen\" href=\"https:\/\/blog.ruehlemanns.de\/wp-content\/uploads\/2008\/04\/verkauf_20080401-104102-001-blog.jpg\"><img decoding=\"async\" src=\"https:\/\/blog.ruehlemanns.de\/wp-content\/uploads\/2008\/04\/verkauf_20080401-104102-001-blog.thumbnail.jpg\" alt=\"{saisonstart} \u2026ab heute k\u00f6nnen Sie hier an unseren neuen Verkaufsschildern vorbeischlendern und nach Herzenslust Pflanzen aussuchen\" \/><\/a><\/p>\n<p>In einer einmalig eindrucksvollen R\u00e4ucher-Rassel-Zeremonie tanzt Daniel mit rasselndem Team durch die ganze G\u00e4rtnerei.<\/p>\n<p><a title=\"{saisonstart} R\u00e4ucher-Rassel-Zeremonie 1\" href=\"https:\/\/blog.ruehlemanns.de\/wp-content\/uploads\/2008\/04\/raeuchern-rasseln_20080401-105315-066-blog.jpg\"><img decoding=\"async\" src=\"https:\/\/blog.ruehlemanns.de\/wp-content\/uploads\/2008\/04\/raeuchern-rasseln_20080401-105315-066-blog.thumbnail.jpg\" alt=\"{saisonstart} R\u00e4ucher-Rassel-Zeremonie 1\" \/><\/a><\/p>\n<p><a title=\"{saisonstart} R\u00e4ucher-Rassel-Zeremonie 2\" href=\"https:\/\/blog.ruehlemanns.de\/wp-content\/uploads\/2008\/04\/raeuchern-rasseln_20080401-104754-092.jpg\"><img decoding=\"async\" src=\"https:\/\/blog.ruehlemanns.de\/wp-content\/uploads\/2008\/04\/raeuchern-rasseln_20080401-104754-092.thumbnail.jpg\" alt=\"{saisonstart} R\u00e4ucher-Rassel-Zeremonie 2\" \/><\/a><\/p>\n<p><a title=\"{saisonstart} R\u00e4ucher-Rassel-Zeremonie 3\" href=\"https:\/\/blog.ruehlemanns.de\/wp-content\/uploads\/2008\/04\/raeuchern-rasseln_20080401-105824-011.jpg\"> <\/a><\/p>\n<p style=\"text-align: center;\"><a title=\"{saisonstart} R\u00e4ucher-Rassel-Zeremonie 3\" href=\"https:\/\/blog.ruehlemanns.de\/wp-content\/uploads\/2008\/04\/raeuchern-rasseln_20080401-105824-011.jpg\"><img decoding=\"async\" src=\"https:\/\/blog.ruehlemanns.de\/wp-content\/uploads\/2008\/04\/raeuchern-rasseln_20080401-105824-011.thumbnail.jpg\" alt=\"{saisonstart} R\u00e4ucher-Rassel-Zeremonie 3\" \/><\/a><\/p>\n<p>Und hier ein Blick hinter die Kulisse \ud83d\ude42 .<\/p>\n<p><a title=\"{saisonstart} Christian und Boris\" href=\"https:\/\/blog.ruehlemanns.de\/wp-content\/uploads\/2008\/04\/img_0105-blog.jpg\"><img decoding=\"async\" src=\"https:\/\/blog.ruehlemanns.de\/wp-content\/uploads\/2008\/04\/img_0105-blog.thumbnail.jpg\" alt=\"{saisonstart} Christian und Boris\" \/><\/a><\/p>\n<p>Nach diesem kr\u00e4fteraubenden Happening gibt es nat\u00fcrlich eine St\u00e4rkung: Mahoya-Kekse. Mmmhh, lecker&#8230;mit Lavendel drin!<\/p>\n<p><a title=\"{saisonstart} Mmmmhh\u2026ahoya-Kekse\" href=\"https:\/\/blog.ruehlemanns.de\/wp-content\/uploads\/2008\/04\/kekse_20080401-090210-005-blog.jpg\"><img decoding=\"async\" src=\"https:\/\/blog.ruehlemanns.de\/wp-content\/uploads\/2008\/04\/kekse_20080401-090210-005-blog.thumbnail.jpg\" alt=\"{saisonstart} Mmmmhh\u2026ahoya-Kekse\" \/><\/a><\/p>\n<p>Wir geben t\u00fcchtig Gas, damit unser Video von der Er\u00f6ffnung auch schnell hier zu sehen ist! Dort besuchen wir unter anderem den Versand.<\/p>\n<p>Bis dahin!<\/p>\n<p class=\"fotonachweis\">Fotos: Daniel R\u00fchlemann<\/p>\n","protected":false},"excerpt":{"rendered":"<p>Heute ist der 1. April, f\u00fcr uns der Saisonbeginn 2008. Das bedeutet die Er\u00f6ffnung unseres Direktverkaufs und dass unser Versand ab heute auf Hochtouren l\u00e4uft. Die Sonne geht auf&#8230;es kann losgehen! Andrea mit unserem &#8222;R\u00fchlemann`s-Schiff&#8220;: Mit dieser tollen Idee hat unser G\u00e4rtnermeister Tobias allen neuen Saisonkr\u00e4ften heute so einen tollen \u00dcberblick \u00fcber unsere Abteilungen gegeben. [&hellip;]<\/p>\n","protected":false},"author":604,"featured_media":0,"comment_status":"open","ping_status":"open","sticky":false,"template":"","format":"standard","meta":{"site-sidebar-layout":"default","site-content-layout":"","ast-site-content-layout":"default","site-content-style":"default","site-sidebar-style":"default","ast-global-header-display":"","ast-banner-title-visibility":"","ast-main-header-display":"","ast-hfb-above-header-display":"","ast-hfb-below-header-display":"","ast-hfb-mobile-header-display":"","site-post-title":"","ast-breadcrumbs-content":"","ast-featured-img":"","footer-sml-layout":"","ast-disable-related-posts":"","theme-transparent-header-meta":"","adv-header-id-meta":"","stick-header-meta":"","header-above-stick-meta":"","header-main-stick-meta":"","header-below-stick-meta":"","astra-migrate-meta-layouts":"default","ast-page-background-enabled":"default","ast-page-background-meta":{"desktop":{"background-color":"var(--ast-global-color-4)","background-image":"","background-repeat":"repeat","background-position":"center center","background-size":"auto","background-attachment":"scroll","background-type":"","background-media":"","overlay-type":"","overlay-color":"","overlay-opacity":"","overlay-gradient":""},"tablet":{"background-color":"","background-image":"","background-repeat":"repeat","background-position":"center center","background-size":"auto","background-attachment":"scroll","background-type":"","background-media":"","overlay-type":"","overlay-color":"","overlay-opacity":"","overlay-gradient":""},"mobile":{"background-color":"","background-image":"","background-repeat":"repeat","background-position":"center center","background-size":"auto","background-attachment":"scroll","background-type":"","background-media":"","overlay-type":"","overlay-color":"","overlay-opacity":"","overlay-gradient":""}},"ast-content-background-meta":{"desktop":{"background-color":"var(--ast-global-color-5)","background-image":"","background-repeat":"repeat","background-position":"center center","background-size":"auto","background-attachment":"scroll","background-type":"","background-media":"","overlay-type":"","overlay-color":"","overlay-opacity":"","overlay-gradient":""},"tablet":{"background-color":"var(--ast-global-color-5)","background-image":"","background-repeat":"repeat","background-position":"center center","background-size":"auto","background-attachment":"scroll","background-type":"","background-media":"","overlay-type":"","overlay-color":"","overlay-opacity":"","overlay-gradient":""},"mobile":{"background-color":"var(--ast-global-color-5)","background-image":"","background-repeat":"repeat","background-position":"center center","background-size":"auto","background-attachment":"scroll","background-type":"","background-media":"","overlay-type":"","overlay-color":"","overlay-opacity":"","overlay-gradient":""}},"footnotes":""},"categories":[9],"tags":[152,101,107],"class_list":["post-84","post","type-post","status-publish","format-standard","hentry","category-allgemeines","tag-allemein","tag-rauchern","tag-saisonstart"],"_links":{"self":[{"href":"https:\/\/blog.ruehlemanns.de\/index.php?rest_route=\/wp\/v2\/posts\/84","targetHints":{"allow":["GET"]}}],"collection":[{"href":"https:\/\/blog.ruehlemanns.de\/index.php?rest_route=\/wp\/v2\/posts"}],"about":[{"href":"https:\/\/blog.ruehlemanns.de\/index.php?rest_route=\/wp\/v2\/types\/post"}],"author":[{"embeddable":true,"href":"https:\/\/blog.ruehlemanns.de\/index.php?rest_route=\/wp\/v2\/users\/604"}],"replies":[{"embeddable":true,"href":"https:\/\/blog.ruehlemanns.de\/index.php?rest_route=%2Fwp%2Fv2%2Fcomments&post=84"}],"version-history":[{"count":0,"href":"https:\/\/blog.ruehlemanns.de\/index.php?rest_route=\/wp\/v2\/posts\/84\/revisions"}],"wp:attachment":[{"href":"https:\/\/blog.ruehlemanns.de\/index.php?rest_route=%2Fwp%2Fv2%2Fmedia&parent=84"}],"wp:term":[{"taxonomy":"category","embeddable":true,"href":"https:\/\/blog.ruehlemanns.de\/index.php?rest_route=%2Fwp%2Fv2%2Fcategories&post=84"},{"taxonomy":"post_tag","embeddable":true,"href":"https:\/\/blog.ruehlemanns.de\/index.php?rest_route=%2Fwp%2Fv2%2Ftags&post=84"}],"curies":[{"name":"wp","href":"https:\/\/api.w.org\/{rel}","templated":true}]}}