{"id":6942,"date":"2017-11-10T12:54:15","date_gmt":"2017-11-10T11:54:15","guid":{"rendered":"https:\/\/blog.ruehlemanns.de\/?p=6942"},"modified":"2017-11-10T14:29:17","modified_gmt":"2017-11-10T13:29:17","slug":"advent-advent-der-gaertner-rennt","status":"publish","type":"post","link":"https:\/\/blog.ruehlemanns.de\/?p=6942","title":{"rendered":"Advent, Advent, der G\u00e4rtner rennt"},"content":{"rendered":"<p>Jedes Jahr die gleiche Frage: Was kann ich in den Adventskalender stecken?<br \/>\nDa fiel mir doch glatt die Kundin wieder ein, die ihrer Mutter, einer passionierten G\u00e4rtnerin, einen Kr\u00e4uter-Saatgut-Adventskalender mitbrachte. Eine wirklich tolle Idee!<\/p>\n<p>F\u00fcr meine liebe Freundin, auch eine Kr\u00e4uterliebhaberin &#8211; der Name wird nat\u00fcrlich nicht verraten -, genau das Richtige. 24 T\u00fctchen mit Wintersaat, noch einmal verpackt oder auch nicht, mit W\u00e4scheklammern an ein sch\u00f6nes rotes Band h\u00e4ngen, Zahlen und etwas Deko dran. Schon fertig. Ich meine, das ist genau die richtige \u00dcberraschung f\u00fcr Kr\u00e4uterfans.<\/p>\n<p><a href=\"https:\/\/blog.ruehlemanns.de\/wp-content\/uploads\/2017\/11\/wintersaat-kalender_1-2.jpg\"><img fetchpriority=\"high\" decoding=\"async\" class=\"alignnone size-full wp-image-6954\" src=\"https:\/\/blog.ruehlemanns.de\/wp-content\/uploads\/2017\/11\/wintersaat-kalender_1-2.jpg\" alt=\"\" width=\"880\" height=\"600\" srcset=\"https:\/\/blog.ruehlemanns.de\/wp-content\/uploads\/2017\/11\/wintersaat-kalender_1-2.jpg 880w, https:\/\/blog.ruehlemanns.de\/wp-content\/uploads\/2017\/11\/wintersaat-kalender_1-2-300x205.jpg 300w, https:\/\/blog.ruehlemanns.de\/wp-content\/uploads\/2017\/11\/wintersaat-kalender_1-2-768x524.jpg 768w, https:\/\/blog.ruehlemanns.de\/wp-content\/uploads\/2017\/11\/wintersaat-kalender_1-2-440x300.jpg 440w\" sizes=\"(max-width: 880px) 100vw, 880px\" \/><\/a><\/p>\n<p>Meine pers\u00f6nlichen Wintersaat-Favoriten: <a href=\"http:\/\/www.kraeuter-und-duftpflanzen.de\/search?sSearch=all21x\" target=\"_blank\" rel=\"noopener\"><strong>Knoblauchsrauke<\/strong><\/a>, <a href=\"http:\/\/www.kraeuter-und-duftpflanzen.de\/search?sSearch=fil01x\" target=\"_blank\" rel=\"noopener\"><strong>M\u00e4des\u00fc\u00df<\/strong><\/a>, <a href=\"http:\/\/www.kraeuter-und-duftpflanzen.de\/search?sSearch=hum18x\" target=\"_blank\" rel=\"noopener\"><strong>Hopfen<\/strong><\/a>, <a href=\"http:\/\/www.kraeuter-und-duftpflanzen.de\/search?sSearch=meu01x\" target=\"_blank\" rel=\"noopener\"><strong>B\u00e4rwurz<\/strong><\/a>, <a href=\"http:\/\/www.kraeuter-und-duftpflanzen.de\/search?sSearch=pas02x\" target=\"_blank\" rel=\"noopener\"><strong>Heilende Passionsblume<\/strong><\/a>, <a href=\"http:\/\/www.kraeuter-und-duftpflanzen.de\/search?sSearch=pel51x\" target=\"_blank\" rel=\"noopener\"><strong>Lauch-Scheibensch\u00f6tchen<\/strong><\/a> \u2026.<br \/>\nMehr finden Sie hier: <a href=\"http:\/\/www.kraeuter-und-duftpflanzen.de\/Wintersaat\" target=\"_blank\" rel=\"noopener\"><strong>Wintersaat<\/strong><\/a><\/p>\n<p>Man kann selbstverst\u00e4ndlich auch Saatgut verwenden, das erst im Fr\u00fchjahr ges\u00e4t wird. Das k\u00f6nnen Sie bis dahin, wenn k\u00fchl und trocken gelagert, bedenkenlos liegenlassen.<\/p>\n<p><strong>Ich w\u00fcnsche Ihnen eine sch\u00f6ne Adventszeit und viel Spa\u00df beim Nachmachen.<\/strong><\/p>\n<p><a href=\"https:\/\/blog.ruehlemanns.de\/wp-content\/uploads\/2017\/11\/wintersaat-kalender_2-2.jpg\"><img decoding=\"async\" class=\"alignnone size-full wp-image-6956\" src=\"https:\/\/blog.ruehlemanns.de\/wp-content\/uploads\/2017\/11\/wintersaat-kalender_2-2.jpg\" alt=\"\" width=\"880\" height=\"600\" srcset=\"https:\/\/blog.ruehlemanns.de\/wp-content\/uploads\/2017\/11\/wintersaat-kalender_2-2.jpg 880w, https:\/\/blog.ruehlemanns.de\/wp-content\/uploads\/2017\/11\/wintersaat-kalender_2-2-300x205.jpg 300w, https:\/\/blog.ruehlemanns.de\/wp-content\/uploads\/2017\/11\/wintersaat-kalender_2-2-768x524.jpg 768w, https:\/\/blog.ruehlemanns.de\/wp-content\/uploads\/2017\/11\/wintersaat-kalender_2-2-440x300.jpg 440w\" sizes=\"(max-width: 880px) 100vw, 880px\" \/><\/a><\/p>\n","protected":false},"excerpt":{"rendered":"<p>Jedes Jahr die gleiche Frage: Was kann ich in den Adventskalender stecken? Da fiel mir doch glatt die Kundin wieder ein, die ihrer Mutter, einer passionierten G\u00e4rtnerin, einen Kr\u00e4uter-Saatgut-Adventskalender mitbrachte. Eine wirklich tolle Idee! F\u00fcr meine liebe Freundin, auch eine Kr\u00e4uterliebhaberin &#8211; der Name wird nat\u00fcrlich nicht verraten -, genau das Richtige. 24 T\u00fctchen mit [&hellip;]<\/p>\n","protected":false},"author":607,"featured_media":0,"comment_status":"open","ping_status":"open","sticky":false,"template":"","format":"standard","meta":{"site-sidebar-layout":"default","site-content-layout":"","ast-site-content-layout":"default","site-content-style":"default","site-sidebar-style":"default","ast-global-header-display":"","ast-banner-title-visibility":"","ast-main-header-display":"","ast-hfb-above-header-display":"","ast-hfb-below-header-display":"","ast-hfb-mobile-header-display":"","site-post-title":"","ast-breadcrumbs-content":"","ast-featured-img":"","footer-sml-layout":"","ast-disable-related-posts":"","theme-transparent-header-meta":"","adv-header-id-meta":"","stick-header-meta":"","header-above-stick-meta":"","header-main-stick-meta":"","header-below-stick-meta":"","astra-migrate-meta-layouts":"default","ast-page-background-enabled":"default","ast-page-background-meta":{"desktop":{"background-color":"var(--ast-global-color-4)","background-image":"","background-repeat":"repeat","background-position":"center center","background-size":"auto","background-attachment":"scroll","background-type":"","background-media":"","overlay-type":"","overlay-color":"","overlay-opacity":"","overlay-gradient":""},"tablet":{"background-color":"","background-image":"","background-repeat":"repeat","background-position":"center center","background-size":"auto","background-attachment":"scroll","background-type":"","background-media":"","overlay-type":"","overlay-color":"","overlay-opacity":"","overlay-gradient":""},"mobile":{"background-color":"","background-image":"","background-repeat":"repeat","background-position":"center center","background-size":"auto","background-attachment":"scroll","background-type":"","background-media":"","overlay-type":"","overlay-color":"","overlay-opacity":"","overlay-gradient":""}},"ast-content-background-meta":{"desktop":{"background-color":"var(--ast-global-color-5)","background-image":"","background-repeat":"repeat","background-position":"center center","background-size":"auto","background-attachment":"scroll","background-type":"","background-media":"","overlay-type":"","overlay-color":"","overlay-opacity":"","overlay-gradient":""},"tablet":{"background-color":"var(--ast-global-color-5)","background-image":"","background-repeat":"repeat","background-position":"center center","background-size":"auto","background-attachment":"scroll","background-type":"","background-media":"","overlay-type":"","overlay-color":"","overlay-opacity":"","overlay-gradient":""},"mobile":{"background-color":"var(--ast-global-color-5)","background-image":"","background-repeat":"repeat","background-position":"center center","background-size":"auto","background-attachment":"scroll","background-type":"","background-media":"","overlay-type":"","overlay-color":"","overlay-opacity":"","overlay-gradient":""}},"footnotes":""},"categories":[3,9],"tags":[],"class_list":["post-6942","post","type-post","status-publish","format-standard","hentry","category-duftpflanzen","category-allgemeines"],"_links":{"self":[{"href":"https:\/\/blog.ruehlemanns.de\/index.php?rest_route=\/wp\/v2\/posts\/6942","targetHints":{"allow":["GET"]}}],"collection":[{"href":"https:\/\/blog.ruehlemanns.de\/index.php?rest_route=\/wp\/v2\/posts"}],"about":[{"href":"https:\/\/blog.ruehlemanns.de\/index.php?rest_route=\/wp\/v2\/types\/post"}],"author":[{"embeddable":true,"href":"https:\/\/blog.ruehlemanns.de\/index.php?rest_route=\/wp\/v2\/users\/607"}],"replies":[{"embeddable":true,"href":"https:\/\/blog.ruehlemanns.de\/index.php?rest_route=%2Fwp%2Fv2%2Fcomments&post=6942"}],"version-history":[{"count":0,"href":"https:\/\/blog.ruehlemanns.de\/index.php?rest_route=\/wp\/v2\/posts\/6942\/revisions"}],"wp:attachment":[{"href":"https:\/\/blog.ruehlemanns.de\/index.php?rest_route=%2Fwp%2Fv2%2Fmedia&parent=6942"}],"wp:term":[{"taxonomy":"category","embeddable":true,"href":"https:\/\/blog.ruehlemanns.de\/index.php?rest_route=%2Fwp%2Fv2%2Fcategories&post=6942"},{"taxonomy":"post_tag","embeddable":true,"href":"https:\/\/blog.ruehlemanns.de\/index.php?rest_route=%2Fwp%2Fv2%2Ftags&post=6942"}],"curies":[{"name":"wp","href":"https:\/\/api.w.org\/{rel}","templated":true}]}}