{"id":6836,"date":"2017-11-03T13:39:39","date_gmt":"2017-11-03T12:39:39","guid":{"rendered":"https:\/\/blog.ruehlemanns.de\/?p=6836"},"modified":"2017-11-03T13:39:39","modified_gmt":"2017-11-03T12:39:39","slug":"kraeuterstraeusse-im-herbst","status":"publish","type":"post","link":"https:\/\/blog.ruehlemanns.de\/?p=6836","title":{"rendered":"Kr\u00e4uterstr\u00e4u\u00dfe im Herbst"},"content":{"rendered":"<p>\u201eOb wir wohl auch im Herbst noch Kr\u00e4uterstr\u00e4u\u00dfe vorstellen k\u00f6nnen?\u201c fragten wir uns im Sommer. Die Antwort: \u201eJa, unbedingt!&#8220;<\/p>\n<p>Es ist wirklich \u00fcberraschend, wieviel Bl\u00fcten und Farben zu finden sind, wenn man nur genau hinschaut. Michaela tat genau dies und hier sind die Ergebnisse!<\/p>\n<p><a href=\"https:\/\/blog.ruehlemanns.de\/wp-content\/uploads\/2017\/11\/herbststrauss_1.jpg\"><img fetchpriority=\"high\" decoding=\"async\" class=\"alignnone size-full wp-image-6837\" src=\"https:\/\/blog.ruehlemanns.de\/wp-content\/uploads\/2017\/11\/herbststrauss_1.jpg\" alt=\"\" width=\"880\" height=\"600\" srcset=\"https:\/\/blog.ruehlemanns.de\/wp-content\/uploads\/2017\/11\/herbststrauss_1.jpg 880w, https:\/\/blog.ruehlemanns.de\/wp-content\/uploads\/2017\/11\/herbststrauss_1-300x205.jpg 300w, https:\/\/blog.ruehlemanns.de\/wp-content\/uploads\/2017\/11\/herbststrauss_1-768x524.jpg 768w, https:\/\/blog.ruehlemanns.de\/wp-content\/uploads\/2017\/11\/herbststrauss_1-440x300.jpg 440w\" sizes=\"(max-width: 880px) 100vw, 880px\" \/><\/a><\/p>\n<p>Die nimmerm\u00fcden Bl\u00fcten von <a href=\"http:\/\/www.kraeuter-und-duftpflanzen.de\/search?sSearch=tag01\" target=\"_blank\" rel=\"noopener\"><strong>Yauthli<\/strong><\/a> und <a href=\"http:\/\/www.kraeuter-und-duftpflanzen.de\/search?sSearch=sol01\" target=\"_blank\" rel=\"noopener\"><strong>Anisgoldrute<\/strong><\/a> zaubern noch im Herbst ein leuchtendes Gelb in Kr\u00e4uterstr\u00e4u\u00dfe. Sch\u00f6ner Kontrast: herbstfarbenes Kraut von <a href=\"http:\/\/www.kraeuter-und-duftpflanzen.de\/search?sSearch=men45\" target=\"_blank\" rel=\"noopener\"><strong>Hillary&#8217;s Sweet Lemon Mint.<\/strong><\/a><\/p>\n<p><strong><a href=\"https:\/\/blog.ruehlemanns.de\/wp-content\/uploads\/2017\/11\/herbststrauss_2.jpg\"><img decoding=\"async\" class=\"alignnone size-full wp-image-6838\" src=\"https:\/\/blog.ruehlemanns.de\/wp-content\/uploads\/2017\/11\/herbststrauss_2.jpg\" alt=\"\" width=\"880\" height=\"600\" srcset=\"https:\/\/blog.ruehlemanns.de\/wp-content\/uploads\/2017\/11\/herbststrauss_2.jpg 880w, https:\/\/blog.ruehlemanns.de\/wp-content\/uploads\/2017\/11\/herbststrauss_2-300x205.jpg 300w, https:\/\/blog.ruehlemanns.de\/wp-content\/uploads\/2017\/11\/herbststrauss_2-768x524.jpg 768w, https:\/\/blog.ruehlemanns.de\/wp-content\/uploads\/2017\/11\/herbststrauss_2-440x300.jpg 440w\" sizes=\"(max-width: 880px) 100vw, 880px\" \/><\/a><\/strong><\/p>\n<p>Auf den Duft und die Bl\u00fcten des <a href=\"http:\/\/www.kraeuter-und-duftpflanzen.de\/search?sSearch=pol15\" target=\"_blank\" rel=\"noopener\"><strong>Fliederkn\u00f6terichs<\/strong><\/a> freute Michaela sich schon das ganze Jahr. Im Oktober war es dann so weit: zusammen mit den Bl\u00fctenrispen und Bl\u00e4ttern des <a href=\"http:\/\/www.kraeuter-und-duftpflanzen.de\/search?sSearch=pol10\" target=\"_blank\" rel=\"noopener\"><strong>Japanischen Wasserpfeffers<\/strong><\/a> und den rosa gef\u00fcllten Bl\u00fcten des <a href=\"http:\/\/www.kraeuter-und-duftpflanzen.de\/search?sSearch=sap09\" target=\"_blank\" rel=\"noopener\"><strong>Seifenkrauts<\/strong><\/a> ergibt sich eine fast fr\u00fchlingshafte Farbkombination.<\/p>\n<p><a href=\"https:\/\/blog.ruehlemanns.de\/wp-content\/uploads\/2017\/11\/herbststrauss_3.jpg\"><img decoding=\"async\" class=\"alignnone size-full wp-image-6839\" src=\"https:\/\/blog.ruehlemanns.de\/wp-content\/uploads\/2017\/11\/herbststrauss_3.jpg\" alt=\"\" width=\"880\" height=\"600\" srcset=\"https:\/\/blog.ruehlemanns.de\/wp-content\/uploads\/2017\/11\/herbststrauss_3.jpg 880w, https:\/\/blog.ruehlemanns.de\/wp-content\/uploads\/2017\/11\/herbststrauss_3-300x205.jpg 300w, https:\/\/blog.ruehlemanns.de\/wp-content\/uploads\/2017\/11\/herbststrauss_3-768x524.jpg 768w, https:\/\/blog.ruehlemanns.de\/wp-content\/uploads\/2017\/11\/herbststrauss_3-440x300.jpg 440w\" sizes=\"(max-width: 880px) 100vw, 880px\" \/><\/a><\/p>\n<p>Kommen statt des Wasserpfeffers die gef\u00fcllten Bl\u00fcten der <a href=\"http:\/\/www.kraeuter-und-duftpflanzen.de\/search?sSearch=chr18\" target=\"_blank\" rel=\"noopener\"><strong>Chinesischen Tee-Chrysantheme<\/strong><\/a> zum Einsatz, bekommt das Ganze eine f\u00fcr die Jahreszeit ganz untypische Zartheit.<\/p>\n<p><a href=\"https:\/\/blog.ruehlemanns.de\/wp-content\/uploads\/2017\/11\/herbststrauss_4.jpg\"><img loading=\"lazy\" decoding=\"async\" class=\"alignnone size-full wp-image-6840\" src=\"https:\/\/blog.ruehlemanns.de\/wp-content\/uploads\/2017\/11\/herbststrauss_4.jpg\" alt=\"\" width=\"880\" height=\"600\" srcset=\"https:\/\/blog.ruehlemanns.de\/wp-content\/uploads\/2017\/11\/herbststrauss_4.jpg 880w, https:\/\/blog.ruehlemanns.de\/wp-content\/uploads\/2017\/11\/herbststrauss_4-300x205.jpg 300w, https:\/\/blog.ruehlemanns.de\/wp-content\/uploads\/2017\/11\/herbststrauss_4-768x524.jpg 768w, https:\/\/blog.ruehlemanns.de\/wp-content\/uploads\/2017\/11\/herbststrauss_4-440x300.jpg 440w\" sizes=\"(max-width: 880px) 100vw, 880px\" \/><\/a><\/p>\n<p><span style=\"font-family: Arial,sans-serif\">Der vierte Strau\u00df dagegen macht dem Herbst farblich alle Ehre: Bl\u00fcten der <a href=\"http:\/\/www.kraeuter-und-duftpflanzen.de\/search?sSearch=cos20\" target=\"_blank\" rel=\"noopener\"><strong>Schokoladen-Kosmee<\/strong><\/a>, umgeben von Zweigen der <a href=\"http:\/\/www.kraeuter-und-duftpflanzen.de\/search?sSearch=abe11\" target=\"_blank\" rel=\"noopener\"><strong>Koreanischen Abelie<\/strong><\/a> und <a href=\"http:\/\/www.kraeuter-und-duftpflanzen.de\/search?sSearch=hyd11\" target=\"_blank\" rel=\"noopener\"><strong>Japanischen Tee-Hortensie<\/strong><\/a>, gef\u00fcllt mit Bl\u00e4ttern von <a href=\"http:\/\/www.kraeuter-und-duftpflanzen.de\/search?sSearch=fag01\" target=\"_blank\" rel=\"noopener\"><strong>Baumspinat<\/strong><\/a> gehen Ton in Ton mit der inzwischen herbstlichen Umgebung.<\/span><\/p>\n<p><span style=\"font-family: Arial,sans-serif\">Dies war der\u00a0vorerst letzte Teil unserer Reihe, obwohl \u2026 auch der Winter hat ja seine zauberhaften Seiten. Schau&#8217;n wir mal!<\/span><\/p>\n","protected":false},"excerpt":{"rendered":"<p>\u201eOb wir wohl auch im Herbst noch Kr\u00e4uterstr\u00e4u\u00dfe vorstellen k\u00f6nnen?\u201c fragten wir uns im Sommer. Die Antwort: \u201eJa, unbedingt!&#8220; Es ist wirklich \u00fcberraschend, wieviel Bl\u00fcten und Farben zu finden sind, wenn man nur genau hinschaut. Michaela tat genau dies und hier sind die Ergebnisse! Die nimmerm\u00fcden Bl\u00fcten von Yauthli und Anisgoldrute zaubern noch im Herbst [&hellip;]<\/p>\n","protected":false},"author":10829,"featured_media":0,"comment_status":"open","ping_status":"open","sticky":false,"template":"","format":"standard","meta":{"site-sidebar-layout":"default","site-content-layout":"","ast-site-content-layout":"default","site-content-style":"default","site-sidebar-style":"default","ast-global-header-display":"","ast-banner-title-visibility":"","ast-main-header-display":"","ast-hfb-above-header-display":"","ast-hfb-below-header-display":"","ast-hfb-mobile-header-display":"","site-post-title":"","ast-breadcrumbs-content":"","ast-featured-img":"","footer-sml-layout":"","ast-disable-related-posts":"","theme-transparent-header-meta":"","adv-header-id-meta":"","stick-header-meta":"","header-above-stick-meta":"","header-main-stick-meta":"","header-below-stick-meta":"","astra-migrate-meta-layouts":"default","ast-page-background-enabled":"default","ast-page-background-meta":{"desktop":{"background-color":"var(--ast-global-color-4)","background-image":"","background-repeat":"repeat","background-position":"center center","background-size":"auto","background-attachment":"scroll","background-type":"","background-media":"","overlay-type":"","overlay-color":"","overlay-opacity":"","overlay-gradient":""},"tablet":{"background-color":"","background-image":"","background-repeat":"repeat","background-position":"center center","background-size":"auto","background-attachment":"scroll","background-type":"","background-media":"","overlay-type":"","overlay-color":"","overlay-opacity":"","overlay-gradient":""},"mobile":{"background-color":"","background-image":"","background-repeat":"repeat","background-position":"center center","background-size":"auto","background-attachment":"scroll","background-type":"","background-media":"","overlay-type":"","overlay-color":"","overlay-opacity":"","overlay-gradient":""}},"ast-content-background-meta":{"desktop":{"background-color":"var(--ast-global-color-5)","background-image":"","background-repeat":"repeat","background-position":"center center","background-size":"auto","background-attachment":"scroll","background-type":"","background-media":"","overlay-type":"","overlay-color":"","overlay-opacity":"","overlay-gradient":""},"tablet":{"background-color":"var(--ast-global-color-5)","background-image":"","background-repeat":"repeat","background-position":"center center","background-size":"auto","background-attachment":"scroll","background-type":"","background-media":"","overlay-type":"","overlay-color":"","overlay-opacity":"","overlay-gradient":""},"mobile":{"background-color":"var(--ast-global-color-5)","background-image":"","background-repeat":"repeat","background-position":"center center","background-size":"auto","background-attachment":"scroll","background-type":"","background-media":"","overlay-type":"","overlay-color":"","overlay-opacity":"","overlay-gradient":""}},"footnotes":""},"categories":[9],"tags":[],"class_list":["post-6836","post","type-post","status-publish","format-standard","hentry","category-allgemeines"],"_links":{"self":[{"href":"https:\/\/blog.ruehlemanns.de\/index.php?rest_route=\/wp\/v2\/posts\/6836","targetHints":{"allow":["GET"]}}],"collection":[{"href":"https:\/\/blog.ruehlemanns.de\/index.php?rest_route=\/wp\/v2\/posts"}],"about":[{"href":"https:\/\/blog.ruehlemanns.de\/index.php?rest_route=\/wp\/v2\/types\/post"}],"author":[{"embeddable":true,"href":"https:\/\/blog.ruehlemanns.de\/index.php?rest_route=\/wp\/v2\/users\/10829"}],"replies":[{"embeddable":true,"href":"https:\/\/blog.ruehlemanns.de\/index.php?rest_route=%2Fwp%2Fv2%2Fcomments&post=6836"}],"version-history":[{"count":0,"href":"https:\/\/blog.ruehlemanns.de\/index.php?rest_route=\/wp\/v2\/posts\/6836\/revisions"}],"wp:attachment":[{"href":"https:\/\/blog.ruehlemanns.de\/index.php?rest_route=%2Fwp%2Fv2%2Fmedia&parent=6836"}],"wp:term":[{"taxonomy":"category","embeddable":true,"href":"https:\/\/blog.ruehlemanns.de\/index.php?rest_route=%2Fwp%2Fv2%2Fcategories&post=6836"},{"taxonomy":"post_tag","embeddable":true,"href":"https:\/\/blog.ruehlemanns.de\/index.php?rest_route=%2Fwp%2Fv2%2Ftags&post=6836"}],"curies":[{"name":"wp","href":"https:\/\/api.w.org\/{rel}","templated":true}]}}