{"id":6450,"date":"2017-09-28T20:39:14","date_gmt":"2017-09-28T19:39:14","guid":{"rendered":"https:\/\/blog.ruehlemanns.de\/?p=6450"},"modified":"2017-10-17T07:47:55","modified_gmt":"2017-10-17T06:47:55","slug":"herbstkompositionen","status":"publish","type":"post","link":"https:\/\/blog.ruehlemanns.de\/?p=6450","title":{"rendered":"Herbstkompositionen"},"content":{"rendered":"<p><strong><em>Gitarrenkl\u00e4nge treffen auf kulinarische Gen\u00fcsse<\/em><\/strong><\/p>\n<p>Vor zwei Jahren. Es fing alles ganz harmlos an. Ich dachte mir, es w\u00e4re sch\u00f6n, ein kleines E-Piano zuhause zu haben. Zum Fantasieren und um meine Seele mal wieder in inspirierenden Klangwelten schweifen zu lassen. Entspannung nach Feierabend.<\/p>\n<p>Was dann geschah, hatte ich nicht erwartet. Die Kl\u00e4nge weckten innerhalb weniger Tage meine fast vergessene Musiker- und Komponistenseele. Ich fing an, nicht nur zu fantasieren, sondern nach kurzer Zeit entstanden meine ersten Kompositionen f\u00fcr Piano &#8211; wie von selbst.<\/p>\n<p>Und wie von Zauberhand erwachte auch meine schon fast eingestaubte Gitarre wieder zu neuem Leben. Mit einem mal war mein Gitarrespiel wieder inspiriert und machte richtig Spass. Ich f\u00fchlte mich im wahrsten Sinne des Wortes von der Muse gek\u00fcsst.<\/p>\n<p><a href=\"https:\/\/blog.ruehlemanns.de\/wp-content\/uploads\/2017\/09\/daniel.jpg\"><img fetchpriority=\"high\" decoding=\"async\" class=\"alignnone size-full wp-image-6401\" src=\"https:\/\/blog.ruehlemanns.de\/wp-content\/uploads\/2017\/09\/daniel.jpg\" alt=\"\" width=\"880\" height=\"600\" srcset=\"https:\/\/blog.ruehlemanns.de\/wp-content\/uploads\/2017\/09\/daniel.jpg 880w, https:\/\/blog.ruehlemanns.de\/wp-content\/uploads\/2017\/09\/daniel-300x205.jpg 300w, https:\/\/blog.ruehlemanns.de\/wp-content\/uploads\/2017\/09\/daniel-768x524.jpg 768w, https:\/\/blog.ruehlemanns.de\/wp-content\/uploads\/2017\/09\/daniel-440x300.jpg 440w\" sizes=\"(max-width: 880px) 100vw, 880px\" \/><\/a><\/p>\n<p>Als n\u00e4chstes entdeckte ich die bundlose Gitarre f\u00fcr mich. Welch ein singender Ton, voller Gef\u00fchl und Ausdruck! (Siehe Bild oben)<\/p>\n<p>Und so entstanden in den letzten zwei Jahren eine Reihe neuer St\u00fccke f\u00fcr drei Instrumente: Gitarre, bundlose Gitarre und Piano. Es ist als w\u00e4re meine musikalische Seele 30 Jahre lang gereift ohne mein Zutun. Ich f\u00fchle mich beschenkt und erf\u00fcllt mit neuen musikalischen Ideen. Diese musikalischen Geschenke kann ich unm\u00f6glich f\u00fcr mich behalten, und deshalb dr\u00e4ngt es mich Konzerte zu geben.<\/p>\n<p>In den 1980er Jahren hatte ich Jazz und klassische Gitarre in Graz studiert, danach folgten Unterrichtst\u00e4tigkeit in Bremen sowie ein paar Solo- und Duo-Konzerte. Das jetzige Programm besteht ausschliesslich aus neuen eigenen Kompositionen.\u00a0Einige St\u00fccke wurden extra f\u00fcr die\u00a0bundlose Gitarre\u00a0komponiert.\u00a0Meine Musik hat ihren eigenen Stil, aber Einfl\u00fcsse aus Klassik, Jazz und Ethno sind h\u00f6rbar. Die St\u00fccke sind meist sehr rhythmisch und dennoch entspannt und vertr\u00e4umt.<\/p>\n<p>Mein allererstes Solo-Konzert nach 30 Jahren Schaffenspause mit akustischer Gitarre und bundloser Gitarre gebe ich am 28.10.2017 um 19 Uhr im zauberhaften Cafe Kr\u00e4nzchen in Ahausen, wo Antje und Claus Sch\u00e4fer dazu ein herbstliches F\u00fcnf-G\u00e4nge-Men\u00fc servieren werden.<\/p>\n<p>Ihr Daniel R\u00fchlemann<\/p>\n<p><a href=\"https:\/\/blog.ruehlemanns.de\/wp-content\/uploads\/2017\/09\/menue.jpg\"><img decoding=\"async\" class=\"alignnone size-full wp-image-6402\" src=\"https:\/\/blog.ruehlemanns.de\/wp-content\/uploads\/2017\/09\/menue.jpg\" alt=\"\" width=\"880\" height=\"600\" srcset=\"https:\/\/blog.ruehlemanns.de\/wp-content\/uploads\/2017\/09\/menue.jpg 880w, https:\/\/blog.ruehlemanns.de\/wp-content\/uploads\/2017\/09\/menue-300x205.jpg 300w, https:\/\/blog.ruehlemanns.de\/wp-content\/uploads\/2017\/09\/menue-768x524.jpg 768w, https:\/\/blog.ruehlemanns.de\/wp-content\/uploads\/2017\/09\/menue-440x300.jpg 440w\" sizes=\"(max-width: 880px) 100vw, 880px\" \/><\/a><\/p>\n<p>Die Karten f\u00fcr die Herbstkompositionen sind ausschlie\u00dflich im Vorverkauf f\u00fcr 49,50 Euro erh\u00e4ltlich.<\/p>\n<p>Caf\u00e9 Kr\u00e4nzchen<br \/>\nM\u00fchlenstra\u00dfe 8<br \/>\n27367 Ahausen<\/p>\n<p>Infos &amp; Reservierungen unter:<\/p>\n<p>Telefon 04269-5416 (bitte auf den AB sprechen)<\/p>\n","protected":false},"excerpt":{"rendered":"<p>Gitarrenkl\u00e4nge treffen auf kulinarische Gen\u00fcsse Vor zwei Jahren. Es fing alles ganz harmlos an. Ich dachte mir, es w\u00e4re sch\u00f6n, ein kleines E-Piano zuhause zu haben. Zum Fantasieren und um meine Seele mal wieder in inspirierenden Klangwelten schweifen zu lassen. Entspannung nach Feierabend. Was dann geschah, hatte ich nicht erwartet. Die Kl\u00e4nge weckten innerhalb weniger [&hellip;]<\/p>\n","protected":false},"author":604,"featured_media":0,"comment_status":"open","ping_status":"open","sticky":false,"template":"","format":"standard","meta":{"site-sidebar-layout":"default","site-content-layout":"","ast-site-content-layout":"default","site-content-style":"default","site-sidebar-style":"default","ast-global-header-display":"","ast-banner-title-visibility":"","ast-main-header-display":"","ast-hfb-above-header-display":"","ast-hfb-below-header-display":"","ast-hfb-mobile-header-display":"","site-post-title":"","ast-breadcrumbs-content":"","ast-featured-img":"","footer-sml-layout":"","ast-disable-related-posts":"","theme-transparent-header-meta":"","adv-header-id-meta":"","stick-header-meta":"","header-above-stick-meta":"","header-main-stick-meta":"","header-below-stick-meta":"","astra-migrate-meta-layouts":"default","ast-page-background-enabled":"default","ast-page-background-meta":{"desktop":{"background-color":"var(--ast-global-color-4)","background-image":"","background-repeat":"repeat","background-position":"center center","background-size":"auto","background-attachment":"scroll","background-type":"","background-media":"","overlay-type":"","overlay-color":"","overlay-opacity":"","overlay-gradient":""},"tablet":{"background-color":"","background-image":"","background-repeat":"repeat","background-position":"center center","background-size":"auto","background-attachment":"scroll","background-type":"","background-media":"","overlay-type":"","overlay-color":"","overlay-opacity":"","overlay-gradient":""},"mobile":{"background-color":"","background-image":"","background-repeat":"repeat","background-position":"center center","background-size":"auto","background-attachment":"scroll","background-type":"","background-media":"","overlay-type":"","overlay-color":"","overlay-opacity":"","overlay-gradient":""}},"ast-content-background-meta":{"desktop":{"background-color":"var(--ast-global-color-5)","background-image":"","background-repeat":"repeat","background-position":"center center","background-size":"auto","background-attachment":"scroll","background-type":"","background-media":"","overlay-type":"","overlay-color":"","overlay-opacity":"","overlay-gradient":""},"tablet":{"background-color":"var(--ast-global-color-5)","background-image":"","background-repeat":"repeat","background-position":"center center","background-size":"auto","background-attachment":"scroll","background-type":"","background-media":"","overlay-type":"","overlay-color":"","overlay-opacity":"","overlay-gradient":""},"mobile":{"background-color":"var(--ast-global-color-5)","background-image":"","background-repeat":"repeat","background-position":"center center","background-size":"auto","background-attachment":"scroll","background-type":"","background-media":"","overlay-type":"","overlay-color":"","overlay-opacity":"","overlay-gradient":""}},"footnotes":""},"categories":[158],"tags":[],"class_list":["post-6450","post","type-post","status-publish","format-standard","hentry","category-konzert"],"_links":{"self":[{"href":"https:\/\/blog.ruehlemanns.de\/index.php?rest_route=\/wp\/v2\/posts\/6450","targetHints":{"allow":["GET"]}}],"collection":[{"href":"https:\/\/blog.ruehlemanns.de\/index.php?rest_route=\/wp\/v2\/posts"}],"about":[{"href":"https:\/\/blog.ruehlemanns.de\/index.php?rest_route=\/wp\/v2\/types\/post"}],"author":[{"embeddable":true,"href":"https:\/\/blog.ruehlemanns.de\/index.php?rest_route=\/wp\/v2\/users\/604"}],"replies":[{"embeddable":true,"href":"https:\/\/blog.ruehlemanns.de\/index.php?rest_route=%2Fwp%2Fv2%2Fcomments&post=6450"}],"version-history":[{"count":0,"href":"https:\/\/blog.ruehlemanns.de\/index.php?rest_route=\/wp\/v2\/posts\/6450\/revisions"}],"wp:attachment":[{"href":"https:\/\/blog.ruehlemanns.de\/index.php?rest_route=%2Fwp%2Fv2%2Fmedia&parent=6450"}],"wp:term":[{"taxonomy":"category","embeddable":true,"href":"https:\/\/blog.ruehlemanns.de\/index.php?rest_route=%2Fwp%2Fv2%2Fcategories&post=6450"},{"taxonomy":"post_tag","embeddable":true,"href":"https:\/\/blog.ruehlemanns.de\/index.php?rest_route=%2Fwp%2Fv2%2Ftags&post=6450"}],"curies":[{"name":"wp","href":"https:\/\/api.w.org\/{rel}","templated":true}]}}