{"id":5965,"date":"2017-08-24T07:47:01","date_gmt":"2017-08-24T06:47:01","guid":{"rendered":"https:\/\/blog.ruehlemanns.de\/?p=5965"},"modified":"2018-11-05T11:40:39","modified_gmt":"2018-11-05T10:40:39","slug":"kraeuterstraeusse-im-sommer","status":"publish","type":"post","link":"https:\/\/blog.ruehlemanns.de\/?p=5965","title":{"rendered":"Kr\u00e4uterstr\u00e4u\u00dfe im Sommer"},"content":{"rendered":"<p>Viele, viele duftende Str\u00e4u\u00dfe konnten wir dank Michaelas kreativer Ader in den letzten Monaten bestaunen. Einige dieser kleinen Farb-, Form- und Duftkunstwerke m\u00f6chten wir Ihnen heute als Inspiration f\u00fcr Ihre Blumenbeete unbedingt vorstellen:<\/p>\n<p><a href=\"https:\/\/blog.ruehlemanns.de\/wp-content\/uploads\/2017\/08\/sommerstraeusse1.jpg\"><img fetchpriority=\"high\" decoding=\"async\" class=\"alignnone size-full wp-image-5966\" src=\"https:\/\/blog.ruehlemanns.de\/wp-content\/uploads\/2017\/08\/sommerstraeusse1.jpg\" alt=\"\" width=\"880\" height=\"600\" srcset=\"https:\/\/blog.ruehlemanns.de\/wp-content\/uploads\/2017\/08\/sommerstraeusse1.jpg 880w, https:\/\/blog.ruehlemanns.de\/wp-content\/uploads\/2017\/08\/sommerstraeusse1-300x205.jpg 300w, https:\/\/blog.ruehlemanns.de\/wp-content\/uploads\/2017\/08\/sommerstraeusse1-768x524.jpg 768w, https:\/\/blog.ruehlemanns.de\/wp-content\/uploads\/2017\/08\/sommerstraeusse1-440x300.jpg 440w\" sizes=\"(max-width: 880px) 100vw, 880px\" \/><\/a><\/p>\n<p>Das leuchtende Gelb der ersten beiden Str\u00e4u\u00dfe zaubert der <a href=\"http:\/\/www.kraeuter-und-duftpflanzen.de\/search?sSearch=inu03x\" target=\"_blank\" rel=\"noopener\"><strong>Wiesen-Alant<\/strong><\/a> mit seinen h\u00fcbschen Bl\u00fctenk\u00f6pfen hinein.<\/p>\n<p>Weitere &#8218;Zutaten&#8216; waren <strong><a href=\"http:\/\/www.kraeuter-und-duftpflanzen.de\/search?sSearch=mon01\" target=\"_blank\" rel=\"noopener\">Goldmelisse<\/a>, <a href=\"http:\/\/www.kraeuter-und-duftpflanzen.de\/search?sSearch=ana30\" target=\"_blank\" rel=\"noopener\">Silber-Immortelle<\/a><\/strong> und <a href=\"http:\/\/www.kraeuter-und-duftpflanzen.de\/search?sSearch=sta02\" target=\"_blank\" rel=\"noopener\"><strong>Wollziest<\/strong><\/a>:<br \/>\n<a href=\"https:\/\/blog.ruehlemanns.de\/wp-content\/uploads\/2017\/08\/sommerstraeusse2.jpg\"><img decoding=\"async\" class=\"alignnone size-full wp-image-5967\" src=\"https:\/\/blog.ruehlemanns.de\/wp-content\/uploads\/2017\/08\/sommerstraeusse2.jpg\" alt=\"\" width=\"880\" height=\"600\" srcset=\"https:\/\/blog.ruehlemanns.de\/wp-content\/uploads\/2017\/08\/sommerstraeusse2.jpg 880w, https:\/\/blog.ruehlemanns.de\/wp-content\/uploads\/2017\/08\/sommerstraeusse2-300x205.jpg 300w, https:\/\/blog.ruehlemanns.de\/wp-content\/uploads\/2017\/08\/sommerstraeusse2-768x524.jpg 768w, https:\/\/blog.ruehlemanns.de\/wp-content\/uploads\/2017\/08\/sommerstraeusse2-440x300.jpg 440w\" sizes=\"(max-width: 880px) 100vw, 880px\" \/><\/a><\/p>\n<p>Hier gesellen sich zum Wiesen-Alant die Bl\u00fcten des <a href=\"http:\/\/www.kraeuter-und-duftpflanzen.de\/search?sSearch=all11\" target=\"_blank\" rel=\"noopener\"><strong>Schnittknoblauchs<\/strong><\/a>, au\u00dferdem Blatt und Kraut von <a href=\"http:\/\/www.kraeuter-und-duftpflanzen.de\/search?sSearch=men92\" target=\"_blank\" rel=\"noopener\"><strong>Schokominze<\/strong><\/a> und <a href=\"http:\/\/www.kraeuter-und-duftpflanzen.de\/search?sSearch=art14\" target=\"_blank\" rel=\"noopener\"><strong>Lik\u00f6rraute<\/strong><\/a>:<br \/>\n<a href=\"https:\/\/blog.ruehlemanns.de\/wp-content\/uploads\/2017\/08\/sommerstraeusse3.jpg\"><img decoding=\"async\" class=\"alignnone size-full wp-image-5968\" src=\"https:\/\/blog.ruehlemanns.de\/wp-content\/uploads\/2017\/08\/sommerstraeusse3.jpg\" alt=\"\" width=\"880\" height=\"600\" srcset=\"https:\/\/blog.ruehlemanns.de\/wp-content\/uploads\/2017\/08\/sommerstraeusse3.jpg 880w, https:\/\/blog.ruehlemanns.de\/wp-content\/uploads\/2017\/08\/sommerstraeusse3-300x205.jpg 300w, https:\/\/blog.ruehlemanns.de\/wp-content\/uploads\/2017\/08\/sommerstraeusse3-768x524.jpg 768w, https:\/\/blog.ruehlemanns.de\/wp-content\/uploads\/2017\/08\/sommerstraeusse3-440x300.jpg 440w\" sizes=\"(max-width: 880px) 100vw, 880px\" \/><\/a><\/p>\n<p>Auch mit <a href=\"http:\/\/www.kraeuter-und-duftpflanzen.de\/search?sSearch=tag01\" target=\"_blank\" rel=\"noopener\"><strong>Yauthli<\/strong><\/a>, <a href=\"http:\/\/www.kraeuter-und-duftpflanzen.de\/search?sSearch=per30\" target=\"_blank\" rel=\"noopener\"><strong>Duftkn\u00f6terich<\/strong><\/a> und <strong>Bergfenchel<\/strong> l\u00e4sst sich Schnittknoblauch gut kombinieren:<br \/>\n<a href=\"https:\/\/blog.ruehlemanns.de\/wp-content\/uploads\/2017\/08\/sommerstraeusse4.jpg\"><img loading=\"lazy\" decoding=\"async\" class=\"alignnone size-full wp-image-5969\" src=\"https:\/\/blog.ruehlemanns.de\/wp-content\/uploads\/2017\/08\/sommerstraeusse4.jpg\" alt=\"\" width=\"880\" height=\"600\" srcset=\"https:\/\/blog.ruehlemanns.de\/wp-content\/uploads\/2017\/08\/sommerstraeusse4.jpg 880w, https:\/\/blog.ruehlemanns.de\/wp-content\/uploads\/2017\/08\/sommerstraeusse4-300x205.jpg 300w, https:\/\/blog.ruehlemanns.de\/wp-content\/uploads\/2017\/08\/sommerstraeusse4-768x524.jpg 768w, https:\/\/blog.ruehlemanns.de\/wp-content\/uploads\/2017\/08\/sommerstraeusse4-440x300.jpg 440w\" sizes=\"(max-width: 880px) 100vw, 880px\" \/><br \/>\n<\/a><br \/>\n<a href=\"http:\/\/www.kraeuter-und-duftpflanzen.de\/search?sSearch=all30\" target=\"_blank\" rel=\"noopener\"><strong>Goldlauch<\/strong><\/a>, gepaart mit <a href=\"http:\/\/www.kraeuter-und-duftpflanzen.de\/search?sSearch=peu02\" target=\"_blank\" rel=\"noopener\"><strong>Echtem Haarstrang<\/strong><\/a>, <a href=\"http:\/\/www.kraeuter-und-duftpflanzen.de\/search?sSearch=hel01\" target=\"_blank\" rel=\"noopener\"><strong>Currystrauch<\/strong><\/a> und <a href=\"http:\/\/www.kraeuter-und-duftpflanzen.de\/search?sSearch=sta02\" target=\"_blank\" rel=\"noopener\"><strong>Wollziest<\/strong><\/a> leuchtet sehr sonnig aus der Vase:<br \/>\n<a href=\"https:\/\/blog.ruehlemanns.de\/wp-content\/uploads\/2017\/08\/sommerstraeusse6.jpg\"><img loading=\"lazy\" decoding=\"async\" class=\"alignnone size-full wp-image-5971\" src=\"https:\/\/blog.ruehlemanns.de\/wp-content\/uploads\/2017\/08\/sommerstraeusse6.jpg\" alt=\"\" width=\"880\" height=\"600\" srcset=\"https:\/\/blog.ruehlemanns.de\/wp-content\/uploads\/2017\/08\/sommerstraeusse6.jpg 880w, https:\/\/blog.ruehlemanns.de\/wp-content\/uploads\/2017\/08\/sommerstraeusse6-300x205.jpg 300w, https:\/\/blog.ruehlemanns.de\/wp-content\/uploads\/2017\/08\/sommerstraeusse6-768x524.jpg 768w, https:\/\/blog.ruehlemanns.de\/wp-content\/uploads\/2017\/08\/sommerstraeusse6-440x300.jpg 440w\" sizes=\"(max-width: 880px) 100vw, 880px\" \/><\/a><\/p>\n<p>Ganz andere Farbnuancen zaubern dagegen <a href=\"http:\/\/www.kraeuter-und-duftpflanzen.de\/search?sSearch=all34\" target=\"_blank\" rel=\"noopener\"><strong>Zwiebellauch<\/strong><\/a>, <a href=\"http:\/\/www.kraeuter-und-duftpflanzen.de\/search?sSearch=mon09\" target=\"_blank\" rel=\"noopener\"><strong>Rosenmelisse<\/strong><\/a>, <strong>Bergfenchel<\/strong> und <a href=\"http:\/\/www.kraeuter-und-duftpflanzen.de\/search?sSearch=gyn23\" target=\"_blank\" rel=\"noopener\"><strong>Handama<\/strong><\/a> in die Vase:<br \/>\n<a href=\"https:\/\/blog.ruehlemanns.de\/wp-content\/uploads\/2017\/08\/sommerstraeusse5.jpg\"><img loading=\"lazy\" decoding=\"async\" class=\"alignnone size-full wp-image-5970\" src=\"https:\/\/blog.ruehlemanns.de\/wp-content\/uploads\/2017\/08\/sommerstraeusse5.jpg\" alt=\"\" width=\"880\" height=\"600\" srcset=\"https:\/\/blog.ruehlemanns.de\/wp-content\/uploads\/2017\/08\/sommerstraeusse5.jpg 880w, https:\/\/blog.ruehlemanns.de\/wp-content\/uploads\/2017\/08\/sommerstraeusse5-300x205.jpg 300w, https:\/\/blog.ruehlemanns.de\/wp-content\/uploads\/2017\/08\/sommerstraeusse5-768x524.jpg 768w, https:\/\/blog.ruehlemanns.de\/wp-content\/uploads\/2017\/08\/sommerstraeusse5-440x300.jpg 440w\" sizes=\"(max-width: 880px) 100vw, 880px\" \/><\/a><\/p>\n<p>Die Bl\u00fcten des <a href=\"http:\/\/www.kraeuter-und-duftpflanzen.de\/search?sSearch=aru01\" target=\"_blank\" rel=\"noopener\"><strong>Wald-Gei\u00dfbart<\/strong><\/a> lassen diesen Strau\u00df sehr edel wirken. Erg\u00e4nzt mit <a href=\"http:\/\/www.kraeuter-und-duftpflanzen.de\/search?sSearch=peu01\" target=\"_blank\" rel=\"noopener\"><strong>Meisterwurz<\/strong><\/a>, <a href=\"http:\/\/www.kraeuter-und-duftpflanzen.de\/search?sSearch=lig01\" target=\"_blank\" rel=\"noopener\"><strong>Schottischem Liebst\u00f6ckel<\/strong><\/a>, <a href=\"http:\/\/www.kraeuter-und-duftpflanzen.de\/search?sSearch=aeg02\" target=\"_blank\" rel=\"noopener\"><strong>Wei\u00dfbuntem Gei\u00dffu\u00df<\/strong><\/a> und <a href=\"http:\/\/www.kraeuter-und-duftpflanzen.de\/search?sSearch=che10\" target=\"_blank\" rel=\"noopener\"><strong>Roter Epazote<\/strong><\/a>.<br \/>\n<a href=\"https:\/\/blog.ruehlemanns.de\/wp-content\/uploads\/2017\/08\/sommerstraeusse7.jpg\"><img loading=\"lazy\" decoding=\"async\" class=\"alignnone size-full wp-image-5972\" src=\"https:\/\/blog.ruehlemanns.de\/wp-content\/uploads\/2017\/08\/sommerstraeusse7.jpg\" alt=\"\" width=\"880\" height=\"600\" srcset=\"https:\/\/blog.ruehlemanns.de\/wp-content\/uploads\/2017\/08\/sommerstraeusse7.jpg 880w, https:\/\/blog.ruehlemanns.de\/wp-content\/uploads\/2017\/08\/sommerstraeusse7-300x205.jpg 300w, https:\/\/blog.ruehlemanns.de\/wp-content\/uploads\/2017\/08\/sommerstraeusse7-768x524.jpg 768w, https:\/\/blog.ruehlemanns.de\/wp-content\/uploads\/2017\/08\/sommerstraeusse7-440x300.jpg 440w\" sizes=\"(max-width: 880px) 100vw, 880px\" \/><\/a><\/p>\n<p>Zweimal Monardenbl\u00fcten, dennoch ganz verschieden in der Farbwirkung.<br \/>\nLinks &#8218;<a href=\"http:\/\/www.kraeuter-und-duftpflanzen.de\/search?sSearch=mon02\" target=\"_blank\" rel=\"noopener\"><strong>Goldmelisse, purpur<\/strong><\/a>&#8218;, rechts <a href=\"http:\/\/www.kraeuter-und-duftpflanzen.de\/search?sSearch=mon06\" target=\"_blank\" rel=\"noopener\"><strong>Goldmelisse &#8218;Trinity Purple&#8216;<\/strong><\/a>, jeweils kombiniert mit <a href=\"http:\/\/www.kraeuter-und-duftpflanzen.de\/search?sSearch=men18\" target=\"_blank\" rel=\"noopener\"><strong>Limonenminze<\/strong><\/a> und <a href=\"http:\/\/www.kraeuter-und-duftpflanzen.de\/search?sSearch=scu01\" target=\"_blank\" rel=\"noopener\"><strong>Virginischem Helmkraut<\/strong><\/a>:<br \/>\n<a href=\"https:\/\/blog.ruehlemanns.de\/wp-content\/uploads\/2017\/08\/sommerstraeusse8.jpg\"><img loading=\"lazy\" decoding=\"async\" class=\"alignnone size-full wp-image-5973\" src=\"https:\/\/blog.ruehlemanns.de\/wp-content\/uploads\/2017\/08\/sommerstraeusse8.jpg\" alt=\"\" width=\"880\" height=\"600\" srcset=\"https:\/\/blog.ruehlemanns.de\/wp-content\/uploads\/2017\/08\/sommerstraeusse8.jpg 880w, https:\/\/blog.ruehlemanns.de\/wp-content\/uploads\/2017\/08\/sommerstraeusse8-300x205.jpg 300w, https:\/\/blog.ruehlemanns.de\/wp-content\/uploads\/2017\/08\/sommerstraeusse8-768x524.jpg 768w, https:\/\/blog.ruehlemanns.de\/wp-content\/uploads\/2017\/08\/sommerstraeusse8-440x300.jpg 440w\" sizes=\"(max-width: 880px) 100vw, 880px\" \/><\/a><\/p>\n<p>Ein Strau\u00df f\u00fcr Chili-Fans, denn er besteht ausschlie\u00dflich aus diversen Chilisorten:<br \/>\n<a href=\"http:\/\/www.kraeuter-und-duftpflanzen.de\/search?sSearch=cap02\" target=\"_blank\" rel=\"noopener\"><strong>Tabasco<\/strong><\/a>, <a href=\"http:\/\/www.kraeuter-und-duftpflanzen.de\/search?sSearch=cap25\" target=\"_blank\" rel=\"noopener\"><strong>Chili &#8218;Equador Purple&#8216;<\/strong><\/a>, <a href=\"http:\/\/www.kraeuter-und-duftpflanzen.de\/search?sSearch=cap20\" target=\"_blank\" rel=\"noopener\"><strong>Chili &#8218;Peruvian Purple&#8216;<\/strong><\/a>, <a href=\"http:\/\/www.kraeuter-und-duftpflanzen.de\/search?sSearch=cap44\" target=\"_blank\" rel=\"noopener\"><strong>Chili &#8218;Naga Jolokia&#8216;<\/strong><\/a> und <a href=\"http:\/\/www.kraeuter-und-duftpflanzen.de\/search?sSearch=cap30x\" target=\"_blank\" rel=\"noopener\"><strong>Glockenchili<\/strong><\/a> sorgen f\u00fcr diese farbenfrohe Mischung des nahenden Sp\u00e4tsommers.<br \/>\n<a href=\"https:\/\/blog.ruehlemanns.de\/wp-content\/uploads\/2017\/08\/sommerstraeusse9.jpg\"><img loading=\"lazy\" decoding=\"async\" class=\"alignnone size-full wp-image-5974\" src=\"https:\/\/blog.ruehlemanns.de\/wp-content\/uploads\/2017\/08\/sommerstraeusse9.jpg\" alt=\"\" width=\"880\" height=\"600\" srcset=\"https:\/\/blog.ruehlemanns.de\/wp-content\/uploads\/2017\/08\/sommerstraeusse9.jpg 880w, https:\/\/blog.ruehlemanns.de\/wp-content\/uploads\/2017\/08\/sommerstraeusse9-300x205.jpg 300w, https:\/\/blog.ruehlemanns.de\/wp-content\/uploads\/2017\/08\/sommerstraeusse9-768x524.jpg 768w, https:\/\/blog.ruehlemanns.de\/wp-content\/uploads\/2017\/08\/sommerstraeusse9-440x300.jpg 440w\" sizes=\"(max-width: 880px) 100vw, 880px\" \/><\/a><\/p>\n","protected":false},"excerpt":{"rendered":"<p>Viele, viele duftende Str\u00e4u\u00dfe konnten wir dank Michaelas kreativer Ader in den letzten Monaten bestaunen. Einige dieser kleinen Farb-, Form- und Duftkunstwerke m\u00f6chten wir Ihnen heute als Inspiration f\u00fcr Ihre Blumenbeete unbedingt vorstellen: Das leuchtende Gelb der ersten beiden Str\u00e4u\u00dfe zaubert der Wiesen-Alant mit seinen h\u00fcbschen Bl\u00fctenk\u00f6pfen hinein. Weitere &#8218;Zutaten&#8216; waren Goldmelisse, Silber-Immortelle und Wollziest: [&hellip;]<\/p>\n","protected":false},"author":645,"featured_media":0,"comment_status":"open","ping_status":"open","sticky":false,"template":"","format":"standard","meta":{"site-sidebar-layout":"default","site-content-layout":"","ast-site-content-layout":"default","site-content-style":"default","site-sidebar-style":"default","ast-global-header-display":"","ast-banner-title-visibility":"","ast-main-header-display":"","ast-hfb-above-header-display":"","ast-hfb-below-header-display":"","ast-hfb-mobile-header-display":"","site-post-title":"","ast-breadcrumbs-content":"","ast-featured-img":"","footer-sml-layout":"","ast-disable-related-posts":"","theme-transparent-header-meta":"","adv-header-id-meta":"","stick-header-meta":"","header-above-stick-meta":"","header-main-stick-meta":"","header-below-stick-meta":"","astra-migrate-meta-layouts":"default","ast-page-background-enabled":"default","ast-page-background-meta":{"desktop":{"background-color":"var(--ast-global-color-4)","background-image":"","background-repeat":"repeat","background-position":"center center","background-size":"auto","background-attachment":"scroll","background-type":"","background-media":"","overlay-type":"","overlay-color":"","overlay-opacity":"","overlay-gradient":""},"tablet":{"background-color":"","background-image":"","background-repeat":"repeat","background-position":"center center","background-size":"auto","background-attachment":"scroll","background-type":"","background-media":"","overlay-type":"","overlay-color":"","overlay-opacity":"","overlay-gradient":""},"mobile":{"background-color":"","background-image":"","background-repeat":"repeat","background-position":"center center","background-size":"auto","background-attachment":"scroll","background-type":"","background-media":"","overlay-type":"","overlay-color":"","overlay-opacity":"","overlay-gradient":""}},"ast-content-background-meta":{"desktop":{"background-color":"var(--ast-global-color-5)","background-image":"","background-repeat":"repeat","background-position":"center center","background-size":"auto","background-attachment":"scroll","background-type":"","background-media":"","overlay-type":"","overlay-color":"","overlay-opacity":"","overlay-gradient":""},"tablet":{"background-color":"var(--ast-global-color-5)","background-image":"","background-repeat":"repeat","background-position":"center center","background-size":"auto","background-attachment":"scroll","background-type":"","background-media":"","overlay-type":"","overlay-color":"","overlay-opacity":"","overlay-gradient":""},"mobile":{"background-color":"var(--ast-global-color-5)","background-image":"","background-repeat":"repeat","background-position":"center center","background-size":"auto","background-attachment":"scroll","background-type":"","background-media":"","overlay-type":"","overlay-color":"","overlay-opacity":"","overlay-gradient":""}},"footnotes":""},"categories":[9],"tags":[],"class_list":["post-5965","post","type-post","status-publish","format-standard","hentry","category-allgemeines"],"_links":{"self":[{"href":"https:\/\/blog.ruehlemanns.de\/index.php?rest_route=\/wp\/v2\/posts\/5965","targetHints":{"allow":["GET"]}}],"collection":[{"href":"https:\/\/blog.ruehlemanns.de\/index.php?rest_route=\/wp\/v2\/posts"}],"about":[{"href":"https:\/\/blog.ruehlemanns.de\/index.php?rest_route=\/wp\/v2\/types\/post"}],"author":[{"embeddable":true,"href":"https:\/\/blog.ruehlemanns.de\/index.php?rest_route=\/wp\/v2\/users\/645"}],"replies":[{"embeddable":true,"href":"https:\/\/blog.ruehlemanns.de\/index.php?rest_route=%2Fwp%2Fv2%2Fcomments&post=5965"}],"version-history":[{"count":0,"href":"https:\/\/blog.ruehlemanns.de\/index.php?rest_route=\/wp\/v2\/posts\/5965\/revisions"}],"wp:attachment":[{"href":"https:\/\/blog.ruehlemanns.de\/index.php?rest_route=%2Fwp%2Fv2%2Fmedia&parent=5965"}],"wp:term":[{"taxonomy":"category","embeddable":true,"href":"https:\/\/blog.ruehlemanns.de\/index.php?rest_route=%2Fwp%2Fv2%2Fcategories&post=5965"},{"taxonomy":"post_tag","embeddable":true,"href":"https:\/\/blog.ruehlemanns.de\/index.php?rest_route=%2Fwp%2Fv2%2Ftags&post=5965"}],"curies":[{"name":"wp","href":"https:\/\/api.w.org\/{rel}","templated":true}]}}