{"id":5861,"date":"2017-08-16T12:39:39","date_gmt":"2017-08-16T11:39:39","guid":{"rendered":"https:\/\/blog.ruehlemanns.de\/?p=5861"},"modified":"2017-08-22T09:58:07","modified_gmt":"2017-08-22T08:58:07","slug":"schoen-wars-und-spass-hat-es-gemacht","status":"publish","type":"post","link":"https:\/\/blog.ruehlemanns.de\/?p=5861","title":{"rendered":"Sch\u00f6n war&#8217;s und Spa\u00df hat es gemacht"},"content":{"rendered":"<p>Nach einer sch\u00f6nen Vorbereitungzeit, in der wir einige Basilikumpflanzen hegten und pflegten, die inzwischen eine stattliche Gr\u00f6\u00dfe erreicht hatten, freuten wir uns sehr \u00fcber zahlreiche Besucher zum Basilikumschnuppertag am letzen Samstag.<\/p>\n<p><a href=\"https:\/\/blog.ruehlemanns.de\/wp-content\/uploads\/2017\/08\/basilikumtag_4.jpg\"><img fetchpriority=\"high\" decoding=\"async\" class=\"alignnone size-full wp-image-5862\" src=\"https:\/\/blog.ruehlemanns.de\/wp-content\/uploads\/2017\/08\/basilikumtag_4.jpg\" alt=\"\" width=\"880\" height=\"600\" srcset=\"https:\/\/blog.ruehlemanns.de\/wp-content\/uploads\/2017\/08\/basilikumtag_4.jpg 880w, https:\/\/blog.ruehlemanns.de\/wp-content\/uploads\/2017\/08\/basilikumtag_4-300x205.jpg 300w, https:\/\/blog.ruehlemanns.de\/wp-content\/uploads\/2017\/08\/basilikumtag_4-768x524.jpg 768w, https:\/\/blog.ruehlemanns.de\/wp-content\/uploads\/2017\/08\/basilikumtag_4-440x300.jpg 440w\" sizes=\"(max-width: 880px) 100vw, 880px\" \/><\/a><br \/>\n<a href=\"https:\/\/blog.ruehlemanns.de\/wp-content\/uploads\/2017\/08\/basilikumtag_2.jpg\"><img decoding=\"async\" class=\"alignnone size-full wp-image-5863\" src=\"https:\/\/blog.ruehlemanns.de\/wp-content\/uploads\/2017\/08\/basilikumtag_2.jpg\" alt=\"\" width=\"880\" height=\"600\" srcset=\"https:\/\/blog.ruehlemanns.de\/wp-content\/uploads\/2017\/08\/basilikumtag_2.jpg 880w, https:\/\/blog.ruehlemanns.de\/wp-content\/uploads\/2017\/08\/basilikumtag_2-300x205.jpg 300w, https:\/\/blog.ruehlemanns.de\/wp-content\/uploads\/2017\/08\/basilikumtag_2-768x524.jpg 768w, https:\/\/blog.ruehlemanns.de\/wp-content\/uploads\/2017\/08\/basilikumtag_2-440x300.jpg 440w\" sizes=\"(max-width: 880px) 100vw, 880px\" \/><\/a><br \/>\n<a href=\"https:\/\/blog.ruehlemanns.de\/wp-content\/uploads\/2017\/08\/basilikumtag_14.jpg\"><img decoding=\"async\" class=\"alignnone size-full wp-image-5864\" src=\"https:\/\/blog.ruehlemanns.de\/wp-content\/uploads\/2017\/08\/basilikumtag_14.jpg\" alt=\"\" width=\"880\" height=\"600\" srcset=\"https:\/\/blog.ruehlemanns.de\/wp-content\/uploads\/2017\/08\/basilikumtag_14.jpg 880w, https:\/\/blog.ruehlemanns.de\/wp-content\/uploads\/2017\/08\/basilikumtag_14-300x205.jpg 300w, https:\/\/blog.ruehlemanns.de\/wp-content\/uploads\/2017\/08\/basilikumtag_14-768x524.jpg 768w, https:\/\/blog.ruehlemanns.de\/wp-content\/uploads\/2017\/08\/basilikumtag_14-440x300.jpg 440w\" sizes=\"(max-width: 880px) 100vw, 880px\" \/><\/a><\/p>\n<p>Einige bekannte Gesichter gaben uns auch wieder die Ehre. Nach einer kleinen Einf\u00fchrung in die Pflege und den richtigen Schnitt der K\u00f6nigin der Kr\u00e4uter, um eine ertragreiche Ernte den Sommer \u00fcber zu erhalten, unterhielten wir uns noch \u00fcber verschiedene Verwendungsm\u00f6glichkeiten.<\/p>\n<p><a href=\"https:\/\/blog.ruehlemanns.de\/wp-content\/uploads\/2017\/08\/basilikumtag_5.jpg\"><img loading=\"lazy\" decoding=\"async\" class=\"alignnone size-full wp-image-5865\" src=\"https:\/\/blog.ruehlemanns.de\/wp-content\/uploads\/2017\/08\/basilikumtag_5.jpg\" alt=\"\" width=\"880\" height=\"600\" srcset=\"https:\/\/blog.ruehlemanns.de\/wp-content\/uploads\/2017\/08\/basilikumtag_5.jpg 880w, https:\/\/blog.ruehlemanns.de\/wp-content\/uploads\/2017\/08\/basilikumtag_5-300x205.jpg 300w, https:\/\/blog.ruehlemanns.de\/wp-content\/uploads\/2017\/08\/basilikumtag_5-768x524.jpg 768w, https:\/\/blog.ruehlemanns.de\/wp-content\/uploads\/2017\/08\/basilikumtag_5-440x300.jpg 440w\" sizes=\"(max-width: 880px) 100vw, 880px\" \/><\/a><br \/>\n<a href=\"https:\/\/blog.ruehlemanns.de\/wp-content\/uploads\/2017\/08\/basilikumtag_6.jpg\"><img loading=\"lazy\" decoding=\"async\" class=\"alignnone size-full wp-image-5866\" src=\"https:\/\/blog.ruehlemanns.de\/wp-content\/uploads\/2017\/08\/basilikumtag_6.jpg\" alt=\"\" width=\"880\" height=\"600\" srcset=\"https:\/\/blog.ruehlemanns.de\/wp-content\/uploads\/2017\/08\/basilikumtag_6.jpg 880w, https:\/\/blog.ruehlemanns.de\/wp-content\/uploads\/2017\/08\/basilikumtag_6-300x205.jpg 300w, https:\/\/blog.ruehlemanns.de\/wp-content\/uploads\/2017\/08\/basilikumtag_6-768x524.jpg 768w, https:\/\/blog.ruehlemanns.de\/wp-content\/uploads\/2017\/08\/basilikumtag_6-440x300.jpg 440w\" sizes=\"(max-width: 880px) 100vw, 880px\" \/><\/a><\/p>\n<p>Au\u00dfer dem kulinarischen Genuss, den das Basilikum bereitet, enth\u00e4lt es dar\u00fcberhinaus \u00e4therisches \u00d6l, welches entspannend und nervenberuhigend wirkt.<\/p>\n<p><a href=\"https:\/\/blog.ruehlemanns.de\/wp-content\/uploads\/2017\/08\/basilikumtag_1.jpg\"><img loading=\"lazy\" decoding=\"async\" class=\"alignnone size-full wp-image-5867\" src=\"https:\/\/blog.ruehlemanns.de\/wp-content\/uploads\/2017\/08\/basilikumtag_1.jpg\" alt=\"\" width=\"880\" height=\"600\" srcset=\"https:\/\/blog.ruehlemanns.de\/wp-content\/uploads\/2017\/08\/basilikumtag_1.jpg 880w, https:\/\/blog.ruehlemanns.de\/wp-content\/uploads\/2017\/08\/basilikumtag_1-300x205.jpg 300w, https:\/\/blog.ruehlemanns.de\/wp-content\/uploads\/2017\/08\/basilikumtag_1-768x524.jpg 768w, https:\/\/blog.ruehlemanns.de\/wp-content\/uploads\/2017\/08\/basilikumtag_1-440x300.jpg 440w\" sizes=\"(max-width: 880px) 100vw, 880px\" \/><\/a><\/p>\n<p>Was liegt da n\u00e4her als ein <strong>Badesalz<\/strong> herzustellen und es zuhause auszuprobieren, denn jeder Gast konnte sein Badesalz nat\u00fcrlich mitnehmen. Gesagt \u2013 getan. Viele flei\u00dfige Helfer versammelten sich in der K\u00fcche, mixten aus den bereitstehenden Zutaten ihr Badesalz.<\/p>\n<p><a href=\"https:\/\/blog.ruehlemanns.de\/wp-content\/uploads\/2017\/08\/basilikumtag_9.jpg\"><img loading=\"lazy\" decoding=\"async\" class=\"alignnone size-full wp-image-5868\" src=\"https:\/\/blog.ruehlemanns.de\/wp-content\/uploads\/2017\/08\/basilikumtag_9.jpg\" alt=\"\" width=\"880\" height=\"600\" srcset=\"https:\/\/blog.ruehlemanns.de\/wp-content\/uploads\/2017\/08\/basilikumtag_9.jpg 880w, https:\/\/blog.ruehlemanns.de\/wp-content\/uploads\/2017\/08\/basilikumtag_9-300x205.jpg 300w, https:\/\/blog.ruehlemanns.de\/wp-content\/uploads\/2017\/08\/basilikumtag_9-768x524.jpg 768w, https:\/\/blog.ruehlemanns.de\/wp-content\/uploads\/2017\/08\/basilikumtag_9-440x300.jpg 440w\" sizes=\"(max-width: 880px) 100vw, 880px\" \/><\/a><\/p>\n<p><em>Zutaten f\u00fcr ein Vollbad:<\/em><br \/>\n30g Meersalz, grob<br \/>\nca. 5 ml Jojoba\u00f6l<br \/>\nca. 7 &#8211; 10 Tropfen \u00e4therische \u00d6le (z.B. Basilikum und Orange)<\/p>\n<p><em>Zubereitung:<\/em><br \/>\nEin kleines Schraubglas bis zur H\u00e4lfte mit Meersalz f\u00fcllen. Jojoba\u00f6l und \u00e4therische \u00d6le dazugeben. Glas schlie\u00dfen und kr\u00e4ftig sch\u00fctteln, damit sich die \u00d6le gut mit dem Salz verbinden. Dann das Glas mit Meersalz auff\u00fcllen und nochmals kr\u00e4ftig sch\u00fctteln. Fertig!<\/p>\n<p><a href=\"https:\/\/blog.ruehlemanns.de\/wp-content\/uploads\/2017\/08\/basilikumtag_11.jpg\"><img loading=\"lazy\" decoding=\"async\" class=\"alignnone size-full wp-image-5869\" src=\"https:\/\/blog.ruehlemanns.de\/wp-content\/uploads\/2017\/08\/basilikumtag_11.jpg\" alt=\"\" width=\"880\" height=\"600\" srcset=\"https:\/\/blog.ruehlemanns.de\/wp-content\/uploads\/2017\/08\/basilikumtag_11.jpg 880w, https:\/\/blog.ruehlemanns.de\/wp-content\/uploads\/2017\/08\/basilikumtag_11-300x205.jpg 300w, https:\/\/blog.ruehlemanns.de\/wp-content\/uploads\/2017\/08\/basilikumtag_11-768x524.jpg 768w, https:\/\/blog.ruehlemanns.de\/wp-content\/uploads\/2017\/08\/basilikumtag_11-440x300.jpg 440w\" sizes=\"(max-width: 880px) 100vw, 880px\" \/><\/a><br \/>\n<a href=\"https:\/\/blog.ruehlemanns.de\/wp-content\/uploads\/2017\/08\/basilikumtag_10.jpg\"><img loading=\"lazy\" decoding=\"async\" class=\"alignnone size-full wp-image-5870\" src=\"https:\/\/blog.ruehlemanns.de\/wp-content\/uploads\/2017\/08\/basilikumtag_10.jpg\" alt=\"\" width=\"880\" height=\"600\" srcset=\"https:\/\/blog.ruehlemanns.de\/wp-content\/uploads\/2017\/08\/basilikumtag_10.jpg 880w, https:\/\/blog.ruehlemanns.de\/wp-content\/uploads\/2017\/08\/basilikumtag_10-300x205.jpg 300w, https:\/\/blog.ruehlemanns.de\/wp-content\/uploads\/2017\/08\/basilikumtag_10-768x524.jpg 768w, https:\/\/blog.ruehlemanns.de\/wp-content\/uploads\/2017\/08\/basilikumtag_10-440x300.jpg 440w\" sizes=\"(max-width: 880px) 100vw, 880px\" \/><\/a><br \/>\n<a href=\"https:\/\/blog.ruehlemanns.de\/wp-content\/uploads\/2017\/08\/basilikumtag_12.jpg\"><img loading=\"lazy\" decoding=\"async\" class=\"alignnone size-full wp-image-5871\" src=\"https:\/\/blog.ruehlemanns.de\/wp-content\/uploads\/2017\/08\/basilikumtag_12.jpg\" alt=\"\" width=\"880\" height=\"600\" srcset=\"https:\/\/blog.ruehlemanns.de\/wp-content\/uploads\/2017\/08\/basilikumtag_12.jpg 880w, https:\/\/blog.ruehlemanns.de\/wp-content\/uploads\/2017\/08\/basilikumtag_12-300x205.jpg 300w, https:\/\/blog.ruehlemanns.de\/wp-content\/uploads\/2017\/08\/basilikumtag_12-768x524.jpg 768w, https:\/\/blog.ruehlemanns.de\/wp-content\/uploads\/2017\/08\/basilikumtag_12-440x300.jpg 440w\" sizes=\"(max-width: 880px) 100vw, 880px\" \/><\/a><\/p>\n<p>Anschlie\u00dfend halfen sie dabei, eine leckere <strong>Paprika-Oliven-Basilikum-Paste<\/strong> zuzubereiten.<\/p>\n<p><em>Zutaten f\u00fcr 2 Personen:<\/em><br \/>\n2 Paprikaschoten (gelb oder rot)<br \/>\nca. 50g Oliven, entsteint<br \/>\n1 Schalotte<br \/>\n1 kleine Knoblauchzehe<br \/>\n4 Zweige <a href=\"http:\/\/www.kraeuter-und-duftpflanzen.de\/search?sSearch=zyprisches+buschbasilikum\" target=\"_blank\" rel=\"noopener\"><strong>Buschbasilikum<\/strong><\/a> (z.B. griechisches oder t\u00fcrkisches)<br \/>\n1\/2 TL Limettensaft<br \/>\n1 TL Oliven\u00f6l<br \/>\nSalz, Pfeffer<\/p>\n<p><em>Zubereitung:<\/em><br \/>\nDie entkernten, gewaschenen Paprikaschoten halbieren. 10 Minuten in einen 200\u00b0C hei\u00dfen Ofen auf ein Backblech legen, um die Haut gut l\u00f6sen zu k\u00f6nnen. Oliven, Schalotte, Knoblauch fein hacken \/ schneiden. Basilikum waschen, trocken tupfen und klein schneiden. Paprikah\u00e4lften grob schneiden und fein p\u00fcrieren. Das P\u00fcree mit Limettensaft, Salz und Pfeffer abschmecken. Restliche Zutaten unterr\u00fchren; wer\u2018s ganz fein mag: p\u00fcrieren. Fertig!<\/p>\n<p><a href=\"https:\/\/blog.ruehlemanns.de\/wp-content\/uploads\/2017\/08\/basilikumtag_8.jpg\"><img loading=\"lazy\" decoding=\"async\" class=\"alignnone size-full wp-image-5872\" src=\"https:\/\/blog.ruehlemanns.de\/wp-content\/uploads\/2017\/08\/basilikumtag_8.jpg\" alt=\"\" width=\"880\" height=\"600\" srcset=\"https:\/\/blog.ruehlemanns.de\/wp-content\/uploads\/2017\/08\/basilikumtag_8.jpg 880w, https:\/\/blog.ruehlemanns.de\/wp-content\/uploads\/2017\/08\/basilikumtag_8-300x205.jpg 300w, https:\/\/blog.ruehlemanns.de\/wp-content\/uploads\/2017\/08\/basilikumtag_8-768x524.jpg 768w, https:\/\/blog.ruehlemanns.de\/wp-content\/uploads\/2017\/08\/basilikumtag_8-440x300.jpg 440w\" sizes=\"(max-width: 880px) 100vw, 880px\" \/><\/a><br \/>\n<a href=\"https:\/\/blog.ruehlemanns.de\/wp-content\/uploads\/2017\/08\/basilikumtag_7.jpg\"><img loading=\"lazy\" decoding=\"async\" class=\"alignnone size-full wp-image-5873\" src=\"https:\/\/blog.ruehlemanns.de\/wp-content\/uploads\/2017\/08\/basilikumtag_7.jpg\" alt=\"\" width=\"880\" height=\"600\" srcset=\"https:\/\/blog.ruehlemanns.de\/wp-content\/uploads\/2017\/08\/basilikumtag_7.jpg 880w, https:\/\/blog.ruehlemanns.de\/wp-content\/uploads\/2017\/08\/basilikumtag_7-300x205.jpg 300w, https:\/\/blog.ruehlemanns.de\/wp-content\/uploads\/2017\/08\/basilikumtag_7-768x524.jpg 768w, https:\/\/blog.ruehlemanns.de\/wp-content\/uploads\/2017\/08\/basilikumtag_7-440x300.jpg 440w\" sizes=\"(max-width: 880px) 100vw, 880px\" \/><\/a><\/p>\n<p>Auf Brot serviert, machte sich ein Gast zur Aufgabe, alle Besucher damit zu erfreuen. \u201cSehr lecker, die Paste!\u201c war immer wieder zu h\u00f6ren.<\/p>\n<p><a href=\"https:\/\/blog.ruehlemanns.de\/wp-content\/uploads\/2017\/08\/basilikumtag_15.jpg\"><img loading=\"lazy\" decoding=\"async\" class=\"alignnone size-full wp-image-5874\" src=\"https:\/\/blog.ruehlemanns.de\/wp-content\/uploads\/2017\/08\/basilikumtag_15.jpg\" alt=\"\" width=\"880\" height=\"600\" srcset=\"https:\/\/blog.ruehlemanns.de\/wp-content\/uploads\/2017\/08\/basilikumtag_15.jpg 880w, https:\/\/blog.ruehlemanns.de\/wp-content\/uploads\/2017\/08\/basilikumtag_15-300x205.jpg 300w, https:\/\/blog.ruehlemanns.de\/wp-content\/uploads\/2017\/08\/basilikumtag_15-768x524.jpg 768w, https:\/\/blog.ruehlemanns.de\/wp-content\/uploads\/2017\/08\/basilikumtag_15-440x300.jpg 440w\" sizes=\"(max-width: 880px) 100vw, 880px\" \/><\/a><\/p>\n<p>Bedanken wollen wir uns &#8211; au\u00dfer bei unseren flei\u00dfigen Helfern &#8211; auch bei unseren \u00dcberraschungsbesuchern Valeria und Anja, die uns mit Basilikumlimonade und Basilikummuffins versorgten.<\/p>\n<p><a href=\"https:\/\/blog.ruehlemanns.de\/wp-content\/uploads\/2017\/08\/basilikumtag_13.jpg\"><img loading=\"lazy\" decoding=\"async\" class=\"alignnone size-full wp-image-5875\" src=\"https:\/\/blog.ruehlemanns.de\/wp-content\/uploads\/2017\/08\/basilikumtag_13.jpg\" alt=\"\" width=\"880\" height=\"600\" srcset=\"https:\/\/blog.ruehlemanns.de\/wp-content\/uploads\/2017\/08\/basilikumtag_13.jpg 880w, https:\/\/blog.ruehlemanns.de\/wp-content\/uploads\/2017\/08\/basilikumtag_13-300x205.jpg 300w, https:\/\/blog.ruehlemanns.de\/wp-content\/uploads\/2017\/08\/basilikumtag_13-768x524.jpg 768w, https:\/\/blog.ruehlemanns.de\/wp-content\/uploads\/2017\/08\/basilikumtag_13-440x300.jpg 440w\" sizes=\"(max-width: 880px) 100vw, 880px\" \/><\/a><\/p>\n<p>Ein rundum gelungener Tag, bis n\u00e4chstes Jahr, wenn es wieder hei\u00dft: Basilikum, Basilikum, Basilikum\u2026\u2026<\/p>\n<p><strong>Andr\u00e9 und Eva<\/strong><\/p>\n<p><a href=\"https:\/\/blog.ruehlemanns.de\/wp-content\/uploads\/2017\/08\/basilikumtag_3.jpg\"><img loading=\"lazy\" decoding=\"async\" class=\"alignnone size-full wp-image-5876\" src=\"https:\/\/blog.ruehlemanns.de\/wp-content\/uploads\/2017\/08\/basilikumtag_3.jpg\" alt=\"\" width=\"880\" height=\"600\" srcset=\"https:\/\/blog.ruehlemanns.de\/wp-content\/uploads\/2017\/08\/basilikumtag_3.jpg 880w, https:\/\/blog.ruehlemanns.de\/wp-content\/uploads\/2017\/08\/basilikumtag_3-300x205.jpg 300w, https:\/\/blog.ruehlemanns.de\/wp-content\/uploads\/2017\/08\/basilikumtag_3-768x524.jpg 768w, https:\/\/blog.ruehlemanns.de\/wp-content\/uploads\/2017\/08\/basilikumtag_3-440x300.jpg 440w\" sizes=\"(max-width: 880px) 100vw, 880px\" \/><\/a><\/p>\n","protected":false},"excerpt":{"rendered":"<p>Nach einer sch\u00f6nen Vorbereitungzeit, in der wir einige Basilikumpflanzen hegten und pflegten, die inzwischen eine stattliche Gr\u00f6\u00dfe erreicht hatten, freuten wir uns sehr \u00fcber zahlreiche Besucher zum Basilikumschnuppertag am letzen Samstag. Einige bekannte Gesichter gaben uns auch wieder die Ehre. Nach einer kleinen Einf\u00fchrung in die Pflege und den richtigen Schnitt der K\u00f6nigin der Kr\u00e4uter, [&hellip;]<\/p>\n","protected":false},"author":11046,"featured_media":0,"comment_status":"open","ping_status":"open","sticky":false,"template":"","format":"standard","meta":{"site-sidebar-layout":"default","site-content-layout":"","ast-site-content-layout":"default","site-content-style":"default","site-sidebar-style":"default","ast-global-header-display":"","ast-banner-title-visibility":"","ast-main-header-display":"","ast-hfb-above-header-display":"","ast-hfb-below-header-display":"","ast-hfb-mobile-header-display":"","site-post-title":"","ast-breadcrumbs-content":"","ast-featured-img":"","footer-sml-layout":"","ast-disable-related-posts":"","theme-transparent-header-meta":"","adv-header-id-meta":"","stick-header-meta":"","header-above-stick-meta":"","header-main-stick-meta":"","header-below-stick-meta":"","astra-migrate-meta-layouts":"default","ast-page-background-enabled":"default","ast-page-background-meta":{"desktop":{"background-color":"var(--ast-global-color-4)","background-image":"","background-repeat":"repeat","background-position":"center center","background-size":"auto","background-attachment":"scroll","background-type":"","background-media":"","overlay-type":"","overlay-color":"","overlay-opacity":"","overlay-gradient":""},"tablet":{"background-color":"","background-image":"","background-repeat":"repeat","background-position":"center center","background-size":"auto","background-attachment":"scroll","background-type":"","background-media":"","overlay-type":"","overlay-color":"","overlay-opacity":"","overlay-gradient":""},"mobile":{"background-color":"","background-image":"","background-repeat":"repeat","background-position":"center center","background-size":"auto","background-attachment":"scroll","background-type":"","background-media":"","overlay-type":"","overlay-color":"","overlay-opacity":"","overlay-gradient":""}},"ast-content-background-meta":{"desktop":{"background-color":"var(--ast-global-color-5)","background-image":"","background-repeat":"repeat","background-position":"center center","background-size":"auto","background-attachment":"scroll","background-type":"","background-media":"","overlay-type":"","overlay-color":"","overlay-opacity":"","overlay-gradient":""},"tablet":{"background-color":"var(--ast-global-color-5)","background-image":"","background-repeat":"repeat","background-position":"center center","background-size":"auto","background-attachment":"scroll","background-type":"","background-media":"","overlay-type":"","overlay-color":"","overlay-opacity":"","overlay-gradient":""},"mobile":{"background-color":"var(--ast-global-color-5)","background-image":"","background-repeat":"repeat","background-position":"center center","background-size":"auto","background-attachment":"scroll","background-type":"","background-media":"","overlay-type":"","overlay-color":"","overlay-opacity":"","overlay-gradient":""}},"footnotes":""},"categories":[9,102,140],"tags":[],"class_list":["post-5861","post","type-post","status-publish","format-standard","hentry","category-allgemeines","category-rezepte","category-schnupperstunden"],"_links":{"self":[{"href":"https:\/\/blog.ruehlemanns.de\/index.php?rest_route=\/wp\/v2\/posts\/5861","targetHints":{"allow":["GET"]}}],"collection":[{"href":"https:\/\/blog.ruehlemanns.de\/index.php?rest_route=\/wp\/v2\/posts"}],"about":[{"href":"https:\/\/blog.ruehlemanns.de\/index.php?rest_route=\/wp\/v2\/types\/post"}],"author":[{"embeddable":true,"href":"https:\/\/blog.ruehlemanns.de\/index.php?rest_route=\/wp\/v2\/users\/11046"}],"replies":[{"embeddable":true,"href":"https:\/\/blog.ruehlemanns.de\/index.php?rest_route=%2Fwp%2Fv2%2Fcomments&post=5861"}],"version-history":[{"count":0,"href":"https:\/\/blog.ruehlemanns.de\/index.php?rest_route=\/wp\/v2\/posts\/5861\/revisions"}],"wp:attachment":[{"href":"https:\/\/blog.ruehlemanns.de\/index.php?rest_route=%2Fwp%2Fv2%2Fmedia&parent=5861"}],"wp:term":[{"taxonomy":"category","embeddable":true,"href":"https:\/\/blog.ruehlemanns.de\/index.php?rest_route=%2Fwp%2Fv2%2Fcategories&post=5861"},{"taxonomy":"post_tag","embeddable":true,"href":"https:\/\/blog.ruehlemanns.de\/index.php?rest_route=%2Fwp%2Fv2%2Ftags&post=5861"}],"curies":[{"name":"wp","href":"https:\/\/api.w.org\/{rel}","templated":true}]}}