{"id":5549,"date":"2017-07-13T13:08:13","date_gmt":"2017-07-13T12:08:13","guid":{"rendered":"https:\/\/blog.ruehlemanns.de\/?p=5549"},"modified":"2017-07-13T13:08:13","modified_gmt":"2017-07-13T12:08:13","slug":"teigtaschen-a-la-michaela","status":"publish","type":"post","link":"https:\/\/blog.ruehlemanns.de\/?p=5549","title":{"rendered":"Teigtaschen \u00e0 la Michaela"},"content":{"rendered":"<p>Was haben <a href=\"http:\/\/www.kraeuter-und-duftpflanzen.de\/search?sSearch=fag01\" target=\"_blank\" rel=\"noopener\"><strong>Baumspinat<\/strong><\/a> \u2026<br \/>\n<a href=\"https:\/\/blog.ruehlemanns.de\/wp-content\/uploads\/2017\/07\/teigtaschen_4.jpg\"><img fetchpriority=\"high\" decoding=\"async\" class=\"alignnone size-full wp-image-5550\" src=\"https:\/\/blog.ruehlemanns.de\/wp-content\/uploads\/2017\/07\/teigtaschen_4.jpg\" alt=\"\" width=\"880\" height=\"600\" srcset=\"https:\/\/blog.ruehlemanns.de\/wp-content\/uploads\/2017\/07\/teigtaschen_4.jpg 880w, https:\/\/blog.ruehlemanns.de\/wp-content\/uploads\/2017\/07\/teigtaschen_4-300x205.jpg 300w, https:\/\/blog.ruehlemanns.de\/wp-content\/uploads\/2017\/07\/teigtaschen_4-768x524.jpg 768w, https:\/\/blog.ruehlemanns.de\/wp-content\/uploads\/2017\/07\/teigtaschen_4-440x300.jpg 440w\" sizes=\"(max-width: 880px) 100vw, 880px\" \/><\/a><\/p>\n<p>und <a href=\"http:\/\/www.kraeuter-und-duftpflanzen.de\/search?sSearch=men44\" target=\"_blank\" rel=\"noopener\"><strong>Bananenminze<\/strong><\/a> \u2026<br \/>\n<a href=\"https:\/\/blog.ruehlemanns.de\/wp-content\/uploads\/2017\/07\/teigtaschen_5.jpg\"><img decoding=\"async\" class=\"alignnone size-full wp-image-5551\" src=\"https:\/\/blog.ruehlemanns.de\/wp-content\/uploads\/2017\/07\/teigtaschen_5.jpg\" alt=\"\" width=\"880\" height=\"600\" srcset=\"https:\/\/blog.ruehlemanns.de\/wp-content\/uploads\/2017\/07\/teigtaschen_5.jpg 880w, https:\/\/blog.ruehlemanns.de\/wp-content\/uploads\/2017\/07\/teigtaschen_5-300x205.jpg 300w, https:\/\/blog.ruehlemanns.de\/wp-content\/uploads\/2017\/07\/teigtaschen_5-768x524.jpg 768w, https:\/\/blog.ruehlemanns.de\/wp-content\/uploads\/2017\/07\/teigtaschen_5-440x300.jpg 440w\" sizes=\"(max-width: 880px) 100vw, 880px\" \/><\/a><\/p>\n<p>\u2026 gemeinsam? Fragt man Michaela danach, ist die Antwort ganz klar: \u201eSchmeckt sicherlich beides gut in Teigtaschen, mal pikant und mal s\u00fc\u00df!\u201c \u201eWollen wir das mal ausprobieren?\u201c \u201eJa, unbedingt!\u201c<br \/>\n<a href=\"https:\/\/blog.ruehlemanns.de\/wp-content\/uploads\/2017\/07\/teigtaschen_1.jpg\"><img decoding=\"async\" class=\"alignnone size-full wp-image-5552\" src=\"https:\/\/blog.ruehlemanns.de\/wp-content\/uploads\/2017\/07\/teigtaschen_1.jpg\" alt=\"\" width=\"880\" height=\"600\" srcset=\"https:\/\/blog.ruehlemanns.de\/wp-content\/uploads\/2017\/07\/teigtaschen_1.jpg 880w, https:\/\/blog.ruehlemanns.de\/wp-content\/uploads\/2017\/07\/teigtaschen_1-300x205.jpg 300w, https:\/\/blog.ruehlemanns.de\/wp-content\/uploads\/2017\/07\/teigtaschen_1-768x524.jpg 768w, https:\/\/blog.ruehlemanns.de\/wp-content\/uploads\/2017\/07\/teigtaschen_1-440x300.jpg 440w\" sizes=\"(max-width: 880px) 100vw, 880px\" \/><\/a><\/p>\n<p>Da jede Variante ohne weiteres den<em> \u201eMal schauen, ob&#8217;s den KollegInnen auch schmeckt\u201c<\/em> -Test mit Bravour bestanden hat, geben wir auch gerne die Rezepte preis:<\/p>\n<p><strong>Bl\u00e4tterteigtaschen mit Baumspinat<br \/>\n<a href=\"https:\/\/blog.ruehlemanns.de\/wp-content\/uploads\/2017\/07\/teigtaschen_2.jpg\"><img loading=\"lazy\" decoding=\"async\" class=\"alignnone size-full wp-image-5553\" src=\"https:\/\/blog.ruehlemanns.de\/wp-content\/uploads\/2017\/07\/teigtaschen_2.jpg\" alt=\"\" width=\"880\" height=\"600\" srcset=\"https:\/\/blog.ruehlemanns.de\/wp-content\/uploads\/2017\/07\/teigtaschen_2.jpg 880w, https:\/\/blog.ruehlemanns.de\/wp-content\/uploads\/2017\/07\/teigtaschen_2-300x205.jpg 300w, https:\/\/blog.ruehlemanns.de\/wp-content\/uploads\/2017\/07\/teigtaschen_2-768x524.jpg 768w, https:\/\/blog.ruehlemanns.de\/wp-content\/uploads\/2017\/07\/teigtaschen_2-440x300.jpg 440w\" sizes=\"(max-width: 880px) 100vw, 880px\" \/><\/a><br \/>\n<\/strong>\u00d6l in einem Topf erhitzen, eine kleine Zwiebel hinzugeben und glasig braten.<br \/>\nBaumspinatbl\u00e4tter vom Stiel zupfen, dazugeben und einige Minuten lang d\u00fcnsten.<br \/>\nGeriebenen Cheddark\u00e4se, Feta-K\u00e4sew\u00fcrfel und ein verquirltes Ei hinzuf\u00fcgen.<br \/>\nAlles gut vermischen und mit Salz und Pfeffer abschmecken.<br \/>\nEin frisches Bl\u00e4tterteig-Fertigprodukt ausrollen und in etwa 10&#215;10 cm gro\u00dfe Quadrate schneiden. Mit der Spinatmischung belegen und entweder zum Dreieck zusammen-klappen oder alle 4 Ecken zur Mitte klappen und mit einem verquirlten Ei bestreichen.<br \/>\nBei\u00a0180\u00b0C Umluft ca. 20 min backen bis die Taschen goldgelb sind.<\/p>\n<p><strong>Bl\u00e4tterteigtaschen mit Banane, Schokostreuseln &amp; Bananenminze<\/strong><br \/>\n<a href=\"https:\/\/blog.ruehlemanns.de\/wp-content\/uploads\/2017\/07\/teigtaschen_3.jpg\"><img loading=\"lazy\" decoding=\"async\" class=\"alignnone size-full wp-image-5554\" src=\"https:\/\/blog.ruehlemanns.de\/wp-content\/uploads\/2017\/07\/teigtaschen_3.jpg\" alt=\"\" width=\"880\" height=\"600\" srcset=\"https:\/\/blog.ruehlemanns.de\/wp-content\/uploads\/2017\/07\/teigtaschen_3.jpg 880w, https:\/\/blog.ruehlemanns.de\/wp-content\/uploads\/2017\/07\/teigtaschen_3-300x205.jpg 300w, https:\/\/blog.ruehlemanns.de\/wp-content\/uploads\/2017\/07\/teigtaschen_3-768x524.jpg 768w, https:\/\/blog.ruehlemanns.de\/wp-content\/uploads\/2017\/07\/teigtaschen_3-440x300.jpg 440w\" sizes=\"(max-width: 880px) 100vw, 880px\" \/><\/a><br \/>\nEine Banane mit der Gabel zerdr\u00fccken. Eine gro\u00dfe Handvoll Bananenminze klein hacken.<br \/>\nEs darf auch etwas mehr sein, da diese Minze keinen intensiven Mentholcharakter hat. Minze und 1-2 EL Schokoladenstreusel mit der Banane gut vermischen. Bl\u00e4tterteig wie im ersten Rezept schneiden, mit der Mischung belegen und zu Taschen zusammenklappen. Mit einem verquirltem Ei bestreichen und bei 180\u00b0C Umluft etwa 20 min backen.<strong><br \/>\n<\/strong><\/p>\n","protected":false},"excerpt":{"rendered":"<p>Was haben Baumspinat \u2026 und Bananenminze \u2026 \u2026 gemeinsam? Fragt man Michaela danach, ist die Antwort ganz klar: \u201eSchmeckt sicherlich beides gut in Teigtaschen, mal pikant und mal s\u00fc\u00df!\u201c \u201eWollen wir das mal ausprobieren?\u201c \u201eJa, unbedingt!\u201c Da jede Variante ohne weiteres den \u201eMal schauen, ob&#8217;s den KollegInnen auch schmeckt\u201c -Test mit Bravour bestanden hat, geben [&hellip;]<\/p>\n","protected":false},"author":10829,"featured_media":0,"comment_status":"open","ping_status":"open","sticky":false,"template":"","format":"standard","meta":{"site-sidebar-layout":"default","site-content-layout":"","ast-site-content-layout":"default","site-content-style":"default","site-sidebar-style":"default","ast-global-header-display":"","ast-banner-title-visibility":"","ast-main-header-display":"","ast-hfb-above-header-display":"","ast-hfb-below-header-display":"","ast-hfb-mobile-header-display":"","site-post-title":"","ast-breadcrumbs-content":"","ast-featured-img":"","footer-sml-layout":"","ast-disable-related-posts":"","theme-transparent-header-meta":"","adv-header-id-meta":"","stick-header-meta":"","header-above-stick-meta":"","header-main-stick-meta":"","header-below-stick-meta":"","astra-migrate-meta-layouts":"default","ast-page-background-enabled":"default","ast-page-background-meta":{"desktop":{"background-color":"var(--ast-global-color-4)","background-image":"","background-repeat":"repeat","background-position":"center center","background-size":"auto","background-attachment":"scroll","background-type":"","background-media":"","overlay-type":"","overlay-color":"","overlay-opacity":"","overlay-gradient":""},"tablet":{"background-color":"","background-image":"","background-repeat":"repeat","background-position":"center center","background-size":"auto","background-attachment":"scroll","background-type":"","background-media":"","overlay-type":"","overlay-color":"","overlay-opacity":"","overlay-gradient":""},"mobile":{"background-color":"","background-image":"","background-repeat":"repeat","background-position":"center center","background-size":"auto","background-attachment":"scroll","background-type":"","background-media":"","overlay-type":"","overlay-color":"","overlay-opacity":"","overlay-gradient":""}},"ast-content-background-meta":{"desktop":{"background-color":"var(--ast-global-color-5)","background-image":"","background-repeat":"repeat","background-position":"center center","background-size":"auto","background-attachment":"scroll","background-type":"","background-media":"","overlay-type":"","overlay-color":"","overlay-opacity":"","overlay-gradient":""},"tablet":{"background-color":"var(--ast-global-color-5)","background-image":"","background-repeat":"repeat","background-position":"center center","background-size":"auto","background-attachment":"scroll","background-type":"","background-media":"","overlay-type":"","overlay-color":"","overlay-opacity":"","overlay-gradient":""},"mobile":{"background-color":"var(--ast-global-color-5)","background-image":"","background-repeat":"repeat","background-position":"center center","background-size":"auto","background-attachment":"scroll","background-type":"","background-media":"","overlay-type":"","overlay-color":"","overlay-opacity":"","overlay-gradient":""}},"footnotes":""},"categories":[9,102],"tags":[],"class_list":["post-5549","post","type-post","status-publish","format-standard","hentry","category-allgemeines","category-rezepte"],"_links":{"self":[{"href":"https:\/\/blog.ruehlemanns.de\/index.php?rest_route=\/wp\/v2\/posts\/5549","targetHints":{"allow":["GET"]}}],"collection":[{"href":"https:\/\/blog.ruehlemanns.de\/index.php?rest_route=\/wp\/v2\/posts"}],"about":[{"href":"https:\/\/blog.ruehlemanns.de\/index.php?rest_route=\/wp\/v2\/types\/post"}],"author":[{"embeddable":true,"href":"https:\/\/blog.ruehlemanns.de\/index.php?rest_route=\/wp\/v2\/users\/10829"}],"replies":[{"embeddable":true,"href":"https:\/\/blog.ruehlemanns.de\/index.php?rest_route=%2Fwp%2Fv2%2Fcomments&post=5549"}],"version-history":[{"count":0,"href":"https:\/\/blog.ruehlemanns.de\/index.php?rest_route=\/wp\/v2\/posts\/5549\/revisions"}],"wp:attachment":[{"href":"https:\/\/blog.ruehlemanns.de\/index.php?rest_route=%2Fwp%2Fv2%2Fmedia&parent=5549"}],"wp:term":[{"taxonomy":"category","embeddable":true,"href":"https:\/\/blog.ruehlemanns.de\/index.php?rest_route=%2Fwp%2Fv2%2Fcategories&post=5549"},{"taxonomy":"post_tag","embeddable":true,"href":"https:\/\/blog.ruehlemanns.de\/index.php?rest_route=%2Fwp%2Fv2%2Ftags&post=5549"}],"curies":[{"name":"wp","href":"https:\/\/api.w.org\/{rel}","templated":true}]}}