{"id":5462,"date":"2017-07-06T08:45:48","date_gmt":"2017-07-06T07:45:48","guid":{"rendered":"https:\/\/blog.ruehlemanns.de\/?p=5462"},"modified":"2017-07-14T07:35:16","modified_gmt":"2017-07-14T06:35:16","slug":"leckerer-lavendel-rezepte","status":"publish","type":"post","link":"https:\/\/blog.ruehlemanns.de\/?p=5462","title":{"rendered":"Leckerer Lavendel &#8211; Rezepte"},"content":{"rendered":"<p><a href=\"https:\/\/blog.ruehlemanns.de\/wp-content\/uploads\/2017\/07\/schnupp_lav_1.jpg\"><img fetchpriority=\"high\" decoding=\"async\" class=\"alignnone size-full wp-image-5463\" src=\"https:\/\/blog.ruehlemanns.de\/wp-content\/uploads\/2017\/07\/schnupp_lav_1.jpg\" alt=\"\" width=\"880\" height=\"600\" srcset=\"https:\/\/blog.ruehlemanns.de\/wp-content\/uploads\/2017\/07\/schnupp_lav_1.jpg 880w, https:\/\/blog.ruehlemanns.de\/wp-content\/uploads\/2017\/07\/schnupp_lav_1-300x205.jpg 300w, https:\/\/blog.ruehlemanns.de\/wp-content\/uploads\/2017\/07\/schnupp_lav_1-768x524.jpg 768w, https:\/\/blog.ruehlemanns.de\/wp-content\/uploads\/2017\/07\/schnupp_lav_1-440x300.jpg 440w\" sizes=\"(max-width: 880px) 100vw, 880px\" \/><\/a>\u201eOh wie das duftet!\u201c Ja, bei unserer letzten Schnupperstunde am<br \/>\nvergangenen Samstag, lag wirklich mehr als ein Hauch von \u00a0<a href=\"https:\/\/www.kraeuter-und-duftpflanzen.de\/search?sSearch=Lavendel\">Lavendel<\/a> in der Luft und unser Hauptdarsteller konnte unter Beweis stellen, dass er nicht nur einen wunderbaren Duft verbreitet, sondern auch ab sofort in jede K\u00fcche Einzug halten sollte.<a style=\"font-weight: 300\" href=\"https:\/\/blog.ruehlemanns.de\/wp-content\/uploads\/2017\/07\/schnupp_lav_3.jpg\"><img decoding=\"async\" class=\"alignnone size-full wp-image-5465\" src=\"https:\/\/blog.ruehlemanns.de\/wp-content\/uploads\/2017\/07\/schnupp_lav_3.jpg\" alt=\"\" width=\"880\" height=\"600\" srcset=\"https:\/\/blog.ruehlemanns.de\/wp-content\/uploads\/2017\/07\/schnupp_lav_3.jpg 880w, https:\/\/blog.ruehlemanns.de\/wp-content\/uploads\/2017\/07\/schnupp_lav_3-300x205.jpg 300w, https:\/\/blog.ruehlemanns.de\/wp-content\/uploads\/2017\/07\/schnupp_lav_3-768x524.jpg 768w, https:\/\/blog.ruehlemanns.de\/wp-content\/uploads\/2017\/07\/schnupp_lav_3-440x300.jpg 440w\" sizes=\"(max-width: 880px) 100vw, 880px\" \/><\/a><\/p>\n<p>Spontan haben wir im Vorfeld noch ein bisschen experimentiert und kurzer Hand eine neue Teemischung ausprobiert &#8211; k\u00f6stlich!<\/p>\n<p><a href=\"https:\/\/blog.ruehlemanns.de\/wp-content\/uploads\/2017\/07\/schnupp_lav_10.jpg\"><img decoding=\"async\" class=\"alignnone size-full wp-image-5472\" src=\"https:\/\/blog.ruehlemanns.de\/wp-content\/uploads\/2017\/07\/schnupp_lav_10.jpg\" alt=\"\" width=\"880\" height=\"600\" srcset=\"https:\/\/blog.ruehlemanns.de\/wp-content\/uploads\/2017\/07\/schnupp_lav_10.jpg 880w, https:\/\/blog.ruehlemanns.de\/wp-content\/uploads\/2017\/07\/schnupp_lav_10-300x205.jpg 300w, https:\/\/blog.ruehlemanns.de\/wp-content\/uploads\/2017\/07\/schnupp_lav_10-768x524.jpg 768w, https:\/\/blog.ruehlemanns.de\/wp-content\/uploads\/2017\/07\/schnupp_lav_10-440x300.jpg 440w\" sizes=\"(max-width: 880px) 100vw, 880px\" \/><\/a><\/p>\n<p>Bei typisch nordischem Wetter, fanden sich dann viele interessierte Menschen ein, um mit uns gemeinsam die kulinarische Seite des Lavendels zu entdecken. Einige waren gleich anfangs von der Idee, begeistert, andere Teilnehmer waren ein wenig skeptisch, aber durchaus neugierig.<\/p>\n<p><a href=\"https:\/\/blog.ruehlemanns.de\/wp-content\/uploads\/2017\/07\/schnupp_lav_5.jpg\"><img loading=\"lazy\" decoding=\"async\" class=\"alignnone size-full wp-image-5467\" src=\"https:\/\/blog.ruehlemanns.de\/wp-content\/uploads\/2017\/07\/schnupp_lav_5.jpg\" alt=\"\" width=\"880\" height=\"600\" srcset=\"https:\/\/blog.ruehlemanns.de\/wp-content\/uploads\/2017\/07\/schnupp_lav_5.jpg 880w, https:\/\/blog.ruehlemanns.de\/wp-content\/uploads\/2017\/07\/schnupp_lav_5-300x205.jpg 300w, https:\/\/blog.ruehlemanns.de\/wp-content\/uploads\/2017\/07\/schnupp_lav_5-768x524.jpg 768w, https:\/\/blog.ruehlemanns.de\/wp-content\/uploads\/2017\/07\/schnupp_lav_5-440x300.jpg 440w\" sizes=\"(max-width: 880px) 100vw, 880px\" \/><\/a><\/p>\n<p>In der K\u00fcche gab es erstmal ein Gl\u00e4schen Lavendel-Limonade die wirklich bei allen gut ankam. Sehr angenehm im Geschmack und durch die Zitrone die im Sirup enthalten \u00a0ist auch sehr erfrischend.<a href=\"https:\/\/blog.ruehlemanns.de\/wp-content\/uploads\/2017\/07\/schnupp_lav_6.jpg\"><img loading=\"lazy\" decoding=\"async\" class=\"alignnone size-full wp-image-5468\" src=\"https:\/\/blog.ruehlemanns.de\/wp-content\/uploads\/2017\/07\/schnupp_lav_6.jpg\" alt=\"\" width=\"880\" height=\"600\" srcset=\"https:\/\/blog.ruehlemanns.de\/wp-content\/uploads\/2017\/07\/schnupp_lav_6.jpg 880w, https:\/\/blog.ruehlemanns.de\/wp-content\/uploads\/2017\/07\/schnupp_lav_6-300x205.jpg 300w, https:\/\/blog.ruehlemanns.de\/wp-content\/uploads\/2017\/07\/schnupp_lav_6-768x524.jpg 768w, https:\/\/blog.ruehlemanns.de\/wp-content\/uploads\/2017\/07\/schnupp_lav_6-440x300.jpg 440w\" sizes=\"(max-width: 880px) 100vw, 880px\" \/><\/a><\/p>\n<p>In der K\u00fcche wurde es dann \u00a0ernst. Es wurde geschnippelt, gehackt, ger\u00fchrt und geknetet und die ein oder andere Frage haben wir nebenbei sicher auch beantwortet. Welch ein sch\u00f6ner Trubel!\u00a0<a href=\"https:\/\/blog.ruehlemanns.de\/wp-content\/uploads\/2017\/07\/schnupp_lav_7.jpg\"><img loading=\"lazy\" decoding=\"async\" class=\"alignnone size-full wp-image-5469\" src=\"https:\/\/blog.ruehlemanns.de\/wp-content\/uploads\/2017\/07\/schnupp_lav_7.jpg\" alt=\"\" width=\"880\" height=\"600\" srcset=\"https:\/\/blog.ruehlemanns.de\/wp-content\/uploads\/2017\/07\/schnupp_lav_7.jpg 880w, https:\/\/blog.ruehlemanns.de\/wp-content\/uploads\/2017\/07\/schnupp_lav_7-300x205.jpg 300w, https:\/\/blog.ruehlemanns.de\/wp-content\/uploads\/2017\/07\/schnupp_lav_7-768x524.jpg 768w, https:\/\/blog.ruehlemanns.de\/wp-content\/uploads\/2017\/07\/schnupp_lav_7-440x300.jpg 440w\" sizes=\"(max-width: 880px) 100vw, 880px\" \/><\/a><\/p>\n<p>Am Ende waren alle positiv \u00fcberrascht von unseren gemeinsamen Ergebnissen, auch wenn festgestellt wurde, dass man mit der Dosierung vorsichtig sein sollte.<\/p>\n<p>Hier nochmal die Rezepte zum Nachkochen:<\/p>\n<p><em><strong>Lavendel-Gelee<\/strong><\/em><\/p>\n<p>Zutaten f\u00fcr ca. 4 Gl\u00e4ser:<br \/>\n1 Flasche Sekt, trocken (Ros\u00e8 intensiviert die Farbe)<br \/>\n1 Handvoll Lavendel<br \/>\nca. 400Gramm Gelierzucker 3:1<\/p>\n<p>Zubereitung:<br \/>\nDie Lavendelbl\u00fcten von den \u00a0Stielen zupfen und mit dem Sekt zusammen f\u00fcr mehrere Stunden (am Besten \u00fcber Nacht) in \u00a0einem Topf ziehen lassen. Danach die Bl\u00fcten aussieben und die Fl\u00fcssigkeit zusammen mit dem Gelierzucker ca. 4 Minuten sprudelnd kochen. Gl\u00e4ser mit hei\u00dfem Wasser aussp\u00fclen, mit Gelee f\u00fcllen und f\u00fcr 5 Minuten auf den Kopf stellen, fertig!<a href=\"https:\/\/blog.ruehlemanns.de\/wp-content\/uploads\/2017\/07\/schnupp_lav_12.jpg\"><img loading=\"lazy\" decoding=\"async\" class=\"alignnone size-full wp-image-5474\" src=\"https:\/\/blog.ruehlemanns.de\/wp-content\/uploads\/2017\/07\/schnupp_lav_12.jpg\" alt=\"\" width=\"880\" height=\"600\" srcset=\"https:\/\/blog.ruehlemanns.de\/wp-content\/uploads\/2017\/07\/schnupp_lav_12.jpg 880w, https:\/\/blog.ruehlemanns.de\/wp-content\/uploads\/2017\/07\/schnupp_lav_12-300x205.jpg 300w, https:\/\/blog.ruehlemanns.de\/wp-content\/uploads\/2017\/07\/schnupp_lav_12-768x524.jpg 768w, https:\/\/blog.ruehlemanns.de\/wp-content\/uploads\/2017\/07\/schnupp_lav_12-440x300.jpg 440w\" sizes=\"(max-width: 880px) 100vw, 880px\" \/><\/a><\/p>\n<p><em><strong>Lavendel-Stockbrot<\/strong><\/em><\/p>\n<p>Zutaten f\u00fcr zwei Bleche:<br \/>\n1\/2 W\u00fcrfel Hefe (21g)<br \/>\n1 TL Zucker<br \/>\n1 TL Lavendelbl\u00fcten, frisch oder getrocknet<br \/>\n1 TL Salz<br \/>\n2 EL Oliven\u00f6l<br \/>\n2 El Sojadrink<br \/>\n100-150 ml warmes Wasser<br \/>\nMehl zum Arbeiten<\/p>\n<p>Zubereitung:<br \/>\nAus Mehl, Hefe, Zucker und Wasser einen Vorteig herstellen und 15 Minuten gehen lassen. Den frischen Lavendel sehr klein schneiden, den getrockneten in einem M\u00f6rser fein zersto\u00dfen. Zusammen mit Salz und \u00d6l zum Vorteig geben und zu einem glatten, geschmeidigen Teig \u00a0kneten. \u00a0Weitere \u00a030 Minuten gehen lassen.<\/p>\n<p>Teig d\u00fcnn ausrollen und in ca. 1 cm dicke und 10 cm \u00a0lange Streifen schneiden. Jeweils zwei Streifen \u00a0um einen Holzspie\u00df drehen. Auf \u00a0den Backblechen nochmals 15 Minuten abgedeckt gehen lassen. Backofen auf 200 Grad vorheizen. Die Brotz\u00f6pfe mit dem Sojadrink bestreichen und im Ofen 12-15 Minuten goldgelb backen.<a href=\"https:\/\/blog.ruehlemanns.de\/wp-content\/uploads\/2017\/07\/schnupp_lav_11.jpg\"><img loading=\"lazy\" decoding=\"async\" class=\"alignnone size-full wp-image-5473\" src=\"https:\/\/blog.ruehlemanns.de\/wp-content\/uploads\/2017\/07\/schnupp_lav_11.jpg\" alt=\"\" width=\"880\" height=\"600\" srcset=\"https:\/\/blog.ruehlemanns.de\/wp-content\/uploads\/2017\/07\/schnupp_lav_11.jpg 880w, https:\/\/blog.ruehlemanns.de\/wp-content\/uploads\/2017\/07\/schnupp_lav_11-300x205.jpg 300w, https:\/\/blog.ruehlemanns.de\/wp-content\/uploads\/2017\/07\/schnupp_lav_11-768x524.jpg 768w, https:\/\/blog.ruehlemanns.de\/wp-content\/uploads\/2017\/07\/schnupp_lav_11-440x300.jpg 440w\" sizes=\"(max-width: 880px) 100vw, 880px\" \/><\/a><\/p>\n<p><em><strong>Erdbeer-Lavendel-S\u00fcppchen<\/strong><\/em><\/p>\n<p>Zutaten f\u00fcr ca. 4-5 Personen:<\/p>\n<p>200 g Zucker<br \/>\n1 EL \u00a0Lavendelbl\u00fcten, getrocknet oder frisch<br \/>\n1\/2 Zitrone (der Saft)<br \/>\n200 g Erdbeeren<\/p>\n<p>Zubereitung:<br \/>\nDie Lavendelbl\u00fcten \u00a0mit dem Zitronensaft, ca. 400ml Wasser und dem Zucker verr\u00fchren und erw\u00e4rmen bis dieser sich vollst\u00e4ndig gel\u00f6st hat. Eine \u00a0Minute leicht zu einem Sirup k\u00f6cheln lassen. Die Erdbeeren waschen, putzen und in Scheiben schneiden. In einer Sch\u00fcssel mit dem Sirup \u00fcbergie\u00dfen und im K\u00fchlschrank f\u00fcr\u00a0 1,5 bis 2 Stunden ziehen lassen.<a href=\"https:\/\/blog.ruehlemanns.de\/wp-content\/uploads\/2017\/07\/schnupp_lav_15.jpg\"><img loading=\"lazy\" decoding=\"async\" class=\"alignnone size-full wp-image-5477\" src=\"https:\/\/blog.ruehlemanns.de\/wp-content\/uploads\/2017\/07\/schnupp_lav_15.jpg\" alt=\"\" width=\"880\" height=\"600\" srcset=\"https:\/\/blog.ruehlemanns.de\/wp-content\/uploads\/2017\/07\/schnupp_lav_15.jpg 880w, https:\/\/blog.ruehlemanns.de\/wp-content\/uploads\/2017\/07\/schnupp_lav_15-300x205.jpg 300w, https:\/\/blog.ruehlemanns.de\/wp-content\/uploads\/2017\/07\/schnupp_lav_15-768x524.jpg 768w, https:\/\/blog.ruehlemanns.de\/wp-content\/uploads\/2017\/07\/schnupp_lav_15-440x300.jpg 440w\" sizes=\"(max-width: 880px) 100vw, 880px\" \/><\/a><\/p>\n<p><em><strong>Kr\u00e4uter-Risotto mit Lavendel<\/strong><\/em><\/p>\n<p>Zutaten f\u00fcr ca.4 &#8211; 5 gute Portionen:<br \/>\n70 g getrocknete Tomaten ohne \u00d6l<br \/>\n2 TL edels\u00fc\u00dfes Paprikapulver<br \/>\n2 &#8211; 3 TL <a href=\"https:\/\/www.kraeuter-und-duftpflanzen.de\/search?sSearch=Rosmarin\">Rosmarin<\/a> (sch\u00f6n kleingehackt)<br \/>\n2 &#8211; 3 TL <a href=\"http:\/\/www.kraeuter-und-duftpflanzen.de\/Nach-Verwendung\/Mediterranes-Beet\/Franzoesischer-Thymian-Pflanze\">Thymian \u00a0<\/a><br \/>\n2 &#8211; 3 TL <a href=\"http:\/\/www.kraeuter-und-duftpflanzen.de\/search?sSearch=Bohnenkraut\">Bohnenkraut \u00a0<\/a><br \/>\n2 &#8211; 3 TL <a href=\"http:\/\/www.kraeuter-und-duftpflanzen.de\/search?sSearch=Majoran\">Majoran \u00a0 <\/a><br \/>\n2 TL <a href=\"http:\/\/www.kraeuter-und-duftpflanzen.de\/search?sSearch=Basilikum\">Basilikum \u00a0<\/a><br \/>\n2 &#8211; 3 TL Lavendelbl\u00fcten<br \/>\n1 Lorbeerblatt<br \/>\n500 g Risotto- Reis<br \/>\nSalz nach Bedarf \u00a0und Geschmack<br \/>\nevt. etwas Margarine oder Butter \u00a0(Fett l\u00e4sst den Geschmack der Kr\u00e4uter deutlicher zur Geltung kommen)<\/p>\n<p>Zubereitung:<br \/>\nAlle Kr\u00e4uter und die Tomaten gr\u00fcndlich zerkleinern und zusammen mit dem Risotto-Reis ansetzen. Immer wieder gr\u00fcndlich r\u00fchren und bei mittlerer Hitze leicht k\u00f6cheln lassen, bis der Reis die gew\u00fcnschte Konsistenz erreicht hat.<a href=\"https:\/\/blog.ruehlemanns.de\/wp-content\/uploads\/2017\/07\/schnupp_lav_14.jpg\"><img loading=\"lazy\" decoding=\"async\" class=\"alignnone size-full wp-image-5476\" src=\"https:\/\/blog.ruehlemanns.de\/wp-content\/uploads\/2017\/07\/schnupp_lav_14.jpg\" alt=\"\" width=\"880\" height=\"600\" srcset=\"https:\/\/blog.ruehlemanns.de\/wp-content\/uploads\/2017\/07\/schnupp_lav_14.jpg 880w, https:\/\/blog.ruehlemanns.de\/wp-content\/uploads\/2017\/07\/schnupp_lav_14-300x205.jpg 300w, https:\/\/blog.ruehlemanns.de\/wp-content\/uploads\/2017\/07\/schnupp_lav_14-768x524.jpg 768w, https:\/\/blog.ruehlemanns.de\/wp-content\/uploads\/2017\/07\/schnupp_lav_14-440x300.jpg 440w\" sizes=\"(max-width: 880px) 100vw, 880px\" \/><\/a><\/p>\n<p>Wie versprochen, leider ohne Fotos aber nichts desto trotz sehr k\u00f6stlich das Rezept f\u00fcr den <em><strong>Lavendel- R\u00fchrkuchen<\/strong><\/em>:<\/p>\n<p>Zutaten:<br \/>\n6 TL frische oder getrocknete Lavendelbl\u00fcten (gut zerkleinern)<br \/>\n160 g Pflanzenmargarine<br \/>\n300 g feines Dinkelmehl<br \/>\n300 ml Pflanzendrink (Soja-, Mandel- oder Haferdrink)<br \/>\n100 g \u00a0Puderzucker<br \/>\n1\/2 \u00a0P\u00e4ckchen Backpulver<br \/>\n1 EL Essig (erst ganz am \u00a0Schluss zugeben \u00a0&#8211; geht auch ohne, aber der Kuchen treibt mit dem Essig besser)<\/p>\n<p>Zubereitung:<br \/>\nAlle Zutaten \u00a0bis auf den Essig zu einem z\u00e4hfl\u00fcssigen Teig verr\u00fchren. Ofen auf 200 Grad vorheizen und eine \u00a0Kastenform vorbereiten. Zuletzt noch den Essig hinzuf\u00fcgen und in den Teig dann in die Form f\u00fcllen. Ca. 40 Minuten backen- St\u00e4bchenprobe machen. Wenn kein Teig mehr kleben bleibt, ausk\u00fchlen lassen. Dieser Kuchen ist nicht so s\u00fc\u00df und eher noch ein bisschen feucht &#8211; bei unserem Schnuppertag waren wir alle sehr begeistert davon.<\/p>\n<p>Jetzt w\u00fcnschen wir Ihnen viel Spa\u00df beim Nachkochen und Ausprobieren und hoffen Sie haben ab jetzt immer ein Gl\u00e4schen mit getrockneten Lavendelbl\u00fcten im Gew\u00fcrzschrank!<\/p>\n<p>Ihre Martina Warnke &amp; Franziska Spitzh\u00fcttl<\/p>\n<p><a href=\"https:\/\/blog.ruehlemanns.de\/wp-content\/uploads\/2017\/07\/schnupp_lav_4.jpg\"><img loading=\"lazy\" decoding=\"async\" class=\"alignnone size-full wp-image-5466\" src=\"https:\/\/blog.ruehlemanns.de\/wp-content\/uploads\/2017\/07\/schnupp_lav_4.jpg\" alt=\"\" width=\"880\" height=\"600\" srcset=\"https:\/\/blog.ruehlemanns.de\/wp-content\/uploads\/2017\/07\/schnupp_lav_4.jpg 880w, https:\/\/blog.ruehlemanns.de\/wp-content\/uploads\/2017\/07\/schnupp_lav_4-300x205.jpg 300w, https:\/\/blog.ruehlemanns.de\/wp-content\/uploads\/2017\/07\/schnupp_lav_4-768x524.jpg 768w, https:\/\/blog.ruehlemanns.de\/wp-content\/uploads\/2017\/07\/schnupp_lav_4-440x300.jpg 440w\" sizes=\"(max-width: 880px) 100vw, 880px\" \/><\/a><\/p>\n<p>Gerne sind Sie bzw. ihre Kinder (zwischen 8-12 Jahren) schon zur n\u00e4chsten Schnupperstunde am 29.07.2017 eingeladen. \u201eDas ist Dufte!\u201c &#8211; zwischen 12 \u2013 15 Uhr bieten Hilke M\u00fcller und Anke Gettel drei spannende Stunden rund um unsere Kr\u00e4uter an.<\/p>\n<p>Die Schnupperstunden am 12.08. \u201eHeilpflanzen f\u00fcr die Seele\u201c und am 09.09. \u201eNaturkosmetik selber machen\u201c entfallen. Alle anderen Schnupperstunden finden wie angegeben statt.<\/p>\n","protected":false},"excerpt":{"rendered":"<p>\u201eOh wie das duftet!\u201c Ja, bei unserer letzten Schnupperstunde am vergangenen Samstag, lag wirklich mehr als ein Hauch von \u00a0Lavendel in der Luft und unser Hauptdarsteller konnte unter Beweis stellen, dass er nicht nur einen wunderbaren Duft verbreitet, sondern auch ab sofort in jede K\u00fcche Einzug halten sollte. Spontan haben wir im Vorfeld noch ein [&hellip;]<\/p>\n","protected":false},"author":5346,"featured_media":0,"comment_status":"open","ping_status":"open","sticky":false,"template":"","format":"standard","meta":{"site-sidebar-layout":"default","site-content-layout":"","ast-site-content-layout":"default","site-content-style":"default","site-sidebar-style":"default","ast-global-header-display":"","ast-banner-title-visibility":"","ast-main-header-display":"","ast-hfb-above-header-display":"","ast-hfb-below-header-display":"","ast-hfb-mobile-header-display":"","site-post-title":"","ast-breadcrumbs-content":"","ast-featured-img":"","footer-sml-layout":"","ast-disable-related-posts":"","theme-transparent-header-meta":"","adv-header-id-meta":"","stick-header-meta":"","header-above-stick-meta":"","header-main-stick-meta":"","header-below-stick-meta":"","astra-migrate-meta-layouts":"default","ast-page-background-enabled":"default","ast-page-background-meta":{"desktop":{"background-color":"var(--ast-global-color-4)","background-image":"","background-repeat":"repeat","background-position":"center center","background-size":"auto","background-attachment":"scroll","background-type":"","background-media":"","overlay-type":"","overlay-color":"","overlay-opacity":"","overlay-gradient":""},"tablet":{"background-color":"","background-image":"","background-repeat":"repeat","background-position":"center center","background-size":"auto","background-attachment":"scroll","background-type":"","background-media":"","overlay-type":"","overlay-color":"","overlay-opacity":"","overlay-gradient":""},"mobile":{"background-color":"","background-image":"","background-repeat":"repeat","background-position":"center center","background-size":"auto","background-attachment":"scroll","background-type":"","background-media":"","overlay-type":"","overlay-color":"","overlay-opacity":"","overlay-gradient":""}},"ast-content-background-meta":{"desktop":{"background-color":"var(--ast-global-color-5)","background-image":"","background-repeat":"repeat","background-position":"center center","background-size":"auto","background-attachment":"scroll","background-type":"","background-media":"","overlay-type":"","overlay-color":"","overlay-opacity":"","overlay-gradient":""},"tablet":{"background-color":"var(--ast-global-color-5)","background-image":"","background-repeat":"repeat","background-position":"center center","background-size":"auto","background-attachment":"scroll","background-type":"","background-media":"","overlay-type":"","overlay-color":"","overlay-opacity":"","overlay-gradient":""},"mobile":{"background-color":"var(--ast-global-color-5)","background-image":"","background-repeat":"repeat","background-position":"center center","background-size":"auto","background-attachment":"scroll","background-type":"","background-media":"","overlay-type":"","overlay-color":"","overlay-opacity":"","overlay-gradient":""}},"footnotes":""},"categories":[9,102,140],"tags":[],"class_list":["post-5462","post","type-post","status-publish","format-standard","hentry","category-allgemeines","category-rezepte","category-schnupperstunden"],"_links":{"self":[{"href":"https:\/\/blog.ruehlemanns.de\/index.php?rest_route=\/wp\/v2\/posts\/5462","targetHints":{"allow":["GET"]}}],"collection":[{"href":"https:\/\/blog.ruehlemanns.de\/index.php?rest_route=\/wp\/v2\/posts"}],"about":[{"href":"https:\/\/blog.ruehlemanns.de\/index.php?rest_route=\/wp\/v2\/types\/post"}],"author":[{"embeddable":true,"href":"https:\/\/blog.ruehlemanns.de\/index.php?rest_route=\/wp\/v2\/users\/5346"}],"replies":[{"embeddable":true,"href":"https:\/\/blog.ruehlemanns.de\/index.php?rest_route=%2Fwp%2Fv2%2Fcomments&post=5462"}],"version-history":[{"count":0,"href":"https:\/\/blog.ruehlemanns.de\/index.php?rest_route=\/wp\/v2\/posts\/5462\/revisions"}],"wp:attachment":[{"href":"https:\/\/blog.ruehlemanns.de\/index.php?rest_route=%2Fwp%2Fv2%2Fmedia&parent=5462"}],"wp:term":[{"taxonomy":"category","embeddable":true,"href":"https:\/\/blog.ruehlemanns.de\/index.php?rest_route=%2Fwp%2Fv2%2Fcategories&post=5462"},{"taxonomy":"post_tag","embeddable":true,"href":"https:\/\/blog.ruehlemanns.de\/index.php?rest_route=%2Fwp%2Fv2%2Ftags&post=5462"}],"curies":[{"name":"wp","href":"https:\/\/api.w.org\/{rel}","templated":true}]}}