{"id":5341,"date":"2017-06-23T13:35:09","date_gmt":"2017-06-23T12:35:09","guid":{"rendered":"https:\/\/blog.ruehlemanns.de\/?p=5341"},"modified":"2017-06-23T13:35:09","modified_gmt":"2017-06-23T12:35:09","slug":"der-lavendel-blueht","status":"publish","type":"post","link":"https:\/\/blog.ruehlemanns.de\/?p=5341","title":{"rendered":"Der Lavendel bl\u00fcht"},"content":{"rendered":"<p align=\"left\"><a href=\"https:\/\/blog.ruehlemanns.de\/wp-content\/uploads\/2017\/06\/lavendel.jpg\"><img fetchpriority=\"high\" decoding=\"async\" class=\"alignnone size-full wp-image-5342\" src=\"https:\/\/blog.ruehlemanns.de\/wp-content\/uploads\/2017\/06\/lavendel.jpg\" alt=\"\" width=\"880\" height=\"600\" srcset=\"https:\/\/blog.ruehlemanns.de\/wp-content\/uploads\/2017\/06\/lavendel.jpg 880w, https:\/\/blog.ruehlemanns.de\/wp-content\/uploads\/2017\/06\/lavendel-300x205.jpg 300w, https:\/\/blog.ruehlemanns.de\/wp-content\/uploads\/2017\/06\/lavendel-768x524.jpg 768w, https:\/\/blog.ruehlemanns.de\/wp-content\/uploads\/2017\/06\/lavendel-440x300.jpg 440w\" sizes=\"(max-width: 880px) 100vw, 880px\" \/><\/a><\/p>\n<p align=\"left\"><span style=\"font-family: Arial,sans-serif\"><span style=\"font-size: medium\">Wenn ich andere Menschen frage, was sie mit dem Duft von <a href=\"http:\/\/www.kraeuter-und-duftpflanzen.de\/search?sSearch=lavendel\">Lavendel<\/a> verbinden, kommt oft die Antwort \u201eOma!\u201c. Das kommt meist so schnell und von Herzen, dass ich l\u00e4cheln muss. <\/span><\/span><span style=\"font-family: Arial,sans-serif\"><span style=\"font-size: medium\"><br \/>\n<\/span><\/span><span style=\"font-family: Arial,sans-serif\"><span style=\"font-size: medium\">Auch bei mir weckt der Duft von Lavendel diffuse Kindheitserinnerungen an das Haus und das Schlafzimmer meiner Gro\u00dfeltern. Denn wie es fr\u00fcher \u00fcblich war, hingen in den Schr\u00e4nken \u00fcberall kleine B\u00fcschel oder Dufts\u00e4ckchen mit Lavendel, die die Motten von der Kleidung fernhalten sollten.<br \/>\n<\/span><\/span><span style=\"font-family: Arial,sans-serif\"><span style=\"font-size: medium\">Ich glaube nicht, dass meiner Gro\u00dfmutter bewusst war, dass ihre Kittelsch\u00fcrzen, Kleider und Blusen immer einen leichten Hauch von Lavendel verstr\u00f6mten. Oder, dass sie wusste, dass der Duft des Lavendels im Schlafzimmer sehr beruhigend wirkte.<\/span><\/span><\/p>\n<p align=\"left\"><span style=\"font-family: Arial,sans-serif\"><span style=\"font-size: medium\">In mir weckt dieser Duft immer die Assoziation von W\u00e4rme und Geborgenheit und deswegen liebe ich den Lavendel auch in all seinen Formen, Farben und Duftnuancen.<\/span><\/span><\/p>\n<p align=\"left\"><span style=\"font-family: Arial,sans-serif\"><span style=\"font-size: medium\">Dieser frische, klare Duft hilft mir, mich zu zentrieren, wieder Kraft zu sch\u00f6pfen und meine Gedanken zu ordnen \u2013 er hilft mir mehr als so manches Mittelchen, das ich in der Apotheke daf\u00fcr finden k\u00f6nnte.<\/span><\/span><\/p>\n<p align=\"left\"><span style=\"font-family: Arial,sans-serif\"><span style=\"font-size: medium\">Mit meiner Vorliebe f\u00fcr diesen Duft stehe ich zum Gl\u00fcck nicht alleine da, auch wenn ich manchmal verwundert angeschaut werde, wenn ich mal wieder ins Schw\u00e4rmen gerate. <\/span><\/span><\/p>\n<p align=\"left\"><span style=\"font-family: Arial,sans-serif\"><span style=\"font-size: medium\">Es scheiden sich beim Lavendel aber auch die Geister. Entweder man mag ihn, oder man mag ihn gar nicht. Pers\u00f6nlich kenne ich niemanden, der sagt, er mag ihn \u201eein bisschen\u201c. Vielleicht passt das aber auch gut zu seiner Ausstrahlung. Er ist keine Pflanze, die sich verbiegt und auch das Verholzen der Triebe zeugt von einer Erdverbundenheit und einem Streben der Sonne entgegen.<\/span><\/span><\/p>\n<p align=\"left\"><span style=\"font-family: Arial,sans-serif\"><span style=\"font-size: medium\">Doch nicht nur durch seinen Duft wei\u00df der Lavendel zu \u00fcberzeugen \u2013 auch seine eigenwillige Wuchsform, seine wunderbar klaren Farben und auch seinen Geschmack habe ich sch\u00e4tzen gelernt. L\u00e4ngst sind die Zeiten vorbei, wo er lediglich als Dufts\u00e4ckchen die Schr\u00e4nke der Menschen von innen kennengelernt hat, nein, sein Eroberungsfeldzug in die K\u00fcchen und Hausapotheken der Menschen ist kaum aufzuhalten. Gut so!<\/span><\/span><\/p>\n<p align=\"left\"><span style=\"font-family: Arial,sans-serif\"><span style=\"font-size: medium\">Am n\u00e4chsten Schnupper-Samstag, den 1.7. werden wir uns mit der kulinarischen Seite des Lavendels intensiv besch\u00e4ftigen. Vielleicht sind Sie dabei?<\/span><\/span><\/p>\n","protected":false},"excerpt":{"rendered":"<p>Wenn ich andere Menschen frage, was sie mit dem Duft von Lavendel verbinden, kommt oft die Antwort \u201eOma!\u201c. Das kommt meist so schnell und von Herzen, dass ich l\u00e4cheln muss. Auch bei mir weckt der Duft von Lavendel diffuse Kindheitserinnerungen an das Haus und das Schlafzimmer meiner Gro\u00dfeltern. Denn wie es fr\u00fcher \u00fcblich war, hingen [&hellip;]<\/p>\n","protected":false},"author":5346,"featured_media":0,"comment_status":"open","ping_status":"open","sticky":false,"template":"","format":"standard","meta":{"site-sidebar-layout":"default","site-content-layout":"","ast-site-content-layout":"default","site-content-style":"default","site-sidebar-style":"default","ast-global-header-display":"","ast-banner-title-visibility":"","ast-main-header-display":"","ast-hfb-above-header-display":"","ast-hfb-below-header-display":"","ast-hfb-mobile-header-display":"","site-post-title":"","ast-breadcrumbs-content":"","ast-featured-img":"","footer-sml-layout":"","ast-disable-related-posts":"","theme-transparent-header-meta":"","adv-header-id-meta":"","stick-header-meta":"","header-above-stick-meta":"","header-main-stick-meta":"","header-below-stick-meta":"","astra-migrate-meta-layouts":"default","ast-page-background-enabled":"default","ast-page-background-meta":{"desktop":{"background-color":"var(--ast-global-color-4)","background-image":"","background-repeat":"repeat","background-position":"center center","background-size":"auto","background-attachment":"scroll","background-type":"","background-media":"","overlay-type":"","overlay-color":"","overlay-opacity":"","overlay-gradient":""},"tablet":{"background-color":"","background-image":"","background-repeat":"repeat","background-position":"center center","background-size":"auto","background-attachment":"scroll","background-type":"","background-media":"","overlay-type":"","overlay-color":"","overlay-opacity":"","overlay-gradient":""},"mobile":{"background-color":"","background-image":"","background-repeat":"repeat","background-position":"center center","background-size":"auto","background-attachment":"scroll","background-type":"","background-media":"","overlay-type":"","overlay-color":"","overlay-opacity":"","overlay-gradient":""}},"ast-content-background-meta":{"desktop":{"background-color":"var(--ast-global-color-5)","background-image":"","background-repeat":"repeat","background-position":"center center","background-size":"auto","background-attachment":"scroll","background-type":"","background-media":"","overlay-type":"","overlay-color":"","overlay-opacity":"","overlay-gradient":""},"tablet":{"background-color":"var(--ast-global-color-5)","background-image":"","background-repeat":"repeat","background-position":"center center","background-size":"auto","background-attachment":"scroll","background-type":"","background-media":"","overlay-type":"","overlay-color":"","overlay-opacity":"","overlay-gradient":""},"mobile":{"background-color":"var(--ast-global-color-5)","background-image":"","background-repeat":"repeat","background-position":"center center","background-size":"auto","background-attachment":"scroll","background-type":"","background-media":"","overlay-type":"","overlay-color":"","overlay-opacity":"","overlay-gradient":""}},"footnotes":""},"categories":[9,138,140],"tags":[],"class_list":["post-5341","post","type-post","status-publish","format-standard","hentry","category-allgemeines","category-mitarbeiter","category-schnupperstunden"],"_links":{"self":[{"href":"https:\/\/blog.ruehlemanns.de\/index.php?rest_route=\/wp\/v2\/posts\/5341","targetHints":{"allow":["GET"]}}],"collection":[{"href":"https:\/\/blog.ruehlemanns.de\/index.php?rest_route=\/wp\/v2\/posts"}],"about":[{"href":"https:\/\/blog.ruehlemanns.de\/index.php?rest_route=\/wp\/v2\/types\/post"}],"author":[{"embeddable":true,"href":"https:\/\/blog.ruehlemanns.de\/index.php?rest_route=\/wp\/v2\/users\/5346"}],"replies":[{"embeddable":true,"href":"https:\/\/blog.ruehlemanns.de\/index.php?rest_route=%2Fwp%2Fv2%2Fcomments&post=5341"}],"version-history":[{"count":0,"href":"https:\/\/blog.ruehlemanns.de\/index.php?rest_route=\/wp\/v2\/posts\/5341\/revisions"}],"wp:attachment":[{"href":"https:\/\/blog.ruehlemanns.de\/index.php?rest_route=%2Fwp%2Fv2%2Fmedia&parent=5341"}],"wp:term":[{"taxonomy":"category","embeddable":true,"href":"https:\/\/blog.ruehlemanns.de\/index.php?rest_route=%2Fwp%2Fv2%2Fcategories&post=5341"},{"taxonomy":"post_tag","embeddable":true,"href":"https:\/\/blog.ruehlemanns.de\/index.php?rest_route=%2Fwp%2Fv2%2Ftags&post=5341"}],"curies":[{"name":"wp","href":"https:\/\/api.w.org\/{rel}","templated":true}]}}