{"id":4871,"date":"2017-05-12T12:46:29","date_gmt":"2017-05-12T11:46:29","guid":{"rendered":"https:\/\/blog.ruehlemanns.de\/?p=4871"},"modified":"2018-11-15T10:58:57","modified_gmt":"2018-11-15T09:58:57","slug":"duftende-kraeuterstraeusse-im-fruehling","status":"publish","type":"post","link":"https:\/\/blog.ruehlemanns.de\/?p=4871","title":{"rendered":"Duftende Kr\u00e4uterstr\u00e4u\u00dfe im Fr\u00fchling"},"content":{"rendered":"<p>Nachdem Michaelas Kr\u00e4uterstr\u00e4u\u00dfe zum Saisonstart sehr viel Anklang gefunden haben, l\u00e4sst sie ihren Blick nun jeden Freitag durch die G\u00e4rtnerei schweifen, um einen jahreszeitlich passenden Strau\u00df f\u00fcr unseren Direktverkauf zu zaubern.<\/p>\n<p>Auch uns verzaubert sie mit dem Ergebnis jedes Mal auf&#8217;s Neue: ob Strau\u00df oder Str\u00e4u\u00dfchen \u2013 die bunte Mischung ist jedesmal eine wunderbare \u00dcberraschung f\u00fcrs Auge und eine w\u00fcrzige f\u00fcr die Nase.<\/p>\n<p><a href=\"https:\/\/blog.ruehlemanns.de\/wp-content\/uploads\/2017\/05\/kraeuterstraeusse_2b.jpg\"><img fetchpriority=\"high\" decoding=\"async\" class=\"alignnone size-full wp-image-4872\" src=\"https:\/\/blog.ruehlemanns.de\/wp-content\/uploads\/2017\/05\/kraeuterstraeusse_2b.jpg\" alt=\"\" width=\"880\" height=\"600\" srcset=\"https:\/\/blog.ruehlemanns.de\/wp-content\/uploads\/2017\/05\/kraeuterstraeusse_2b.jpg 880w, https:\/\/blog.ruehlemanns.de\/wp-content\/uploads\/2017\/05\/kraeuterstraeusse_2b-300x205.jpg 300w, https:\/\/blog.ruehlemanns.de\/wp-content\/uploads\/2017\/05\/kraeuterstraeusse_2b-768x524.jpg 768w, https:\/\/blog.ruehlemanns.de\/wp-content\/uploads\/2017\/05\/kraeuterstraeusse_2b-440x300.jpg 440w\" sizes=\"(max-width: 880px) 100vw, 880px\" \/><\/a><\/p>\n<p><span style=\"font-family: Arial,sans-serif\">Heute war es eine Mischung aus Bl\u00fcten von <a href=\"http:\/\/www.kraeuter-und-duftpflanzen.de\/search?sSearch=pol23\" target=\"_blank\" rel=\"noopener noreferrer\"><strong>Jakobsleiter<\/strong><\/a>, <a href=\"http:\/\/www.kraeuter-und-duftpflanzen.de\/search?sSearch=peu01\" target=\"_blank\" rel=\"noopener noreferrer\"><strong>Meisterwurz<\/strong><\/a> und <a href=\"http:\/\/www.kraeuter-und-duftpflanzen.de\/search?sSearch=sal01\" target=\"_blank\" rel=\"noopener noreferrer\"><strong>rosa bl\u00fchendem Salbei<\/strong><\/a>. Dazwischen die dunklen und herrlich frisch duftenden Bl\u00e4tter der <a href=\"http:\/\/www.kraeuter-und-duftpflanzen.de\/search?sSearch=men07\" target=\"_blank\" rel=\"noopener noreferrer\"><strong>Englischen Minze<\/strong><\/a>.<\/span><\/p>\n<p><a href=\"https:\/\/blog.ruehlemanns.de\/wp-content\/uploads\/2017\/05\/kraeuterstraeusse_2a.jpg\"><img decoding=\"async\" class=\"alignnone size-full wp-image-4873\" src=\"https:\/\/blog.ruehlemanns.de\/wp-content\/uploads\/2017\/05\/kraeuterstraeusse_2a.jpg\" alt=\"\" width=\"880\" height=\"600\" srcset=\"https:\/\/blog.ruehlemanns.de\/wp-content\/uploads\/2017\/05\/kraeuterstraeusse_2a.jpg 880w, https:\/\/blog.ruehlemanns.de\/wp-content\/uploads\/2017\/05\/kraeuterstraeusse_2a-300x205.jpg 300w, https:\/\/blog.ruehlemanns.de\/wp-content\/uploads\/2017\/05\/kraeuterstraeusse_2a-768x524.jpg 768w, https:\/\/blog.ruehlemanns.de\/wp-content\/uploads\/2017\/05\/kraeuterstraeusse_2a-440x300.jpg 440w\" sizes=\"(max-width: 880px) 100vw, 880px\" \/><\/a><\/p>\n<p><span style=\"font-family: Arial,sans-serif\">Der n\u00e4chste Strau\u00df sah wirklich edel aus. Wer h\u00e4tte gedacht, dass <a href=\"http:\/\/www.kraeuter-und-duftpflanzen.de\/search?sSearch=bra05\" target=\"_blank\" rel=\"noopener noreferrer\"><strong>Ewiger Kohl<\/strong><\/a> solch ein Blickfang sein kann? Die weiteren Zutaten waren die k\u00f6stlich duftenden Bl\u00fcten der <strong>Mexikanischen Orangenblume<\/strong> eingebunden in Bl\u00e4tter von <a href=\"http:\/\/www.kraeuter-und-duftpflanzen.de\/search?sSearch=pip08\" target=\"_blank\" rel=\"noopener noreferrer\"><strong>La Lot<\/strong><\/a>, <a href=\"http:\/\/www.kraeuter-und-duftpflanzen.de\/search?sSearch=alp02\" target=\"_blank\" rel=\"noopener noreferrer\"><strong>Kleinem Galgant<\/strong><\/a> und <a href=\"http:\/\/www.kraeuter-und-duftpflanzen.de\/search?sSearch=ber22\" target=\"_blank\" rel=\"noopener noreferrer\"><strong>Sibirischem Tee<\/strong><\/a>.<\/span><\/p>\n<p><a href=\"https:\/\/blog.ruehlemanns.de\/wp-content\/uploads\/2017\/05\/kraeuterstraeusse_2d.jpg\"><img decoding=\"async\" class=\"alignnone size-full wp-image-4874\" src=\"https:\/\/blog.ruehlemanns.de\/wp-content\/uploads\/2017\/05\/kraeuterstraeusse_2d.jpg\" alt=\"\" width=\"880\" height=\"600\" srcset=\"https:\/\/blog.ruehlemanns.de\/wp-content\/uploads\/2017\/05\/kraeuterstraeusse_2d.jpg 880w, https:\/\/blog.ruehlemanns.de\/wp-content\/uploads\/2017\/05\/kraeuterstraeusse_2d-300x205.jpg 300w, https:\/\/blog.ruehlemanns.de\/wp-content\/uploads\/2017\/05\/kraeuterstraeusse_2d-768x524.jpg 768w, https:\/\/blog.ruehlemanns.de\/wp-content\/uploads\/2017\/05\/kraeuterstraeusse_2d-440x300.jpg 440w\" sizes=\"(max-width: 880px) 100vw, 880px\" \/><\/a><br \/>\n<a href=\"https:\/\/blog.ruehlemanns.de\/wp-content\/uploads\/2017\/05\/kraeuterstraeusse_2c.jpg\"><img loading=\"lazy\" decoding=\"async\" class=\"alignnone size-full wp-image-4875\" src=\"https:\/\/blog.ruehlemanns.de\/wp-content\/uploads\/2017\/05\/kraeuterstraeusse_2c.jpg\" alt=\"\" width=\"880\" height=\"600\" srcset=\"https:\/\/blog.ruehlemanns.de\/wp-content\/uploads\/2017\/05\/kraeuterstraeusse_2c.jpg 880w, https:\/\/blog.ruehlemanns.de\/wp-content\/uploads\/2017\/05\/kraeuterstraeusse_2c-300x205.jpg 300w, https:\/\/blog.ruehlemanns.de\/wp-content\/uploads\/2017\/05\/kraeuterstraeusse_2c-768x524.jpg 768w, https:\/\/blog.ruehlemanns.de\/wp-content\/uploads\/2017\/05\/kraeuterstraeusse_2c-440x300.jpg 440w\" sizes=\"(max-width: 880px) 100vw, 880px\" \/><\/a><\/p>\n<p>Auch das folgende, sehr w\u00fcrzig duftende Exemplar hat uns optisch schier vom Hocker gehauen: Die Bl\u00fcten von <a href=\"http:\/\/www.kraeuter-und-duftpflanzen.de\/search?sSearch=san30\" target=\"_blank\" rel=\"noopener noreferrer\"><strong>Sanikel<\/strong><\/a> und <a href=\"http:\/\/www.kraeuter-und-duftpflanzen.de\/search?sSearch=tul01\" target=\"_blank\" rel=\"noopener noreferrer\"><strong>Zimmerknoblauch<\/strong><\/a>, kombiniert mit Bl\u00e4ttern von <a href=\"http:\/\/www.kraeuter-und-duftpflanzen.de\/search?sSearch=cra01\" target=\"_blank\" rel=\"noopener noreferrer\"><strong>Meerkohl<\/strong><\/a> und Zweigen von <a href=\"http:\/\/www.kraeuter-und-duftpflanzen.de\/search?sSearch=mel02\" target=\"_blank\" rel=\"noopener noreferrer\"><strong>Teebaum<\/strong><\/a>.<\/p>\n<p><a href=\"https:\/\/blog.ruehlemanns.de\/wp-content\/uploads\/2017\/05\/kraeuterstraeusse_2f.jpg\"><img loading=\"lazy\" decoding=\"async\" class=\"alignnone size-full wp-image-4876\" src=\"https:\/\/blog.ruehlemanns.de\/wp-content\/uploads\/2017\/05\/kraeuterstraeusse_2e.jpg\" alt=\"\" width=\"880\" height=\"600\" srcset=\"https:\/\/blog.ruehlemanns.de\/wp-content\/uploads\/2017\/05\/kraeuterstraeusse_2e.jpg 880w, https:\/\/blog.ruehlemanns.de\/wp-content\/uploads\/2017\/05\/kraeuterstraeusse_2e-300x205.jpg 300w, https:\/\/blog.ruehlemanns.de\/wp-content\/uploads\/2017\/05\/kraeuterstraeusse_2e-768x524.jpg 768w, https:\/\/blog.ruehlemanns.de\/wp-content\/uploads\/2017\/05\/kraeuterstraeusse_2e-440x300.jpg 440w\" sizes=\"(max-width: 880px) 100vw, 880px\" \/><br \/>\n<img loading=\"lazy\" decoding=\"async\" class=\"alignnone size-full wp-image-4877\" src=\"https:\/\/blog.ruehlemanns.de\/wp-content\/uploads\/2017\/05\/kraeuterstraeusse_2f.jpg\" alt=\"\" width=\"880\" height=\"600\" srcset=\"https:\/\/blog.ruehlemanns.de\/wp-content\/uploads\/2017\/05\/kraeuterstraeusse_2f.jpg 880w, https:\/\/blog.ruehlemanns.de\/wp-content\/uploads\/2017\/05\/kraeuterstraeusse_2f-300x205.jpg 300w, https:\/\/blog.ruehlemanns.de\/wp-content\/uploads\/2017\/05\/kraeuterstraeusse_2f-768x524.jpg 768w, https:\/\/blog.ruehlemanns.de\/wp-content\/uploads\/2017\/05\/kraeuterstraeusse_2f-440x300.jpg 440w\" sizes=\"(max-width: 880px) 100vw, 880px\" \/><br \/>\n<\/a><br \/>\nLast but not least \u2013 ein Strau\u00df wahrlich zum Reinbei\u00dfen! Neun verschiedene Sorten Basilikum \u2013 Basilikum <a href=\"http:\/\/www.kraeuter-und-duftpflanzen.de\/search?sSearch=oci95\" target=\"_blank\" rel=\"noopener noreferrer\"><strong>&#8218;Pesto Perpetuo&#8216;<\/strong><\/a>, <a href=\"http:\/\/www.kraeuter-und-duftpflanzen.de\/search?sSearch=oci62\" target=\"_blank\" rel=\"noopener noreferrer\"><strong>&#8218;Zanzibar&#8216;<\/strong><\/a>, <a href=\"http:\/\/www.kraeuter-und-duftpflanzen.de\/search?sSearch=oci48\" target=\"_blank\" rel=\"noopener noreferrer\"><strong>&#8218;Rotes Lesbos&#8216;<\/strong><\/a>, <a href=\"http:\/\/www.kraeuter-und-duftpflanzen.de\/search?sSearch=oci49\" target=\"_blank\" rel=\"noopener noreferrer\"><strong>Rotes<\/strong><\/a> und <a href=\"http:\/\/www.kraeuter-und-duftpflanzen.de\/search?sSearch=oci45\" target=\"_blank\" rel=\"noopener noreferrer\"><strong>T\u00fcrkisches Buschbasilikum<\/strong><\/a>, <a href=\"http:\/\/www.kraeuter-und-duftpflanzen.de\/search?sSearch=oci93\" target=\"_blank\" rel=\"noopener noreferrer\"><strong>Buschbasilikum &#8218;Corfu&#8216;<\/strong><\/a>, <a href=\"http:\/\/www.kraeuter-und-duftpflanzen.de\/search?sSearch=oci67\" target=\"_blank\" rel=\"noopener noreferrer\"><strong>Strauchbasilikum\u00a0&#8218;Mammut&#8216;<\/strong><\/a>, <a href=\"http:\/\/www.kraeuter-und-duftpflanzen.de\/search?sSearch=oci88\" target=\"_blank\" rel=\"noopener noreferrer\"><strong>Zyprisches Strauchbasilikum<\/strong><\/a> und das <a href=\"http:\/\/www.kraeuter-und-duftpflanzen.de\/search?sSearch=oci02\" target=\"_blank\" rel=\"noopener noreferrer\"><strong>gro\u00dfbl\u00e4ttrige Zitronenbasilikum<\/strong><\/a> &#8211; fanden den Weg in die Vase und wirkten dort \u00e4u\u00dferst dekorativ!<\/p>\n<p><a href=\"https:\/\/blog.ruehlemanns.de\/wp-content\/uploads\/2017\/05\/kraeuterstraeusse_2g.jpg\"><img loading=\"lazy\" decoding=\"async\" class=\"alignnone size-full wp-image-4878\" src=\"https:\/\/blog.ruehlemanns.de\/wp-content\/uploads\/2017\/05\/kraeuterstraeusse_2g.jpg\" alt=\"\" width=\"880\" height=\"600\" srcset=\"https:\/\/blog.ruehlemanns.de\/wp-content\/uploads\/2017\/05\/kraeuterstraeusse_2g.jpg 880w, https:\/\/blog.ruehlemanns.de\/wp-content\/uploads\/2017\/05\/kraeuterstraeusse_2g-300x205.jpg 300w, https:\/\/blog.ruehlemanns.de\/wp-content\/uploads\/2017\/05\/kraeuterstraeusse_2g-768x524.jpg 768w, https:\/\/blog.ruehlemanns.de\/wp-content\/uploads\/2017\/05\/kraeuterstraeusse_2g-440x300.jpg 440w\" sizes=\"(max-width: 880px) 100vw, 880px\" \/><br \/>\n<\/a><a href=\"https:\/\/blog.ruehlemanns.de\/wp-content\/uploads\/2017\/05\/kraeuterstraeusse_2h.jpg\"><img loading=\"lazy\" decoding=\"async\" class=\"alignnone size-full wp-image-4879\" src=\"https:\/\/blog.ruehlemanns.de\/wp-content\/uploads\/2017\/05\/kraeuterstraeusse_2h.jpg\" alt=\"\" width=\"880\" height=\"600\" srcset=\"https:\/\/blog.ruehlemanns.de\/wp-content\/uploads\/2017\/05\/kraeuterstraeusse_2h.jpg 880w, https:\/\/blog.ruehlemanns.de\/wp-content\/uploads\/2017\/05\/kraeuterstraeusse_2h-300x205.jpg 300w, https:\/\/blog.ruehlemanns.de\/wp-content\/uploads\/2017\/05\/kraeuterstraeusse_2h-768x524.jpg 768w, https:\/\/blog.ruehlemanns.de\/wp-content\/uploads\/2017\/05\/kraeuterstraeusse_2h-440x300.jpg 440w\" sizes=\"(max-width: 880px) 100vw, 880px\" \/><\/a><\/p>\n<p>Da sich Basilikum in der Vase allerdings nicht lange wohl f\u00fchlt, bleibt dieses Str\u00e4u\u00dfchen wohl eher die Selbstbedienungsvariante f\u00fcr ein leckeres Essen, bei dem frisches Basilikum als Zutat unverzichtbar ist \ud83d\ude09<\/p>\n<p><strong>Wir w\u00fcnschen einen fr\u00f6hlichen Restfr\u00fchling \u2013 die n\u00e4chsten Str\u00e4u\u00dfe gibt\u2019s im Sommer!<\/strong><\/p>\n","protected":false},"excerpt":{"rendered":"<p>Nachdem Michaelas Kr\u00e4uterstr\u00e4u\u00dfe zum Saisonstart sehr viel Anklang gefunden haben, l\u00e4sst sie ihren Blick nun jeden Freitag durch die G\u00e4rtnerei schweifen, um einen jahreszeitlich passenden Strau\u00df f\u00fcr unseren Direktverkauf zu zaubern. Auch uns verzaubert sie mit dem Ergebnis jedes Mal auf&#8217;s Neue: ob Strau\u00df oder Str\u00e4u\u00dfchen \u2013 die bunte Mischung ist jedesmal eine wunderbare \u00dcberraschung [&hellip;]<\/p>\n","protected":false},"author":10829,"featured_media":0,"comment_status":"open","ping_status":"open","sticky":false,"template":"","format":"standard","meta":{"site-sidebar-layout":"default","site-content-layout":"","ast-site-content-layout":"default","site-content-style":"default","site-sidebar-style":"default","ast-global-header-display":"","ast-banner-title-visibility":"","ast-main-header-display":"","ast-hfb-above-header-display":"","ast-hfb-below-header-display":"","ast-hfb-mobile-header-display":"","site-post-title":"","ast-breadcrumbs-content":"","ast-featured-img":"","footer-sml-layout":"","ast-disable-related-posts":"","theme-transparent-header-meta":"","adv-header-id-meta":"","stick-header-meta":"","header-above-stick-meta":"","header-main-stick-meta":"","header-below-stick-meta":"","astra-migrate-meta-layouts":"default","ast-page-background-enabled":"default","ast-page-background-meta":{"desktop":{"background-color":"var(--ast-global-color-4)","background-image":"","background-repeat":"repeat","background-position":"center center","background-size":"auto","background-attachment":"scroll","background-type":"","background-media":"","overlay-type":"","overlay-color":"","overlay-opacity":"","overlay-gradient":""},"tablet":{"background-color":"","background-image":"","background-repeat":"repeat","background-position":"center center","background-size":"auto","background-attachment":"scroll","background-type":"","background-media":"","overlay-type":"","overlay-color":"","overlay-opacity":"","overlay-gradient":""},"mobile":{"background-color":"","background-image":"","background-repeat":"repeat","background-position":"center center","background-size":"auto","background-attachment":"scroll","background-type":"","background-media":"","overlay-type":"","overlay-color":"","overlay-opacity":"","overlay-gradient":""}},"ast-content-background-meta":{"desktop":{"background-color":"var(--ast-global-color-5)","background-image":"","background-repeat":"repeat","background-position":"center center","background-size":"auto","background-attachment":"scroll","background-type":"","background-media":"","overlay-type":"","overlay-color":"","overlay-opacity":"","overlay-gradient":""},"tablet":{"background-color":"var(--ast-global-color-5)","background-image":"","background-repeat":"repeat","background-position":"center center","background-size":"auto","background-attachment":"scroll","background-type":"","background-media":"","overlay-type":"","overlay-color":"","overlay-opacity":"","overlay-gradient":""},"mobile":{"background-color":"var(--ast-global-color-5)","background-image":"","background-repeat":"repeat","background-position":"center center","background-size":"auto","background-attachment":"scroll","background-type":"","background-media":"","overlay-type":"","overlay-color":"","overlay-opacity":"","overlay-gradient":""}},"footnotes":""},"categories":[3,5,9],"tags":[],"class_list":["post-4871","post","type-post","status-publish","format-standard","hentry","category-duftpflanzen","category-allemein","category-allgemeines"],"_links":{"self":[{"href":"https:\/\/blog.ruehlemanns.de\/index.php?rest_route=\/wp\/v2\/posts\/4871","targetHints":{"allow":["GET"]}}],"collection":[{"href":"https:\/\/blog.ruehlemanns.de\/index.php?rest_route=\/wp\/v2\/posts"}],"about":[{"href":"https:\/\/blog.ruehlemanns.de\/index.php?rest_route=\/wp\/v2\/types\/post"}],"author":[{"embeddable":true,"href":"https:\/\/blog.ruehlemanns.de\/index.php?rest_route=\/wp\/v2\/users\/10829"}],"replies":[{"embeddable":true,"href":"https:\/\/blog.ruehlemanns.de\/index.php?rest_route=%2Fwp%2Fv2%2Fcomments&post=4871"}],"version-history":[{"count":0,"href":"https:\/\/blog.ruehlemanns.de\/index.php?rest_route=\/wp\/v2\/posts\/4871\/revisions"}],"wp:attachment":[{"href":"https:\/\/blog.ruehlemanns.de\/index.php?rest_route=%2Fwp%2Fv2%2Fmedia&parent=4871"}],"wp:term":[{"taxonomy":"category","embeddable":true,"href":"https:\/\/blog.ruehlemanns.de\/index.php?rest_route=%2Fwp%2Fv2%2Fcategories&post=4871"},{"taxonomy":"post_tag","embeddable":true,"href":"https:\/\/blog.ruehlemanns.de\/index.php?rest_route=%2Fwp%2Fv2%2Ftags&post=4871"}],"curies":[{"name":"wp","href":"https:\/\/api.w.org\/{rel}","templated":true}]}}