{"id":482,"date":"2010-04-14T22:33:39","date_gmt":"2010-04-14T20:33:39","guid":{"rendered":"http:\/\/blog.ruehlemanns.de\/?p=482"},"modified":"2015-02-25T11:45:29","modified_gmt":"2015-02-25T10:45:29","slug":"heilpflanzen-des-jahres","status":"publish","type":"post","link":"https:\/\/blog.ruehlemanns.de\/?p=482","title":{"rendered":"Heilpflanzen des Jahres?"},"content":{"rendered":"<p>F\u00fcr die einen ist es der <a href=\"https:\/\/www.aerztezeitung.de\/panorama\/article\/558618\/gewuerznelken-baum-heilpflanze-des-jahres-2010.html\" target=\"_blank\">Gew\u00fcrznelkenbaum<\/a>, f\u00fcr andere der <a href=\"https:\/\/idw-online.de\/pages\/de\/news344881\" target=\"_blank\">Efeu<\/a>. Und f\u00fcr die Amerikaner ist es der Dill. Die &#8222;Heilpflanze des Jahres&#8220; wird scheinbar von verschiedensten Instanzen bekannt gegeben, und keiner fragt warum. Oder?<\/p>\n<p>Toll ist es auch, wenn schon bis zum Jahr 2015 festgelegt wird welches Kraut in welchem Jahr &#8222;Kraut des Jahres&#8220; wird, wie auf der Site der International Herb Society:<\/p>\n<p><a href=\"https:\/\/www.iherb.org\" target=\"_blank\">The International Herb Association<\/a><\/p>\n<p>Meine Liste geht sogar bis 2020: \ud83d\ude09<\/p>\n<p>Heilpflanze des Jahres 2011 &#8211; Basilikum<br \/>\nHeilpflanze des Jahres 2012 &#8211; Himmelstee<br \/>\nHeilpflanze des Jahres 2013 &#8211; Jiaogulan<br \/>\nHeilpflanze des Jahres 2014 &#8211; Mukunuwenna<br \/>\nHeilpflanze des Jahres 2015 &#8211; Jalprosi Kandela<br \/>\nHeilpflanze des Jahres 2016 &#8211; Mbtulela<br \/>\nHeilpflanze des Jahres 2017 &#8211; Quantalquatl<br \/>\nHeilpflanze des Jahres 2018 &#8211; Fruchtbarkeitswurzel<br \/>\nHeilpflanze des Jahres 2019 &#8211; Intelligenzstrauch<br \/>\nHeilpflanze des Jahres 2020 &#8211; Blaubl\u00e4ttriges Friedenskraut<\/p>\n<p>Welches ist Ihre Heilpflanze des Jahres?<\/p>\n<p>Ihr Daniel R\u00fchlemann<\/p>\n","protected":false},"excerpt":{"rendered":"<p>F\u00fcr die einen ist es der Gew\u00fcrznelkenbaum, f\u00fcr andere der Efeu. Und f\u00fcr die Amerikaner ist es der Dill. Die &#8222;Heilpflanze des Jahres&#8220; wird scheinbar von verschiedensten Instanzen bekannt gegeben, und keiner fragt warum. Oder? Toll ist es auch, wenn schon bis zum Jahr 2015 festgelegt wird welches Kraut in welchem Jahr &#8222;Kraut des Jahres&#8220; [&hellip;]<\/p>\n","protected":false},"author":604,"featured_media":0,"comment_status":"open","ping_status":"open","sticky":false,"template":"","format":"standard","meta":{"site-sidebar-layout":"default","site-content-layout":"","ast-site-content-layout":"default","site-content-style":"default","site-sidebar-style":"default","ast-global-header-display":"","ast-banner-title-visibility":"","ast-main-header-display":"","ast-hfb-above-header-display":"","ast-hfb-below-header-display":"","ast-hfb-mobile-header-display":"","site-post-title":"","ast-breadcrumbs-content":"","ast-featured-img":"","footer-sml-layout":"","ast-disable-related-posts":"","theme-transparent-header-meta":"","adv-header-id-meta":"","stick-header-meta":"","header-above-stick-meta":"","header-main-stick-meta":"","header-below-stick-meta":"","astra-migrate-meta-layouts":"default","ast-page-background-enabled":"default","ast-page-background-meta":{"desktop":{"background-color":"var(--ast-global-color-4)","background-image":"","background-repeat":"repeat","background-position":"center center","background-size":"auto","background-attachment":"scroll","background-type":"","background-media":"","overlay-type":"","overlay-color":"","overlay-opacity":"","overlay-gradient":""},"tablet":{"background-color":"","background-image":"","background-repeat":"repeat","background-position":"center center","background-size":"auto","background-attachment":"scroll","background-type":"","background-media":"","overlay-type":"","overlay-color":"","overlay-opacity":"","overlay-gradient":""},"mobile":{"background-color":"","background-image":"","background-repeat":"repeat","background-position":"center center","background-size":"auto","background-attachment":"scroll","background-type":"","background-media":"","overlay-type":"","overlay-color":"","overlay-opacity":"","overlay-gradient":""}},"ast-content-background-meta":{"desktop":{"background-color":"var(--ast-global-color-5)","background-image":"","background-repeat":"repeat","background-position":"center center","background-size":"auto","background-attachment":"scroll","background-type":"","background-media":"","overlay-type":"","overlay-color":"","overlay-opacity":"","overlay-gradient":""},"tablet":{"background-color":"var(--ast-global-color-5)","background-image":"","background-repeat":"repeat","background-position":"center center","background-size":"auto","background-attachment":"scroll","background-type":"","background-media":"","overlay-type":"","overlay-color":"","overlay-opacity":"","overlay-gradient":""},"mobile":{"background-color":"var(--ast-global-color-5)","background-image":"","background-repeat":"repeat","background-position":"center center","background-size":"auto","background-attachment":"scroll","background-type":"","background-media":"","overlay-type":"","overlay-color":"","overlay-opacity":"","overlay-gradient":""}},"footnotes":""},"categories":[9],"tags":[],"class_list":["post-482","post","type-post","status-publish","format-standard","hentry","category-allgemeines"],"_links":{"self":[{"href":"https:\/\/blog.ruehlemanns.de\/index.php?rest_route=\/wp\/v2\/posts\/482","targetHints":{"allow":["GET"]}}],"collection":[{"href":"https:\/\/blog.ruehlemanns.de\/index.php?rest_route=\/wp\/v2\/posts"}],"about":[{"href":"https:\/\/blog.ruehlemanns.de\/index.php?rest_route=\/wp\/v2\/types\/post"}],"author":[{"embeddable":true,"href":"https:\/\/blog.ruehlemanns.de\/index.php?rest_route=\/wp\/v2\/users\/604"}],"replies":[{"embeddable":true,"href":"https:\/\/blog.ruehlemanns.de\/index.php?rest_route=%2Fwp%2Fv2%2Fcomments&post=482"}],"version-history":[{"count":0,"href":"https:\/\/blog.ruehlemanns.de\/index.php?rest_route=\/wp\/v2\/posts\/482\/revisions"}],"wp:attachment":[{"href":"https:\/\/blog.ruehlemanns.de\/index.php?rest_route=%2Fwp%2Fv2%2Fmedia&parent=482"}],"wp:term":[{"taxonomy":"category","embeddable":true,"href":"https:\/\/blog.ruehlemanns.de\/index.php?rest_route=%2Fwp%2Fv2%2Fcategories&post=482"},{"taxonomy":"post_tag","embeddable":true,"href":"https:\/\/blog.ruehlemanns.de\/index.php?rest_route=%2Fwp%2Fv2%2Ftags&post=482"}],"curies":[{"name":"wp","href":"https:\/\/api.w.org\/{rel}","templated":true}]}}