{"id":4793,"date":"2017-04-07T10:46:09","date_gmt":"2017-04-07T09:46:09","guid":{"rendered":"http:\/\/blog.ruehlemanns.de\/?p=4793"},"modified":"2017-04-07T10:46:09","modified_gmt":"2017-04-07T09:46:09","slug":"kraeuterstraeusse","status":"publish","type":"post","link":"https:\/\/blog.ruehlemanns.de\/?p=4793","title":{"rendered":"Kr\u00e4uterstr\u00e4u\u00dfe"},"content":{"rendered":"<p>Kr\u00e4uterstr\u00e4u\u00dfe am 15. August zu binden hat in einigen Landesteilen eine lange Tradition. Es gibt sogar \u00dcberlieferungen, wie ein solcher Strau\u00df auszusehen hat, damit er besonders heilkr\u00e4ftig ist.<\/p>\n<p>\u201eKr\u00e4uterstr\u00e4u\u00dfe kann man eigentlich zu jeder Jahreszeit binden, denn man findet immer etwas Sch\u00f6nes f\u00fcr&#8217;s Auge und Duftiges f\u00fcr die Nase\u201c sagte sich Michaela. Und band f\u00fcr unseren Verkaufsstart am vergangenen Samstag spontan acht verschiedene Str\u00e4u\u00dfe.<\/p>\n<p><a href=\"https:\/\/blog.ruehlemanns.de\/wp-content\/uploads\/2017\/04\/kraeuterstraeusse_1.jpg\"><img fetchpriority=\"high\" decoding=\"async\" class=\"alignnone size-full wp-image-4794\" src=\"https:\/\/blog.ruehlemanns.de\/wp-content\/uploads\/2017\/04\/kraeuterstraeusse_1.jpg\" alt=\"\" width=\"880\" height=\"600\" srcset=\"https:\/\/blog.ruehlemanns.de\/wp-content\/uploads\/2017\/04\/kraeuterstraeusse_1.jpg 880w, https:\/\/blog.ruehlemanns.de\/wp-content\/uploads\/2017\/04\/kraeuterstraeusse_1-300x205.jpg 300w, https:\/\/blog.ruehlemanns.de\/wp-content\/uploads\/2017\/04\/kraeuterstraeusse_1-768x524.jpg 768w, https:\/\/blog.ruehlemanns.de\/wp-content\/uploads\/2017\/04\/kraeuterstraeusse_1-440x300.jpg 440w\" sizes=\"(max-width: 880px) 100vw, 880px\" \/><\/a><br \/>\n<a href=\"https:\/\/blog.ruehlemanns.de\/wp-content\/uploads\/2017\/04\/kraeuterstraeusse_3.jpg\"><img decoding=\"async\" class=\"alignnone size-full wp-image-4795\" src=\"https:\/\/blog.ruehlemanns.de\/wp-content\/uploads\/2017\/04\/kraeuterstraeusse_3.jpg\" alt=\"\" width=\"880\" height=\"600\" srcset=\"https:\/\/blog.ruehlemanns.de\/wp-content\/uploads\/2017\/04\/kraeuterstraeusse_3.jpg 880w, https:\/\/blog.ruehlemanns.de\/wp-content\/uploads\/2017\/04\/kraeuterstraeusse_3-300x205.jpg 300w, https:\/\/blog.ruehlemanns.de\/wp-content\/uploads\/2017\/04\/kraeuterstraeusse_3-768x524.jpg 768w, https:\/\/blog.ruehlemanns.de\/wp-content\/uploads\/2017\/04\/kraeuterstraeusse_3-440x300.jpg 440w\" sizes=\"(max-width: 880px) 100vw, 880px\" \/><\/a><\/p>\n<p>Die Kombinationen waren mehr als ungew\u00f6hnlich &#8211; pl\u00f6tzlich erschienen uns Bl\u00fcten, Bl\u00e4tter und auch das Kraut diverser Pflanzen in einem ganz anderen Licht. Der Duft war zum Teil umwerfend lecker.<\/p>\n<p><a href=\"https:\/\/blog.ruehlemanns.de\/wp-content\/uploads\/2017\/04\/kraeuterstraeusse_5.jpg\"><img decoding=\"async\" class=\"alignnone size-full wp-image-4796\" src=\"https:\/\/blog.ruehlemanns.de\/wp-content\/uploads\/2017\/04\/kraeuterstraeusse_5.jpg\" alt=\"\" width=\"880\" height=\"600\" srcset=\"https:\/\/blog.ruehlemanns.de\/wp-content\/uploads\/2017\/04\/kraeuterstraeusse_5.jpg 880w, https:\/\/blog.ruehlemanns.de\/wp-content\/uploads\/2017\/04\/kraeuterstraeusse_5-300x205.jpg 300w, https:\/\/blog.ruehlemanns.de\/wp-content\/uploads\/2017\/04\/kraeuterstraeusse_5-768x524.jpg 768w, https:\/\/blog.ruehlemanns.de\/wp-content\/uploads\/2017\/04\/kraeuterstraeusse_5-440x300.jpg 440w\" sizes=\"(max-width: 880px) 100vw, 880px\" \/><\/a><\/p>\n<p>Und weil wir selbst so positiv \u00fcberrascht waren, geben wir diese Ideen gerne an Sie weiter. Vielleicht gehen auch Sie fortan mit ganz anderen Augen durch Ihren Kr\u00e4utergarten?<\/p>\n<p><strong>Strau\u00df No1<\/strong><br \/>\n<a href=\"https:\/\/www.kraeuter-und-duftpflanzen.de\/search?sSearch=bul01\" target=\"_blank\"><strong>Bulbine<\/strong><\/a> (Bl\u00fcten)<br \/>\n<a href=\"https:\/\/www.kraeuter-und-duftpflanzen.de\/search?sSearch=pri02\" target=\"_blank\"><strong>Schl\u00fcsselblume<\/strong><\/a> (Bl\u00fcten)<br \/>\n<a href=\"https:\/\/www.kraeuter-und-duftpflanzen.de\/search?sSearch=ele01\" target=\"_blank\"><strong>Kardamom<\/strong><\/a> (Blatt)<br \/>\n<a href=\"https:\/\/www.kraeuter-und-duftpflanzen.de\/search?sSearch=kun01\" target=\"_blank\"><strong>Kanuka<\/strong><\/a> (Kraut)<br \/>\n<a href=\"https:\/\/www.kraeuter-und-duftpflanzen.de\/search?sSearch=cyp08\" target=\"_blank\"><strong>Zwerg-Zyperngras<\/strong><\/a> (Bl\u00fcten)<br \/>\n<strong><a href=\"https:\/\/www.kraeuter-und-duftpflanzen.de\/search?sSearch=mel02\" target=\"_blank\">Teebaum<\/a><\/strong> (Kraut)<br \/>\n<a href=\"https:\/\/blog.ruehlemanns.de\/wp-content\/uploads\/2017\/04\/kraeuterstraeusse_6.jpg\"><img loading=\"lazy\" decoding=\"async\" class=\"alignnone size-full wp-image-4797\" src=\"https:\/\/blog.ruehlemanns.de\/wp-content\/uploads\/2017\/04\/kraeuterstraeusse_6.jpg\" alt=\"\" width=\"880\" height=\"600\" srcset=\"https:\/\/blog.ruehlemanns.de\/wp-content\/uploads\/2017\/04\/kraeuterstraeusse_6.jpg 880w, https:\/\/blog.ruehlemanns.de\/wp-content\/uploads\/2017\/04\/kraeuterstraeusse_6-300x205.jpg 300w, https:\/\/blog.ruehlemanns.de\/wp-content\/uploads\/2017\/04\/kraeuterstraeusse_6-768x524.jpg 768w, https:\/\/blog.ruehlemanns.de\/wp-content\/uploads\/2017\/04\/kraeuterstraeusse_6-440x300.jpg 440w\" sizes=\"(max-width: 880px) 100vw, 880px\" \/><\/a><\/p>\n<p><strong>Strau\u00df No2<br \/>\n<a href=\"https:\/\/www.kraeuter-und-duftpflanzen.de\/search?sSearch=ber22\" target=\"_blank\">Sibirischer Tee<\/a><\/strong> (Bl\u00fcten, Blatt)<strong><br \/>\n<a href=\"https:\/\/www.kraeuter-und-duftpflanzen.de\/search?sSearch=cyp08\" target=\"_blank\">Zwerg-Zyperngras<\/a><\/strong> (Bl\u00fcten)<br \/>\n<a href=\"https:\/\/www.kraeuter-und-duftpflanzen.de\/search?sSearch=kun01\" target=\"_blank\"><strong>Kanuka<\/strong><\/a> (Kraut)<br \/>\n<a href=\"https:\/\/www.kraeuter-und-duftpflanzen.de\/search?sSearch=pul01\" target=\"_blank\"><strong>Lungenkraut<\/strong><\/a> (Bl\u00fcten)<br \/>\n<a href=\"https:\/\/blog.ruehlemanns.de\/wp-content\/uploads\/2017\/04\/kraeuterstraeusse_7.jpg\"><img loading=\"lazy\" decoding=\"async\" class=\"alignnone size-full wp-image-4798\" src=\"https:\/\/blog.ruehlemanns.de\/wp-content\/uploads\/2017\/04\/kraeuterstraeusse_7.jpg\" alt=\"\" width=\"880\" height=\"600\" srcset=\"https:\/\/blog.ruehlemanns.de\/wp-content\/uploads\/2017\/04\/kraeuterstraeusse_7.jpg 880w, https:\/\/blog.ruehlemanns.de\/wp-content\/uploads\/2017\/04\/kraeuterstraeusse_7-300x205.jpg 300w, https:\/\/blog.ruehlemanns.de\/wp-content\/uploads\/2017\/04\/kraeuterstraeusse_7-768x524.jpg 768w, https:\/\/blog.ruehlemanns.de\/wp-content\/uploads\/2017\/04\/kraeuterstraeusse_7-440x300.jpg 440w\" sizes=\"(max-width: 880px) 100vw, 880px\" \/><\/a><\/p>\n<p><strong>Strau\u00df No3<\/strong><br \/>\n<a href=\"https:\/\/www.kraeuter-und-duftpflanzen.de\/search?sSearch=kal12\" target=\"_blank\"><strong>Brutblatt\/Goethe-Pflanze<\/strong><\/a> (Bl\u00fcten)<br \/>\n<a href=\"https:\/\/www.kraeuter-und-duftpflanzen.de\/search?sSearch=cyp08\" target=\"_blank\"><strong>Zwerg-Zyperngras<\/strong><\/a> (Bl\u00fcten)<br \/>\n<a href=\"https:\/\/www.kraeuter-und-duftpflanzen.de\/search?sSearch=ele01\" target=\"_blank\"><strong>Kardamom<\/strong><\/a> (Blatt)<br \/>\n<a href=\"https:\/\/blog.ruehlemanns.de\/wp-content\/uploads\/2017\/04\/kraeuterstraeusse_8.jpg\"><img loading=\"lazy\" decoding=\"async\" class=\"alignnone size-full wp-image-4799\" src=\"https:\/\/blog.ruehlemanns.de\/wp-content\/uploads\/2017\/04\/kraeuterstraeusse_8.jpg\" alt=\"\" width=\"880\" height=\"600\" srcset=\"https:\/\/blog.ruehlemanns.de\/wp-content\/uploads\/2017\/04\/kraeuterstraeusse_8.jpg 880w, https:\/\/blog.ruehlemanns.de\/wp-content\/uploads\/2017\/04\/kraeuterstraeusse_8-300x205.jpg 300w, https:\/\/blog.ruehlemanns.de\/wp-content\/uploads\/2017\/04\/kraeuterstraeusse_8-768x524.jpg 768w, https:\/\/blog.ruehlemanns.de\/wp-content\/uploads\/2017\/04\/kraeuterstraeusse_8-440x300.jpg 440w\" sizes=\"(max-width: 880px) 100vw, 880px\" \/><\/a><\/p>\n<p><strong>Strau\u00df No4\u00a0\u00a0 \u00a0\u00a0\u00a0 \u00a0\u00a0\u00a0 \u00a0\u00a0\u00a0 \u00a0\u00a0\u00a0 \u00a0<\/strong><br \/>\n<a href=\"https:\/\/www.kraeuter-und-duftpflanzen.de\/search?sSearch=ber22\" target=\"_blank\"><strong>Sibirischer Tee <\/strong><\/a>(Bl\u00fcten, Blatt)<br \/>\n<a href=\"https:\/\/www.kraeuter-und-duftpflanzen.de\/Wuerzkraeuter\/Myrte\" target=\"_blank\"><strong>Myrte <\/strong><\/a>(Kraut)<br \/>\n<a href=\"https:\/\/www.kraeuter-und-duftpflanzen.de\/search?sSearch=pul01\" target=\"_blank\"><strong>Lungenkraut<\/strong><\/a> (Bl\u00fcten)<br \/>\n<a href=\"https:\/\/www.kraeuter-und-duftpflanzen.de\/search?sSearch=pip03\" target=\"_blank\"><strong>Betel-Pfeffer <\/strong><\/a>(Blatt)<br \/>\n<a href=\"https:\/\/blog.ruehlemanns.de\/wp-content\/uploads\/2017\/04\/kraeuterstraeusse_9.jpg\"><img loading=\"lazy\" decoding=\"async\" class=\"alignnone size-full wp-image-4800\" src=\"https:\/\/blog.ruehlemanns.de\/wp-content\/uploads\/2017\/04\/kraeuterstraeusse_9.jpg\" alt=\"\" width=\"880\" height=\"600\" srcset=\"https:\/\/blog.ruehlemanns.de\/wp-content\/uploads\/2017\/04\/kraeuterstraeusse_9.jpg 880w, https:\/\/blog.ruehlemanns.de\/wp-content\/uploads\/2017\/04\/kraeuterstraeusse_9-300x205.jpg 300w, https:\/\/blog.ruehlemanns.de\/wp-content\/uploads\/2017\/04\/kraeuterstraeusse_9-768x524.jpg 768w, https:\/\/blog.ruehlemanns.de\/wp-content\/uploads\/2017\/04\/kraeuterstraeusse_9-440x300.jpg 440w\" sizes=\"(max-width: 880px) 100vw, 880px\" \/><\/a><\/p>\n<p><strong>Strau\u00df No5\u00a0\u00a0 \u00a0\u00a0<\/strong><br \/>\n<a href=\"https:\/\/www.kraeuter-und-duftpflanzen.de\/search?sSearch=bul01\" target=\"_blank\"><strong>Bulbine<\/strong><\/a> (Bl\u00fcten)<br \/>\n<a href=\"https:\/\/www.kraeuter-und-duftpflanzen.de\/Wuerzkraeuter\/Myrte\" target=\"_blank\"><strong>Myrte <\/strong><\/a>(Kraut)<br \/>\n<strong><a href=\"https:\/\/www.kraeuter-und-duftpflanzen.de\/search?sSearch=mel02\" target=\"_blank\">Teebaum<\/a><\/strong> (Kraut)<br \/>\n<a href=\"https:\/\/blog.ruehlemanns.de\/wp-content\/uploads\/2017\/04\/kraeuterstraeusse_10.jpg\"><img loading=\"lazy\" decoding=\"async\" class=\"alignnone size-full wp-image-4801\" src=\"https:\/\/blog.ruehlemanns.de\/wp-content\/uploads\/2017\/04\/kraeuterstraeusse_10.jpg\" alt=\"\" width=\"880\" height=\"600\" srcset=\"https:\/\/blog.ruehlemanns.de\/wp-content\/uploads\/2017\/04\/kraeuterstraeusse_10.jpg 880w, https:\/\/blog.ruehlemanns.de\/wp-content\/uploads\/2017\/04\/kraeuterstraeusse_10-300x205.jpg 300w, https:\/\/blog.ruehlemanns.de\/wp-content\/uploads\/2017\/04\/kraeuterstraeusse_10-768x524.jpg 768w, https:\/\/blog.ruehlemanns.de\/wp-content\/uploads\/2017\/04\/kraeuterstraeusse_10-440x300.jpg 440w\" sizes=\"(max-width: 880px) 100vw, 880px\" \/><\/a><\/p>\n<p><strong>Strau\u00df No6\u00a0\u00a0 \u00a0\u00a0\u00a0 \u00a0\u00a0\u00a0 \u00a0\u00a0\u00a0 \u00a0\u00a0\u00a0 \u00a0<\/strong><br \/>\n<a href=\"https:\/\/www.kraeuter-und-duftpflanzen.de\/search?sSearch=ros18\" target=\"_blank\"><strong>Rosmarin &#8218;Santa Barbara&#8216;<\/strong><\/a> (Bl\u00fcten)<br \/>\n<a href=\"https:\/\/www.kraeuter-und-duftpflanzen.de\/search?sSearch=hel15\" target=\"_blank\"><strong>Afrikanische Immortelle<\/strong><\/a> (Kraut)<br \/>\n<a href=\"https:\/\/www.kraeuter-und-duftpflanzen.de\/Wuerzkraeuter\/Salbei-Salbeistrauch\" target=\"_blank\"><strong>Salbei <\/strong><\/a>(Blatt)<br \/>\n<a href=\"https:\/\/blog.ruehlemanns.de\/wp-content\/uploads\/2017\/04\/kraeuterstraeusse_12.jpg\"><img loading=\"lazy\" decoding=\"async\" class=\"alignnone size-full wp-image-4802\" src=\"https:\/\/blog.ruehlemanns.de\/wp-content\/uploads\/2017\/04\/kraeuterstraeusse_12.jpg\" alt=\"\" width=\"880\" height=\"600\" srcset=\"https:\/\/blog.ruehlemanns.de\/wp-content\/uploads\/2017\/04\/kraeuterstraeusse_12.jpg 880w, https:\/\/blog.ruehlemanns.de\/wp-content\/uploads\/2017\/04\/kraeuterstraeusse_12-300x205.jpg 300w, https:\/\/blog.ruehlemanns.de\/wp-content\/uploads\/2017\/04\/kraeuterstraeusse_12-768x524.jpg 768w, https:\/\/blog.ruehlemanns.de\/wp-content\/uploads\/2017\/04\/kraeuterstraeusse_12-440x300.jpg 440w\" sizes=\"(max-width: 880px) 100vw, 880px\" \/><\/a><\/p>\n<p><strong>Strau\u00df No7\u00a0\u00a0 \u00a0\u00a0\u00a0 \u00a0<\/strong><br \/>\n<a href=\"https:\/\/www.kraeuter-und-duftpflanzen.de\/search?sSearch=ber22\" target=\"_blank\"><strong>Sibirischer Tee<\/strong><\/a> (Blatt)<br \/>\n<a href=\"https:\/\/www.kraeuter-und-duftpflanzen.de\/search?sSearch=pri02\" target=\"_blank\"><strong>Schl\u00fcsselblume<\/strong><\/a> (Bl\u00fcten)<br \/>\n<a href=\"https:\/\/www.kraeuter-und-duftpflanzen.de\/Wuerzkraeuter\/Myrte\" target=\"_blank\"><strong>Myrte <\/strong><\/a>(Kraut)<br \/>\n<strong><a href=\"https:\/\/www.kraeuter-und-duftpflanzen.de\/search?sSearch=mel02\" target=\"_blank\">Teebaum<\/a><\/strong> (Kraut)<br \/>\n<a href=\"https:\/\/blog.ruehlemanns.de\/wp-content\/uploads\/2017\/04\/kraeuterstraeusse_11.jpg\"><img loading=\"lazy\" decoding=\"async\" class=\"alignnone size-full wp-image-4803\" src=\"https:\/\/blog.ruehlemanns.de\/wp-content\/uploads\/2017\/04\/kraeuterstraeusse_11.jpg\" alt=\"\" width=\"880\" height=\"600\" srcset=\"https:\/\/blog.ruehlemanns.de\/wp-content\/uploads\/2017\/04\/kraeuterstraeusse_11.jpg 880w, https:\/\/blog.ruehlemanns.de\/wp-content\/uploads\/2017\/04\/kraeuterstraeusse_11-300x205.jpg 300w, https:\/\/blog.ruehlemanns.de\/wp-content\/uploads\/2017\/04\/kraeuterstraeusse_11-768x524.jpg 768w, https:\/\/blog.ruehlemanns.de\/wp-content\/uploads\/2017\/04\/kraeuterstraeusse_11-440x300.jpg 440w\" sizes=\"(max-width: 880px) 100vw, 880px\" \/><\/a><\/p>\n<p><strong>Strau\u00df No8\u00a0\u00a0<\/strong><br \/>\n<strong><a href=\"https:\/\/www.kraeuter-und-duftpflanzen.de\/search?sSearch=ber22\" target=\"_blank\">Sibirischer Tee<\/a><\/strong> (Bl\u00fcten, Blatt)<strong><br \/>\n<\/strong><a href=\"https:\/\/www.kraeuter-und-duftpflanzen.de\/Wuerzkraeuter\/Myrte\" target=\"_blank\"><strong>Myrte <\/strong><\/a>(Kraut)<br \/>\n<strong><a href=\"https:\/\/www.kraeuter-und-duftpflanzen.de\/search?sSearch=mel02\" target=\"_blank\">Teebaum<\/a><\/strong> (Kraut)<br \/>\n<a href=\"https:\/\/blog.ruehlemanns.de\/wp-content\/uploads\/2017\/04\/kraeuterstraeusse_13.jpg\"><img loading=\"lazy\" decoding=\"async\" class=\"alignnone size-full wp-image-4804\" src=\"https:\/\/blog.ruehlemanns.de\/wp-content\/uploads\/2017\/04\/kraeuterstraeusse_13.jpg\" alt=\"\" width=\"880\" height=\"600\" srcset=\"https:\/\/blog.ruehlemanns.de\/wp-content\/uploads\/2017\/04\/kraeuterstraeusse_13.jpg 880w, https:\/\/blog.ruehlemanns.de\/wp-content\/uploads\/2017\/04\/kraeuterstraeusse_13-300x205.jpg 300w, https:\/\/blog.ruehlemanns.de\/wp-content\/uploads\/2017\/04\/kraeuterstraeusse_13-768x524.jpg 768w, https:\/\/blog.ruehlemanns.de\/wp-content\/uploads\/2017\/04\/kraeuterstraeusse_13-440x300.jpg 440w\" sizes=\"(max-width: 880px) 100vw, 880px\" \/><\/a><\/p>\n","protected":false},"excerpt":{"rendered":"<p>Kr\u00e4uterstr\u00e4u\u00dfe am 15. August zu binden hat in einigen Landesteilen eine lange Tradition. Es gibt sogar \u00dcberlieferungen, wie ein solcher Strau\u00df auszusehen hat, damit er besonders heilkr\u00e4ftig ist. \u201eKr\u00e4uterstr\u00e4u\u00dfe kann man eigentlich zu jeder Jahreszeit binden, denn man findet immer etwas Sch\u00f6nes f\u00fcr&#8217;s Auge und Duftiges f\u00fcr die Nase\u201c sagte sich Michaela. Und band f\u00fcr [&hellip;]<\/p>\n","protected":false},"author":10829,"featured_media":0,"comment_status":"open","ping_status":"open","sticky":false,"template":"","format":"standard","meta":{"site-sidebar-layout":"default","site-content-layout":"","ast-site-content-layout":"default","site-content-style":"default","site-sidebar-style":"default","ast-global-header-display":"","ast-banner-title-visibility":"","ast-main-header-display":"","ast-hfb-above-header-display":"","ast-hfb-below-header-display":"","ast-hfb-mobile-header-display":"","site-post-title":"","ast-breadcrumbs-content":"","ast-featured-img":"","footer-sml-layout":"","ast-disable-related-posts":"","theme-transparent-header-meta":"","adv-header-id-meta":"","stick-header-meta":"","header-above-stick-meta":"","header-main-stick-meta":"","header-below-stick-meta":"","astra-migrate-meta-layouts":"default","ast-page-background-enabled":"default","ast-page-background-meta":{"desktop":{"background-color":"var(--ast-global-color-4)","background-image":"","background-repeat":"repeat","background-position":"center center","background-size":"auto","background-attachment":"scroll","background-type":"","background-media":"","overlay-type":"","overlay-color":"","overlay-opacity":"","overlay-gradient":""},"tablet":{"background-color":"","background-image":"","background-repeat":"repeat","background-position":"center center","background-size":"auto","background-attachment":"scroll","background-type":"","background-media":"","overlay-type":"","overlay-color":"","overlay-opacity":"","overlay-gradient":""},"mobile":{"background-color":"","background-image":"","background-repeat":"repeat","background-position":"center center","background-size":"auto","background-attachment":"scroll","background-type":"","background-media":"","overlay-type":"","overlay-color":"","overlay-opacity":"","overlay-gradient":""}},"ast-content-background-meta":{"desktop":{"background-color":"var(--ast-global-color-5)","background-image":"","background-repeat":"repeat","background-position":"center center","background-size":"auto","background-attachment":"scroll","background-type":"","background-media":"","overlay-type":"","overlay-color":"","overlay-opacity":"","overlay-gradient":""},"tablet":{"background-color":"var(--ast-global-color-5)","background-image":"","background-repeat":"repeat","background-position":"center center","background-size":"auto","background-attachment":"scroll","background-type":"","background-media":"","overlay-type":"","overlay-color":"","overlay-opacity":"","overlay-gradient":""},"mobile":{"background-color":"var(--ast-global-color-5)","background-image":"","background-repeat":"repeat","background-position":"center center","background-size":"auto","background-attachment":"scroll","background-type":"","background-media":"","overlay-type":"","overlay-color":"","overlay-opacity":"","overlay-gradient":""}},"footnotes":""},"categories":[3,5,9],"tags":[],"class_list":["post-4793","post","type-post","status-publish","format-standard","hentry","category-duftpflanzen","category-allemein","category-allgemeines"],"_links":{"self":[{"href":"https:\/\/blog.ruehlemanns.de\/index.php?rest_route=\/wp\/v2\/posts\/4793","targetHints":{"allow":["GET"]}}],"collection":[{"href":"https:\/\/blog.ruehlemanns.de\/index.php?rest_route=\/wp\/v2\/posts"}],"about":[{"href":"https:\/\/blog.ruehlemanns.de\/index.php?rest_route=\/wp\/v2\/types\/post"}],"author":[{"embeddable":true,"href":"https:\/\/blog.ruehlemanns.de\/index.php?rest_route=\/wp\/v2\/users\/10829"}],"replies":[{"embeddable":true,"href":"https:\/\/blog.ruehlemanns.de\/index.php?rest_route=%2Fwp%2Fv2%2Fcomments&post=4793"}],"version-history":[{"count":0,"href":"https:\/\/blog.ruehlemanns.de\/index.php?rest_route=\/wp\/v2\/posts\/4793\/revisions"}],"wp:attachment":[{"href":"https:\/\/blog.ruehlemanns.de\/index.php?rest_route=%2Fwp%2Fv2%2Fmedia&parent=4793"}],"wp:term":[{"taxonomy":"category","embeddable":true,"href":"https:\/\/blog.ruehlemanns.de\/index.php?rest_route=%2Fwp%2Fv2%2Fcategories&post=4793"},{"taxonomy":"post_tag","embeddable":true,"href":"https:\/\/blog.ruehlemanns.de\/index.php?rest_route=%2Fwp%2Fv2%2Ftags&post=4793"}],"curies":[{"name":"wp","href":"https:\/\/api.w.org\/{rel}","templated":true}]}}