{"id":4735,"date":"2017-03-17T11:12:42","date_gmt":"2017-03-17T10:12:42","guid":{"rendered":"http:\/\/blog.ruehlemanns.de\/?p=4735"},"modified":"2017-03-17T11:12:42","modified_gmt":"2017-03-17T10:12:42","slug":"es-geht-wieder-los","status":"publish","type":"post","link":"https:\/\/blog.ruehlemanns.de\/?p=4735","title":{"rendered":"Es geht wieder los!"},"content":{"rendered":"<p><span style=\"font-family: Arial,sans-serif;\">P\u00fcnktlich zum Fr\u00fchlingsbeginn startet am Montag, 20. M\u00e4rz 2017 unser Pflanzenversand. Alle Bestellungen, die seit Erscheinen des neuen Katalogs eingetroffen sind werden nun der Reihe nach &#8211; nat\u00fcrlich immer unter Ber\u00fccksichtigung der Lieferf\u00e4higkeit \u2013 bearbeitet. Dann hei\u00dft es hier wieder: suchen, finden, pflegen, gie\u00dfen, bereitstellen, einpacken und dann ab die Post! <\/span><\/p>\n<p><span style=\"font-family: Arial,sans-serif;\">Nachdem sich Klaus, unser langj\u00e4hriger Abteilungsleiter im Versand noch mit einem fulminanten Fr\u00fchst\u00fcck von uns verabschiedet hat, \u00fcbernimmt ab Montag Matthias &#8218;Matze&#8216; Intemann, bisher Leiter der Vorkommissionierung, diesen Posten. <\/span><\/p>\n<p><span style=\"font-family: Arial,sans-serif;\">Und damit nicht genug &#8211; auch die Pflanzenkommissionierung bleibt unter seiner Leitung, so dass m\u00f6gliche Engp\u00e4sse in den einzelnen Abl\u00e4ufen schneller ausgeglichen werden k\u00f6nnen.<\/span><\/p>\n<p><a href=\"https:\/\/blog.ruehlemanns.de\/wp-content\/uploads\/2017\/03\/versand-2017_e.jpg\"><img fetchpriority=\"high\" decoding=\"async\" class=\"alignnone size-full wp-image-4736\" src=\"https:\/\/blog.ruehlemanns.de\/wp-content\/uploads\/2017\/03\/versand-2017_e.jpg\" alt=\"\" width=\"880\" height=\"600\" srcset=\"https:\/\/blog.ruehlemanns.de\/wp-content\/uploads\/2017\/03\/versand-2017_e.jpg 880w, https:\/\/blog.ruehlemanns.de\/wp-content\/uploads\/2017\/03\/versand-2017_e-300x205.jpg 300w, https:\/\/blog.ruehlemanns.de\/wp-content\/uploads\/2017\/03\/versand-2017_e-768x524.jpg 768w, https:\/\/blog.ruehlemanns.de\/wp-content\/uploads\/2017\/03\/versand-2017_e-440x300.jpg 440w\" sizes=\"(max-width: 880px) 100vw, 880px\" \/><\/a><\/p>\n<p><span style=\"font-family: Arial,sans-serif;\">Wochenlang steckten die beiden im Winter die K\u00f6pfe zusammen, damit die \u00dcbergabe reibungslos funktioniert.<\/span><\/p>\n<p><a href=\"https:\/\/blog.ruehlemanns.de\/wp-content\/uploads\/2017\/03\/versand-2017_b.jpg\"><img decoding=\"async\" class=\"alignnone size-full wp-image-4737\" src=\"https:\/\/blog.ruehlemanns.de\/wp-content\/uploads\/2017\/03\/versand-2017_b.jpg\" alt=\"\" width=\"880\" height=\"600\" srcset=\"https:\/\/blog.ruehlemanns.de\/wp-content\/uploads\/2017\/03\/versand-2017_b.jpg 880w, https:\/\/blog.ruehlemanns.de\/wp-content\/uploads\/2017\/03\/versand-2017_b-300x205.jpg 300w, https:\/\/blog.ruehlemanns.de\/wp-content\/uploads\/2017\/03\/versand-2017_b-768x524.jpg 768w, https:\/\/blog.ruehlemanns.de\/wp-content\/uploads\/2017\/03\/versand-2017_b-440x300.jpg 440w\" sizes=\"(max-width: 880px) 100vw, 880px\" \/><\/a><\/p>\n<p>\u201e<span style=\"font-family: Arial,sans-serif;\">Matthias muss das aber nicht alleine wuppen, denn geballte Frauenpower steht ihm zur Seite\u201c meint Birgit, die jedes Jahr wiederkommt um von Ende M\u00e4rz bis Ende Oktober pro Woche Hunderte von P\u00e4ckchen zu packen.<\/span><\/p>\n<p><a href=\"https:\/\/blog.ruehlemanns.de\/wp-content\/uploads\/2017\/03\/versand-2017_a.jpg\"><img decoding=\"async\" class=\"alignnone size-full wp-image-4738\" src=\"https:\/\/blog.ruehlemanns.de\/wp-content\/uploads\/2017\/03\/versand-2017_a.jpg\" alt=\"\" width=\"880\" height=\"600\" srcset=\"https:\/\/blog.ruehlemanns.de\/wp-content\/uploads\/2017\/03\/versand-2017_a.jpg 880w, https:\/\/blog.ruehlemanns.de\/wp-content\/uploads\/2017\/03\/versand-2017_a-300x205.jpg 300w, https:\/\/blog.ruehlemanns.de\/wp-content\/uploads\/2017\/03\/versand-2017_a-768x524.jpg 768w, https:\/\/blog.ruehlemanns.de\/wp-content\/uploads\/2017\/03\/versand-2017_a-440x300.jpg 440w\" sizes=\"(max-width: 880px) 100vw, 880px\" \/><\/a><br \/>\n<a href=\"https:\/\/blog.ruehlemanns.de\/wp-content\/uploads\/2017\/03\/versand-2017_c.jpg\"><img loading=\"lazy\" decoding=\"async\" class=\"alignnone size-full wp-image-4739\" src=\"https:\/\/blog.ruehlemanns.de\/wp-content\/uploads\/2017\/03\/versand-2017_c.jpg\" alt=\"\" width=\"880\" height=\"600\" srcset=\"https:\/\/blog.ruehlemanns.de\/wp-content\/uploads\/2017\/03\/versand-2017_c.jpg 880w, https:\/\/blog.ruehlemanns.de\/wp-content\/uploads\/2017\/03\/versand-2017_c-300x205.jpg 300w, https:\/\/blog.ruehlemanns.de\/wp-content\/uploads\/2017\/03\/versand-2017_c-768x524.jpg 768w, https:\/\/blog.ruehlemanns.de\/wp-content\/uploads\/2017\/03\/versand-2017_c-440x300.jpg 440w\" sizes=\"(max-width: 880px) 100vw, 880px\" \/><\/a><\/p>\n<p><span style=\"font-family: Arial,sans-serif;\">Die Packtische und Pflanzentische sind dank unserer &#8218;alten Hasen&#8216; schon gut gef\u00fcllt und vorbereitet \u2013 jetzt freuen wir uns auf viele neue und bekannte Kolleginnen und Kollegen, die uns in dieser Saison unterst\u00fctzen werden, damit es nun endlich wieder hei\u00dfen kann:<\/span><\/p>\n<p><strong><span style=\"font-family: Arial,sans-serif;\">Auf die Pflanzen, fertig, los!<\/span><\/strong><\/p>\n<p><a href=\"https:\/\/blog.ruehlemanns.de\/wp-content\/uploads\/2017\/03\/versand-2017_f.jpg\"><img loading=\"lazy\" decoding=\"async\" class=\"alignnone size-full wp-image-4741\" src=\"https:\/\/blog.ruehlemanns.de\/wp-content\/uploads\/2017\/03\/versand-2017_f.jpg\" alt=\"\" width=\"880\" height=\"600\" srcset=\"https:\/\/blog.ruehlemanns.de\/wp-content\/uploads\/2017\/03\/versand-2017_f.jpg 880w, https:\/\/blog.ruehlemanns.de\/wp-content\/uploads\/2017\/03\/versand-2017_f-300x205.jpg 300w, https:\/\/blog.ruehlemanns.de\/wp-content\/uploads\/2017\/03\/versand-2017_f-768x524.jpg 768w, https:\/\/blog.ruehlemanns.de\/wp-content\/uploads\/2017\/03\/versand-2017_f-440x300.jpg 440w\" sizes=\"(max-width: 880px) 100vw, 880px\" \/><\/a><\/p>\n","protected":false},"excerpt":{"rendered":"<p>P\u00fcnktlich zum Fr\u00fchlingsbeginn startet am Montag, 20. M\u00e4rz 2017 unser Pflanzenversand. Alle Bestellungen, die seit Erscheinen des neuen Katalogs eingetroffen sind werden nun der Reihe nach &#8211; nat\u00fcrlich immer unter Ber\u00fccksichtigung der Lieferf\u00e4higkeit \u2013 bearbeitet. Dann hei\u00dft es hier wieder: suchen, finden, pflegen, gie\u00dfen, bereitstellen, einpacken und dann ab die Post! Nachdem sich Klaus, unser [&hellip;]<\/p>\n","protected":false},"author":645,"featured_media":0,"comment_status":"open","ping_status":"open","sticky":false,"template":"","format":"standard","meta":{"site-sidebar-layout":"default","site-content-layout":"","ast-site-content-layout":"default","site-content-style":"default","site-sidebar-style":"default","ast-global-header-display":"","ast-banner-title-visibility":"","ast-main-header-display":"","ast-hfb-above-header-display":"","ast-hfb-below-header-display":"","ast-hfb-mobile-header-display":"","site-post-title":"","ast-breadcrumbs-content":"","ast-featured-img":"","footer-sml-layout":"","ast-disable-related-posts":"","theme-transparent-header-meta":"","adv-header-id-meta":"","stick-header-meta":"","header-above-stick-meta":"","header-main-stick-meta":"","header-below-stick-meta":"","astra-migrate-meta-layouts":"default","ast-page-background-enabled":"default","ast-page-background-meta":{"desktop":{"background-color":"var(--ast-global-color-4)","background-image":"","background-repeat":"repeat","background-position":"center center","background-size":"auto","background-attachment":"scroll","background-type":"","background-media":"","overlay-type":"","overlay-color":"","overlay-opacity":"","overlay-gradient":""},"tablet":{"background-color":"","background-image":"","background-repeat":"repeat","background-position":"center center","background-size":"auto","background-attachment":"scroll","background-type":"","background-media":"","overlay-type":"","overlay-color":"","overlay-opacity":"","overlay-gradient":""},"mobile":{"background-color":"","background-image":"","background-repeat":"repeat","background-position":"center center","background-size":"auto","background-attachment":"scroll","background-type":"","background-media":"","overlay-type":"","overlay-color":"","overlay-opacity":"","overlay-gradient":""}},"ast-content-background-meta":{"desktop":{"background-color":"var(--ast-global-color-5)","background-image":"","background-repeat":"repeat","background-position":"center center","background-size":"auto","background-attachment":"scroll","background-type":"","background-media":"","overlay-type":"","overlay-color":"","overlay-opacity":"","overlay-gradient":""},"tablet":{"background-color":"var(--ast-global-color-5)","background-image":"","background-repeat":"repeat","background-position":"center center","background-size":"auto","background-attachment":"scroll","background-type":"","background-media":"","overlay-type":"","overlay-color":"","overlay-opacity":"","overlay-gradient":""},"mobile":{"background-color":"var(--ast-global-color-5)","background-image":"","background-repeat":"repeat","background-position":"center center","background-size":"auto","background-attachment":"scroll","background-type":"","background-media":"","overlay-type":"","overlay-color":"","overlay-opacity":"","overlay-gradient":""}},"footnotes":""},"categories":[5,138],"tags":[],"class_list":["post-4735","post","type-post","status-publish","format-standard","hentry","category-allemein","category-mitarbeiter"],"_links":{"self":[{"href":"https:\/\/blog.ruehlemanns.de\/index.php?rest_route=\/wp\/v2\/posts\/4735","targetHints":{"allow":["GET"]}}],"collection":[{"href":"https:\/\/blog.ruehlemanns.de\/index.php?rest_route=\/wp\/v2\/posts"}],"about":[{"href":"https:\/\/blog.ruehlemanns.de\/index.php?rest_route=\/wp\/v2\/types\/post"}],"author":[{"embeddable":true,"href":"https:\/\/blog.ruehlemanns.de\/index.php?rest_route=\/wp\/v2\/users\/645"}],"replies":[{"embeddable":true,"href":"https:\/\/blog.ruehlemanns.de\/index.php?rest_route=%2Fwp%2Fv2%2Fcomments&post=4735"}],"version-history":[{"count":0,"href":"https:\/\/blog.ruehlemanns.de\/index.php?rest_route=\/wp\/v2\/posts\/4735\/revisions"}],"wp:attachment":[{"href":"https:\/\/blog.ruehlemanns.de\/index.php?rest_route=%2Fwp%2Fv2%2Fmedia&parent=4735"}],"wp:term":[{"taxonomy":"category","embeddable":true,"href":"https:\/\/blog.ruehlemanns.de\/index.php?rest_route=%2Fwp%2Fv2%2Fcategories&post=4735"},{"taxonomy":"post_tag","embeddable":true,"href":"https:\/\/blog.ruehlemanns.de\/index.php?rest_route=%2Fwp%2Fv2%2Ftags&post=4735"}],"curies":[{"name":"wp","href":"https:\/\/api.w.org\/{rel}","templated":true}]}}