{"id":4712,"date":"2017-03-01T14:57:51","date_gmt":"2017-03-01T13:57:51","guid":{"rendered":"http:\/\/blog.ruehlemanns.de\/?p=4712"},"modified":"2017-03-02T08:40:12","modified_gmt":"2017-03-02T07:40:12","slug":"jetzt-ist-zeit-zum-saeen","status":"publish","type":"post","link":"https:\/\/blog.ruehlemanns.de\/?p=4712","title":{"rendered":"Jetzt ist Zeit zum S\u00e4en"},"content":{"rendered":"<p>Von Ende Oktober bis Anfang den neuen Jahres haben Martina und ich wie jedes Jahr unsere Saatgutabteilung unterst\u00fctzt &#8211; Saatgutt\u00fcte um Saatgutt\u00fcte f\u00fcllten wir ab, f\u00fcllten wir ab, f\u00fcllten wir ab. Wenn der neue Katalog herausgekommen ist und die Zeit des S\u00e4ens und Pflanzens wieder n\u00e4her r\u00fcckt, nehmen wir die vielen telefonischen Bestellungen entgegen.<\/p>\n<p>Die Erinnerung an das wundersch\u00f6ne, skurrile oder bemerkenswerte Saatgut aber bleibt.<\/p>\n<p><a href=\"https:\/\/blog.ruehlemanns.de\/wp-content\/uploads\/2017\/03\/anja-1.jpg\"><img fetchpriority=\"high\" decoding=\"async\" class=\"alignnone size-full wp-image-4721\" src=\"https:\/\/blog.ruehlemanns.de\/wp-content\/uploads\/2017\/03\/anja-1.jpg\" alt=\"\" width=\"880\" height=\"600\" srcset=\"https:\/\/blog.ruehlemanns.de\/wp-content\/uploads\/2017\/03\/anja-1.jpg 880w, https:\/\/blog.ruehlemanns.de\/wp-content\/uploads\/2017\/03\/anja-1-300x205.jpg 300w, https:\/\/blog.ruehlemanns.de\/wp-content\/uploads\/2017\/03\/anja-1-768x524.jpg 768w, https:\/\/blog.ruehlemanns.de\/wp-content\/uploads\/2017\/03\/anja-1-440x300.jpg 440w\" sizes=\"(max-width: 880px) 100vw, 880px\" \/><\/a><\/p>\n<p><strong>Der Geruch<\/strong><br \/>\nOft duftet, manchmal auch schon fast unangenehm, das ganze B\u00fcro danach.<br \/>\nMan bekommt regelrecht Appetit, z.B. auf Fisch (<a href=\"https:\/\/www.kraeuter-und-duftpflanzen.de\/Wuerzkraeuter\/Dill\" target=\"_blank\"><strong>Dill<\/strong><\/a>) oder eine leckere Suppe (<a href=\"https:\/\/www.kraeuter-und-duftpflanzen.de\/Wuerzkraeuter\/Liebstoeckel\" target=\"_blank\"><strong>Liebst\u00f6ckel<\/strong><\/a>) oder der Gedanke an einen leckeren Tee kommt auf (<a href=\"https:\/\/www.kraeuter-und-duftpflanzen.de\/search?sSearch=aga01\" target=\"_blank\"><strong>Anis-Ysop<\/strong><\/a>).<br \/>\nNach dem Abf\u00fcllen der <a href=\"https:\/\/www.kraeuter-und-duftpflanzen.de\/search?sSearch=che11\" target=\"_blank\"><strong>Epazote<\/strong><\/a> m\u00fcssen wir meist erst einmal l\u00fcften, aber wenn jemand das B\u00fcro betritt und es ganz besonders w\u00fcrzig riecht, kann es nur der <a href=\"https:\/\/www.kraeuter-und-duftpflanzen.de\/search?sSearch=tri12x\" target=\"_blank\"><strong>Bockshornklee<\/strong><\/a> sein.<\/p>\n<p><a href=\"https:\/\/blog.ruehlemanns.de\/wp-content\/uploads\/2017\/03\/saatgut_collage_1-1.jpg\"><img decoding=\"async\" class=\"alignnone size-full wp-image-4723\" src=\"https:\/\/blog.ruehlemanns.de\/wp-content\/uploads\/2017\/03\/saatgut_collage_1-1.jpg\" alt=\"\" width=\"880\" height=\"600\" srcset=\"https:\/\/blog.ruehlemanns.de\/wp-content\/uploads\/2017\/03\/saatgut_collage_1-1.jpg 880w, https:\/\/blog.ruehlemanns.de\/wp-content\/uploads\/2017\/03\/saatgut_collage_1-1-300x205.jpg 300w, https:\/\/blog.ruehlemanns.de\/wp-content\/uploads\/2017\/03\/saatgut_collage_1-1-768x524.jpg 768w, https:\/\/blog.ruehlemanns.de\/wp-content\/uploads\/2017\/03\/saatgut_collage_1-1-440x300.jpg 440w\" sizes=\"(max-width: 880px) 100vw, 880px\" \/><\/a><\/p>\n<p><strong>Das Aussehen<\/strong><br \/>\nVon weitem betrachtet sieht alles gleich aus, aber aus der N\u00e4he unterscheidet sich jedes einzelne Korn vom n\u00e4chsten und jedes ist einzigartig sch\u00f6n wie z.B. die <a href=\"https:\/\/www.kraeuter-und-duftpflanzen.de\/search?sSearch=myr01\" target=\"_blank\"><strong>S\u00fc\u00dfdolde<\/strong><\/a> mit ihrer gl\u00e4nzenden Oberfl\u00e4che oder die <a href=\"https:\/\/www.kraeuter-und-duftpflanzen.de\/search?sSearch=cal12x\" target=\"_blank\"><strong>Ringelblume<\/strong><\/a> mit ihren Zacken.<\/p>\n<p>Der <a href=\"https:\/\/www.kraeuter-und-duftpflanzen.de\/search?sSearch=ric01x\" target=\"_blank\"><strong>Rizinus<\/strong><\/a> erinnert mich immer an Wachteleier und die <a href=\"https:\/\/www.kraeuter-und-duftpflanzen.de\/search?sSearch=mor30x\" target=\"_blank\"><strong>Asiatische Moringa<\/strong><\/a> sieht aus, als wenn jedes einzelne Korn in Geschenkpapier eingewickelt w\u00e4re.<\/p>\n<p>Das Samenkorn des <a href=\"https:\/\/www.kraeuter-und-duftpflanzen.de\/search?sSearch=sco11x\" target=\"_blank\"><strong>Raupenkrauts<\/strong><\/a> &#8211; w\u00fcrde es sich bewegen, k\u00f6nnte man glauben, es w\u00e4re eine Raupe.<\/p>\n<p>Und die <a href=\"https:\/\/www.kraeuter-und-duftpflanzen.de\/search?sSearch=car41x\" target=\"_blank\"><strong>Herzsame<\/strong><\/a> sieht wirklich aus, als h\u00e4tte jemand auf jedes Korn ein kleines Herz gemalt. Eine Kundin erz\u00e4hlte mir sogar einmal, sie wolle mit der Herzsame bei der Hochzeit ihrer Tochter den Tisch schm\u00fccken.<\/p>\n<p><a href=\"https:\/\/blog.ruehlemanns.de\/wp-content\/uploads\/2017\/03\/saatgut_collage_2-1.jpg\"><img decoding=\"async\" class=\"alignnone size-full wp-image-4724\" src=\"https:\/\/blog.ruehlemanns.de\/wp-content\/uploads\/2017\/03\/saatgut_collage_2-1.jpg\" alt=\"\" width=\"880\" height=\"600\" srcset=\"https:\/\/blog.ruehlemanns.de\/wp-content\/uploads\/2017\/03\/saatgut_collage_2-1.jpg 880w, https:\/\/blog.ruehlemanns.de\/wp-content\/uploads\/2017\/03\/saatgut_collage_2-1-300x205.jpg 300w, https:\/\/blog.ruehlemanns.de\/wp-content\/uploads\/2017\/03\/saatgut_collage_2-1-768x524.jpg 768w, https:\/\/blog.ruehlemanns.de\/wp-content\/uploads\/2017\/03\/saatgut_collage_2-1-440x300.jpg 440w\" sizes=\"(max-width: 880px) 100vw, 880px\" \/><\/a><\/p>\n<p><strong>Das Gef\u00fchl<\/strong><br \/>\nEs fliegt durch die Luft (<a href=\"https:\/\/www.kraeuter-und-duftpflanzen.de\/search?sSearch=tag05x\" target=\"_blank\"><strong>Tagetes<\/strong><\/a>), sperrt sich beim Eint\u00fcten (<a href=\"https:\/\/www.kraeuter-und-duftpflanzen.de\/search?sSearch=cal12x\" target=\"_blank\"><strong>Ringelblume<\/strong><\/a>, <a href=\"https:\/\/www.kraeuter-und-duftpflanzen.de\/search?sSearch=cyc01x\" target=\"_blank\"><strong>Inkagurke<\/strong><\/a>, <a href=\"https:\/\/www.kraeuter-und-duftpflanzen.de\/search?sSearch=cyp01x\" target=\"_blank\"><strong>Erdmandel<\/strong><\/a>), kullert vom Schreibtisch (<a href=\"https:\/\/www.kraeuter-und-duftpflanzen.de\/Wuerzkraeuter\/Senf-Blattsenf\" target=\"_blank\"><strong>Senf<\/strong><\/a>, <a href=\"https:\/\/www.kraeuter-und-duftpflanzen.de\/search?sSearch=cor01x\" target=\"_blank\"><strong>Cilantro<\/strong><\/a>), ist so fein, dass man jedes einzelne Korn gar nicht erkennen kann (<a href=\"https:\/\/www.kraeuter-und-duftpflanzen.de\/search?sSearch=mel02\" target=\"_blank\"><strong>Teebaum<\/strong><\/a>), liegt flach da (<a href=\"https:\/\/www.kraeuter-und-duftpflanzen.de\/search?sSearch=luf01x\" target=\"_blank\"><strong>Luffa<\/strong><\/a>) oder bringt uns zum Niesen (<a href=\"https:\/\/www.kraeuter-und-duftpflanzen.de\/Wuerzkraeuter\/Chili\" target=\"_blank\"><strong>Chili<\/strong><\/a>).<\/p>\n<p><a href=\"https:\/\/blog.ruehlemanns.de\/wp-content\/uploads\/2017\/03\/saatgut_collage_3-1.jpg\"><img loading=\"lazy\" decoding=\"async\" class=\"alignnone size-full wp-image-4725\" src=\"https:\/\/blog.ruehlemanns.de\/wp-content\/uploads\/2017\/03\/saatgut_collage_3-1.jpg\" alt=\"\" width=\"880\" height=\"600\" srcset=\"https:\/\/blog.ruehlemanns.de\/wp-content\/uploads\/2017\/03\/saatgut_collage_3-1.jpg 880w, https:\/\/blog.ruehlemanns.de\/wp-content\/uploads\/2017\/03\/saatgut_collage_3-1-300x205.jpg 300w, https:\/\/blog.ruehlemanns.de\/wp-content\/uploads\/2017\/03\/saatgut_collage_3-1-768x524.jpg 768w, https:\/\/blog.ruehlemanns.de\/wp-content\/uploads\/2017\/03\/saatgut_collage_3-1-440x300.jpg 440w\" sizes=\"(max-width: 880px) 100vw, 880px\" \/><\/a><\/p>\n<p>Haben Sie auch solche Assoziationen? Schauen Sie mal genau hin!<\/p>\n<p>Ich freue mich jedenfalls schon auf das n\u00e4chste Abf\u00fcllen mit Gef\u00fchl, Geruch und wundersch\u00f6nem Aussehen.<\/p>\n<p>&nbsp;<\/p>\n","protected":false},"excerpt":{"rendered":"<p>Von Ende Oktober bis Anfang den neuen Jahres haben Martina und ich wie jedes Jahr unsere Saatgutabteilung unterst\u00fctzt &#8211; Saatgutt\u00fcte um Saatgutt\u00fcte f\u00fcllten wir ab, f\u00fcllten wir ab, f\u00fcllten wir ab. Wenn der neue Katalog herausgekommen ist und die Zeit des S\u00e4ens und Pflanzens wieder n\u00e4her r\u00fcckt, nehmen wir die vielen telefonischen Bestellungen entgegen. Die [&hellip;]<\/p>\n","protected":false},"author":607,"featured_media":0,"comment_status":"open","ping_status":"open","sticky":false,"template":"","format":"standard","meta":{"site-sidebar-layout":"default","site-content-layout":"","ast-site-content-layout":"default","site-content-style":"default","site-sidebar-style":"default","ast-global-header-display":"","ast-banner-title-visibility":"","ast-main-header-display":"","ast-hfb-above-header-display":"","ast-hfb-below-header-display":"","ast-hfb-mobile-header-display":"","site-post-title":"","ast-breadcrumbs-content":"","ast-featured-img":"","footer-sml-layout":"","ast-disable-related-posts":"","theme-transparent-header-meta":"","adv-header-id-meta":"","stick-header-meta":"","header-above-stick-meta":"","header-main-stick-meta":"","header-below-stick-meta":"","astra-migrate-meta-layouts":"default","ast-page-background-enabled":"default","ast-page-background-meta":{"desktop":{"background-color":"var(--ast-global-color-4)","background-image":"","background-repeat":"repeat","background-position":"center center","background-size":"auto","background-attachment":"scroll","background-type":"","background-media":"","overlay-type":"","overlay-color":"","overlay-opacity":"","overlay-gradient":""},"tablet":{"background-color":"","background-image":"","background-repeat":"repeat","background-position":"center center","background-size":"auto","background-attachment":"scroll","background-type":"","background-media":"","overlay-type":"","overlay-color":"","overlay-opacity":"","overlay-gradient":""},"mobile":{"background-color":"","background-image":"","background-repeat":"repeat","background-position":"center center","background-size":"auto","background-attachment":"scroll","background-type":"","background-media":"","overlay-type":"","overlay-color":"","overlay-opacity":"","overlay-gradient":""}},"ast-content-background-meta":{"desktop":{"background-color":"var(--ast-global-color-5)","background-image":"","background-repeat":"repeat","background-position":"center center","background-size":"auto","background-attachment":"scroll","background-type":"","background-media":"","overlay-type":"","overlay-color":"","overlay-opacity":"","overlay-gradient":""},"tablet":{"background-color":"var(--ast-global-color-5)","background-image":"","background-repeat":"repeat","background-position":"center center","background-size":"auto","background-attachment":"scroll","background-type":"","background-media":"","overlay-type":"","overlay-color":"","overlay-opacity":"","overlay-gradient":""},"mobile":{"background-color":"var(--ast-global-color-5)","background-image":"","background-repeat":"repeat","background-position":"center center","background-size":"auto","background-attachment":"scroll","background-type":"","background-media":"","overlay-type":"","overlay-color":"","overlay-opacity":"","overlay-gradient":""}},"footnotes":""},"categories":[3,5,9],"tags":[],"class_list":["post-4712","post","type-post","status-publish","format-standard","hentry","category-duftpflanzen","category-allemein","category-allgemeines"],"_links":{"self":[{"href":"https:\/\/blog.ruehlemanns.de\/index.php?rest_route=\/wp\/v2\/posts\/4712","targetHints":{"allow":["GET"]}}],"collection":[{"href":"https:\/\/blog.ruehlemanns.de\/index.php?rest_route=\/wp\/v2\/posts"}],"about":[{"href":"https:\/\/blog.ruehlemanns.de\/index.php?rest_route=\/wp\/v2\/types\/post"}],"author":[{"embeddable":true,"href":"https:\/\/blog.ruehlemanns.de\/index.php?rest_route=\/wp\/v2\/users\/607"}],"replies":[{"embeddable":true,"href":"https:\/\/blog.ruehlemanns.de\/index.php?rest_route=%2Fwp%2Fv2%2Fcomments&post=4712"}],"version-history":[{"count":0,"href":"https:\/\/blog.ruehlemanns.de\/index.php?rest_route=\/wp\/v2\/posts\/4712\/revisions"}],"wp:attachment":[{"href":"https:\/\/blog.ruehlemanns.de\/index.php?rest_route=%2Fwp%2Fv2%2Fmedia&parent=4712"}],"wp:term":[{"taxonomy":"category","embeddable":true,"href":"https:\/\/blog.ruehlemanns.de\/index.php?rest_route=%2Fwp%2Fv2%2Fcategories&post=4712"},{"taxonomy":"post_tag","embeddable":true,"href":"https:\/\/blog.ruehlemanns.de\/index.php?rest_route=%2Fwp%2Fv2%2Ftags&post=4712"}],"curies":[{"name":"wp","href":"https:\/\/api.w.org\/{rel}","templated":true}]}}