{"id":4366,"date":"2016-04-08T11:51:34","date_gmt":"2016-04-08T10:51:34","guid":{"rendered":"http:\/\/blog.ruehlemanns.de\/?p=4366"},"modified":"2016-04-08T11:51:34","modified_gmt":"2016-04-08T10:51:34","slug":"schnupperstunden-2016","status":"publish","type":"post","link":"https:\/\/blog.ruehlemanns.de\/?p=4366","title":{"rendered":"Schnupperstunden 2016"},"content":{"rendered":"<p>K\u00f6stliche und interessante Anregungen gibt es auch in diesem Jahr wieder durch die Mitarbeiter der G\u00e4rtnerei in den <a href=\"https:\/\/www.kraeuter-und-duftpflanzen.de\/Schnupperstunden\" target=\"_blank\"><strong>Schnupperstunden<\/strong><\/a> <a href=\"https:\/\/www.kraeuter-und-duftpflanzen.de\/custom\/index\/sCustom\/153\" target=\"_blank\">vor Ort<\/a> (kostenlos und ohne Voranmeldung).<\/p>\n<p><strong>Mitmachen und probieren ist wie immer ausdr\u00fccklich erw\u00fcnscht!<\/strong><\/p>\n<p><a href=\"https:\/\/blog.ruehlemanns.de\/wp-content\/uploads\/2016\/04\/schnupperstunden-2016.jpg\" rel=\"attachment wp-att-4367\"><img fetchpriority=\"high\" decoding=\"async\" class=\"alignnone size-full wp-image-4367\" src=\"https:\/\/blog.ruehlemanns.de\/wp-content\/uploads\/2016\/04\/schnupperstunden-2016.jpg\" alt=\"schnupperstunden 2016\" width=\"880\" height=\"600\" srcset=\"https:\/\/blog.ruehlemanns.de\/wp-content\/uploads\/2016\/04\/schnupperstunden-2016.jpg 880w, https:\/\/blog.ruehlemanns.de\/wp-content\/uploads\/2016\/04\/schnupperstunden-2016-300x205.jpg 300w, https:\/\/blog.ruehlemanns.de\/wp-content\/uploads\/2016\/04\/schnupperstunden-2016-768x524.jpg 768w, https:\/\/blog.ruehlemanns.de\/wp-content\/uploads\/2016\/04\/schnupperstunden-2016-440x300.jpg 440w\" sizes=\"(max-width: 880px) 100vw, 880px\" \/><\/a><\/p>\n<p>In diesem Jahr wird es an f\u00fcnf <strong>Samstagen, jeweils zwischen 12.00 und 15.00 Uhr<\/strong>, um folgende Themen gehen:<\/p>\n<p><strong>Sa., 11. Juni 2016: Sch\u00f6n scharf! Kreative K\u00fcche mit Chili<\/strong><br \/>\n<em>mit Martina Warnke und Franziska Spitzh\u00fcttl<\/em><br \/>\nGemeinsam werden leckere Kleinigkeiten zubereitet, garniert mit einer gro\u00dfen Prise\u00a0 fachlicher Information rund um die scharfen Schoten. Rezepte inclusive!<\/p>\n<p><strong>Sa., 2. Juli 2016: Das ist dufte! Kr\u00e4uteraktion f\u00fcr Kinder von 8-12 Jahren<\/strong><br \/>\n<em>mit Anja Bodmann und Anke Gettel<\/em><br \/>\nUm den spielerischen Umgang mit Kr\u00e4utern geht es an diesem Tag. Sinnliche Erfahrungen und praktisches Tun werden im Vordergrund stehen, aber auch die leisen Momente werden nicht zu kurz kommen.<\/p>\n<p><strong>Sa., 6. August 2016: Neues vom Allround-Genie Basilikum<\/strong><br \/>\n<em>mit Eva Brendel und Sandra Heim<\/em><br \/>\nDie Verwendungsm\u00f6glichkeiten dieses Krauts sind schier unersch\u00f6pflich: zum dritten Mal gilbt es neue kulinarische Varianten zu entdecken und erschmecken.<br \/>\nVorab wird es wieder eine kleine Einf\u00fchrung in die richtige Pflege und Ernte geben.<\/p>\n<p><strong>Sa., 3. September 2016: Green Smoothies \u2013 lecker und gesund<\/strong><br \/>\n<em>mit Martina Warnke und Tobi Link<\/em><br \/>\nHeute wird ausgiebig gemixt und probiert. Welche Kr\u00e4uter sind geeignet, in der Pflege unkompliziert, sorgen f\u00fcr eine reiche Ernte und welche kann ich sogar noch im Winter nutzen? Mischen Sie mit!<\/p>\n<p><strong>Sa., 17. September 2016: Alle Jahre wieder \u2013 \u00dcberwinterung<\/strong><br \/>\n<em>mit Christian M\u00fcller<\/em><br \/>\n\u201eWelche Bed\u00fcrfnisse haben Pflanzen im Winter und was gilt es unbedingt zu vermeiden?\u201c \u201eWelches ist der ideale \u00dcberwinterungsort und wie sch\u00fctze ich drau\u00dfen vor Frost?\u201c \u201eMit welchen Mitteln kann ich meine Pflanzen sch\u00fctzen, welche sind eher kontraproduktiv?\u201c Hier gibt\u2019s die Antworten!<\/p>\n","protected":false},"excerpt":{"rendered":"<p>K\u00f6stliche und interessante Anregungen gibt es auch in diesem Jahr wieder durch die Mitarbeiter der G\u00e4rtnerei in den Schnupperstunden vor Ort (kostenlos und ohne Voranmeldung). Mitmachen und probieren ist wie immer ausdr\u00fccklich erw\u00fcnscht! In diesem Jahr wird es an f\u00fcnf Samstagen, jeweils zwischen 12.00 und 15.00 Uhr, um folgende Themen gehen: Sa., 11. Juni 2016: [&hellip;]<\/p>\n","protected":false},"author":645,"featured_media":0,"comment_status":"open","ping_status":"open","sticky":false,"template":"","format":"standard","meta":{"site-sidebar-layout":"default","site-content-layout":"","ast-site-content-layout":"default","site-content-style":"default","site-sidebar-style":"default","ast-global-header-display":"","ast-banner-title-visibility":"","ast-main-header-display":"","ast-hfb-above-header-display":"","ast-hfb-below-header-display":"","ast-hfb-mobile-header-display":"","site-post-title":"","ast-breadcrumbs-content":"","ast-featured-img":"","footer-sml-layout":"","ast-disable-related-posts":"","theme-transparent-header-meta":"","adv-header-id-meta":"","stick-header-meta":"","header-above-stick-meta":"","header-main-stick-meta":"","header-below-stick-meta":"","astra-migrate-meta-layouts":"default","ast-page-background-enabled":"default","ast-page-background-meta":{"desktop":{"background-color":"var(--ast-global-color-4)","background-image":"","background-repeat":"repeat","background-position":"center center","background-size":"auto","background-attachment":"scroll","background-type":"","background-media":"","overlay-type":"","overlay-color":"","overlay-opacity":"","overlay-gradient":""},"tablet":{"background-color":"","background-image":"","background-repeat":"repeat","background-position":"center center","background-size":"auto","background-attachment":"scroll","background-type":"","background-media":"","overlay-type":"","overlay-color":"","overlay-opacity":"","overlay-gradient":""},"mobile":{"background-color":"","background-image":"","background-repeat":"repeat","background-position":"center center","background-size":"auto","background-attachment":"scroll","background-type":"","background-media":"","overlay-type":"","overlay-color":"","overlay-opacity":"","overlay-gradient":""}},"ast-content-background-meta":{"desktop":{"background-color":"var(--ast-global-color-5)","background-image":"","background-repeat":"repeat","background-position":"center center","background-size":"auto","background-attachment":"scroll","background-type":"","background-media":"","overlay-type":"","overlay-color":"","overlay-opacity":"","overlay-gradient":""},"tablet":{"background-color":"var(--ast-global-color-5)","background-image":"","background-repeat":"repeat","background-position":"center center","background-size":"auto","background-attachment":"scroll","background-type":"","background-media":"","overlay-type":"","overlay-color":"","overlay-opacity":"","overlay-gradient":""},"mobile":{"background-color":"var(--ast-global-color-5)","background-image":"","background-repeat":"repeat","background-position":"center center","background-size":"auto","background-attachment":"scroll","background-type":"","background-media":"","overlay-type":"","overlay-color":"","overlay-opacity":"","overlay-gradient":""}},"footnotes":""},"categories":[5,140],"tags":[],"class_list":["post-4366","post","type-post","status-publish","format-standard","hentry","category-allemein","category-schnupperstunden"],"_links":{"self":[{"href":"https:\/\/blog.ruehlemanns.de\/index.php?rest_route=\/wp\/v2\/posts\/4366","targetHints":{"allow":["GET"]}}],"collection":[{"href":"https:\/\/blog.ruehlemanns.de\/index.php?rest_route=\/wp\/v2\/posts"}],"about":[{"href":"https:\/\/blog.ruehlemanns.de\/index.php?rest_route=\/wp\/v2\/types\/post"}],"author":[{"embeddable":true,"href":"https:\/\/blog.ruehlemanns.de\/index.php?rest_route=\/wp\/v2\/users\/645"}],"replies":[{"embeddable":true,"href":"https:\/\/blog.ruehlemanns.de\/index.php?rest_route=%2Fwp%2Fv2%2Fcomments&post=4366"}],"version-history":[{"count":0,"href":"https:\/\/blog.ruehlemanns.de\/index.php?rest_route=\/wp\/v2\/posts\/4366\/revisions"}],"wp:attachment":[{"href":"https:\/\/blog.ruehlemanns.de\/index.php?rest_route=%2Fwp%2Fv2%2Fmedia&parent=4366"}],"wp:term":[{"taxonomy":"category","embeddable":true,"href":"https:\/\/blog.ruehlemanns.de\/index.php?rest_route=%2Fwp%2Fv2%2Fcategories&post=4366"},{"taxonomy":"post_tag","embeddable":true,"href":"https:\/\/blog.ruehlemanns.de\/index.php?rest_route=%2Fwp%2Fv2%2Ftags&post=4366"}],"curies":[{"name":"wp","href":"https:\/\/api.w.org\/{rel}","templated":true}]}}