{"id":421,"date":"2009-09-11T09:15:58","date_gmt":"2009-09-11T07:15:58","guid":{"rendered":"http:\/\/blog.ruehlemanns.de\/?p=421"},"modified":"2009-09-11T09:15:58","modified_gmt":"2009-09-11T07:15:58","slug":"krauter-und-duftstrause-kann-man-essen","status":"publish","type":"post","link":"https:\/\/blog.ruehlemanns.de\/?p=421","title":{"rendered":"&#8222;Kr\u00e4uter- und Duftstr\u00e4u\u00dfe kann man essen?!&#8220;"},"content":{"rendered":"<p>Am 30.08.09 war es wieder einmal soweit. Kr\u00e4uterinteressierte Seminar-Teilnehmer st\u00fcrmten unsere G\u00e4rtnerei. Schnell hatte jeder einen Korb geschnappt und die Sammlerei ging los.<\/p>\n<p><a href=\"https:\/\/blog.ruehlemanns.de\/wp-content\/uploads\/2009\/09\/PIC_2704-Anja-800.jpg\"><img fetchpriority=\"high\" decoding=\"async\" class=\"alignnone size-medium wp-image-381\" title=\"Teilnehmer beim Sammeln\" src=\"https:\/\/blog.ruehlemanns.de\/wp-content\/uploads\/2009\/09\/PIC_2704-Anja-450.jpg\" alt=\"\" width=\"450\" height=\"363\" \/><\/a><\/p>\n<p>Das Seminar war gut besucht. Es gab wieder vieles zu h\u00f6ren, zu sehen und zu erfahren. Tobias erz\u00e4hlte allen Anwesenden viel Spannendes und Informatives \u00fcber die Formen und Farben, die D\u00fcfte und Gestaltungsstile. Alle durften nach Herzenslust ihre Kr\u00e4uter sammeln und unter toller Anleitung loslegen, die eigenen Kr\u00e4uter- und Duftstr\u00e4u\u00dfe zu binden.<\/p>\n<p><a href=\"https:\/\/blog.ruehlemanns.de\/wp-content\/uploads\/2009\/09\/PIC_2753-Anja-800x740.jpg\"><img decoding=\"async\" class=\"alignnone size-medium wp-image-381\" title=\"Duftstrau\u00df\" src=\"https:\/\/blog.ruehlemanns.de\/wp-content\/uploads\/2009\/09\/PIC_2753-Anja-450x416.jpg\" alt=\"\" width=\"450\" height=\"416\" \/><\/a><\/p>\n<p>F\u00fcr das kulinarische Higlight sorgte wie immer Ulla Schr\u00f6der. Ihr Essen ist f\u00fcr die Augen eine wahre Wonne und absolut lecker.<\/p>\n<p><a href=\"https:\/\/blog.ruehlemanns.de\/wp-content\/uploads\/2009\/09\/PIC_2699-Anja-800.jpg\"><img decoding=\"async\" class=\"alignnone size-medium wp-image-381\" title=\"lecker\" src=\"https:\/\/blog.ruehlemanns.de\/wp-content\/uploads\/2009\/09\/PIC_2699-Anja-450.jpg\" alt=\"\" width=\"450\" height=\"338\" \/><\/a><\/p>\n<p>Zum Gl\u00fcck f\u00fcr alle, auch f\u00fcr die, die diesmal nicht dabei sein konnten, hat Tobias zugesagt auch n\u00e4chstes Jahr wieder mindestens ein Seminar dieser Art anzubieten.<\/p>\n<p>Ihre Anja Bodmann und Patricia R\u00fchlemann<\/p><\/p>\n","protected":false},"excerpt":{"rendered":"<p>Am 30.08.09 war es wieder einmal soweit. Kr\u00e4uterinteressierte Seminar-Teilnehmer st\u00fcrmten unsere G\u00e4rtnerei. Schnell hatte jeder einen Korb geschnappt und die Sammlerei ging los. Das Seminar war gut besucht. Es gab wieder vieles zu h\u00f6ren, zu sehen und zu erfahren. Tobias erz\u00e4hlte allen Anwesenden viel Spannendes und Informatives \u00fcber die Formen und Farben, die D\u00fcfte und [&hellip;]<\/p>\n","protected":false},"author":605,"featured_media":0,"comment_status":"open","ping_status":"open","sticky":false,"template":"","format":"standard","meta":{"site-sidebar-layout":"default","site-content-layout":"","ast-site-content-layout":"default","site-content-style":"default","site-sidebar-style":"default","ast-global-header-display":"","ast-banner-title-visibility":"","ast-main-header-display":"","ast-hfb-above-header-display":"","ast-hfb-below-header-display":"","ast-hfb-mobile-header-display":"","site-post-title":"","ast-breadcrumbs-content":"","ast-featured-img":"","footer-sml-layout":"","ast-disable-related-posts":"","theme-transparent-header-meta":"","adv-header-id-meta":"","stick-header-meta":"","header-above-stick-meta":"","header-main-stick-meta":"","header-below-stick-meta":"","astra-migrate-meta-layouts":"default","ast-page-background-enabled":"default","ast-page-background-meta":{"desktop":{"background-color":"var(--ast-global-color-4)","background-image":"","background-repeat":"repeat","background-position":"center center","background-size":"auto","background-attachment":"scroll","background-type":"","background-media":"","overlay-type":"","overlay-color":"","overlay-opacity":"","overlay-gradient":""},"tablet":{"background-color":"","background-image":"","background-repeat":"repeat","background-position":"center center","background-size":"auto","background-attachment":"scroll","background-type":"","background-media":"","overlay-type":"","overlay-color":"","overlay-opacity":"","overlay-gradient":""},"mobile":{"background-color":"","background-image":"","background-repeat":"repeat","background-position":"center center","background-size":"auto","background-attachment":"scroll","background-type":"","background-media":"","overlay-type":"","overlay-color":"","overlay-opacity":"","overlay-gradient":""}},"ast-content-background-meta":{"desktop":{"background-color":"var(--ast-global-color-5)","background-image":"","background-repeat":"repeat","background-position":"center center","background-size":"auto","background-attachment":"scroll","background-type":"","background-media":"","overlay-type":"","overlay-color":"","overlay-opacity":"","overlay-gradient":""},"tablet":{"background-color":"var(--ast-global-color-5)","background-image":"","background-repeat":"repeat","background-position":"center center","background-size":"auto","background-attachment":"scroll","background-type":"","background-media":"","overlay-type":"","overlay-color":"","overlay-opacity":"","overlay-gradient":""},"mobile":{"background-color":"var(--ast-global-color-5)","background-image":"","background-repeat":"repeat","background-position":"center center","background-size":"auto","background-attachment":"scroll","background-type":"","background-media":"","overlay-type":"","overlay-color":"","overlay-opacity":"","overlay-gradient":""}},"footnotes":""},"categories":[3,9],"tags":[110],"class_list":["post-421","post","type-post","status-publish","format-standard","hentry","category-duftpflanzen","category-allgemeines","tag-seminare"],"_links":{"self":[{"href":"https:\/\/blog.ruehlemanns.de\/index.php?rest_route=\/wp\/v2\/posts\/421","targetHints":{"allow":["GET"]}}],"collection":[{"href":"https:\/\/blog.ruehlemanns.de\/index.php?rest_route=\/wp\/v2\/posts"}],"about":[{"href":"https:\/\/blog.ruehlemanns.de\/index.php?rest_route=\/wp\/v2\/types\/post"}],"author":[{"embeddable":true,"href":"https:\/\/blog.ruehlemanns.de\/index.php?rest_route=\/wp\/v2\/users\/605"}],"replies":[{"embeddable":true,"href":"https:\/\/blog.ruehlemanns.de\/index.php?rest_route=%2Fwp%2Fv2%2Fcomments&post=421"}],"version-history":[{"count":0,"href":"https:\/\/blog.ruehlemanns.de\/index.php?rest_route=\/wp\/v2\/posts\/421\/revisions"}],"wp:attachment":[{"href":"https:\/\/blog.ruehlemanns.de\/index.php?rest_route=%2Fwp%2Fv2%2Fmedia&parent=421"}],"wp:term":[{"taxonomy":"category","embeddable":true,"href":"https:\/\/blog.ruehlemanns.de\/index.php?rest_route=%2Fwp%2Fv2%2Fcategories&post=421"},{"taxonomy":"post_tag","embeddable":true,"href":"https:\/\/blog.ruehlemanns.de\/index.php?rest_route=%2Fwp%2Fv2%2Ftags&post=421"}],"curies":[{"name":"wp","href":"https:\/\/api.w.org\/{rel}","templated":true}]}}