{"id":4168,"date":"2015-10-30T12:01:45","date_gmt":"2015-10-30T11:01:45","guid":{"rendered":"http:\/\/blog.ruehlemanns.de\/?p=4168"},"modified":"2015-10-30T12:01:45","modified_gmt":"2015-10-30T11:01:45","slug":"herbstfarben","status":"publish","type":"post","link":"https:\/\/blog.ruehlemanns.de\/?p=4168","title":{"rendered":"Herbstfarben"},"content":{"rendered":"<p>In den letzten sonnigen Oktobertagen sieht man sie \u00fcberall: Stauden, Str\u00e4ucher, Kr\u00e4uter, B\u00e4ume, die auf ihrem R\u00fcckzug in die Winterstarre farblich noch einmal alles geben \u2013 jetzt, im Herbst, haben die Bl\u00e4tter vieler Pflanzen ihren gro\u00dfen leuchtenden Auftritt im Garten.<\/p>\n<p><a href=\"https:\/\/blog.ruehlemanns.de\/wp-content\/uploads\/2015\/10\/herbstfaerbung_collage.jpg\"><img fetchpriority=\"high\" decoding=\"async\" class=\"alignnone size-full wp-image-4169\" src=\"https:\/\/blog.ruehlemanns.de\/wp-content\/uploads\/2015\/10\/herbstfaerbung_collage.jpg\" alt=\"herbstfaerbung_collage\" width=\"880\" height=\"600\" srcset=\"https:\/\/blog.ruehlemanns.de\/wp-content\/uploads\/2015\/10\/herbstfaerbung_collage.jpg 880w, https:\/\/blog.ruehlemanns.de\/wp-content\/uploads\/2015\/10\/herbstfaerbung_collage-300x205.jpg 300w, https:\/\/blog.ruehlemanns.de\/wp-content\/uploads\/2015\/10\/herbstfaerbung_collage-440x300.jpg 440w\" sizes=\"(max-width: 880px) 100vw, 880px\" \/><\/a><\/p>\n<p>Diese Sch\u00f6nheit hat ihren ganz eigenen Ursprung: N\u00e4hrstoffe werden f\u00fcr das n\u00e4chste Jahr eingelagert, wodurch die verschiedenen Farbt\u00f6ne zum Vorschein kommen.<\/p>\n<p>Ein Grund mehr, die verwelkenden Pflanzen in unseren G\u00e4rten nicht zu fr\u00fch abzuschneiden &#8211; die faulen G\u00e4rtner wird es freuen! Wer&#8217;s im Herbst noch gem\u00fctlicher liebt, der \u00fcberl\u00e4sst einfach alles bis zum n\u00e4chsten Fr\u00fchjahr der Natur. Der Frost schenkt uns dann sp\u00e4ter noch einmal ganz andere, bizarre Bilder. Auch viele Insekten finden so den n\u00f6tigen \u00dcberwinterungsplatz.<\/p>\n<p>Unsere bl\u00e4ttrigen Fotomodelle waren diesmal:<a href=\"https:\/\/blog.ruehlemanns.de\/wp-content\/uploads\/2015\/10\/vib08.jpg\"><br \/>\n<img decoding=\"async\" class=\"alignnone size-full wp-image-4171\" src=\"https:\/\/blog.ruehlemanns.de\/wp-content\/uploads\/2015\/10\/vib08.jpg\" alt=\"vib08\" width=\"880\" height=\"600\" srcset=\"https:\/\/blog.ruehlemanns.de\/wp-content\/uploads\/2015\/10\/vib08.jpg 880w, https:\/\/blog.ruehlemanns.de\/wp-content\/uploads\/2015\/10\/vib08-300x205.jpg 300w, https:\/\/blog.ruehlemanns.de\/wp-content\/uploads\/2015\/10\/vib08-440x300.jpg 440w\" sizes=\"(max-width: 880px) 100vw, 880px\" \/><br \/>\n<\/a><strong><a href=\"https:\/\/www.kraeuter-und-duftpflanzen.de\/search?sSearch=vib08\" target=\"_blank\">Wintergr\u00fcner Schneeball<\/a><\/strong><\/p>\n<p><a href=\"https:\/\/blog.ruehlemanns.de\/wp-content\/uploads\/2015\/10\/aro01.jpg\"><img decoding=\"async\" class=\"alignnone size-full wp-image-4172\" src=\"https:\/\/blog.ruehlemanns.de\/wp-content\/uploads\/2015\/10\/aro01.jpg\" alt=\"aro01\" width=\"880\" height=\"600\" srcset=\"https:\/\/blog.ruehlemanns.de\/wp-content\/uploads\/2015\/10\/aro01.jpg 880w, https:\/\/blog.ruehlemanns.de\/wp-content\/uploads\/2015\/10\/aro01-300x205.jpg 300w, https:\/\/blog.ruehlemanns.de\/wp-content\/uploads\/2015\/10\/aro01-440x300.jpg 440w\" sizes=\"(max-width: 880px) 100vw, 880px\" \/><\/a><br \/>\n<strong><a href=\"https:\/\/www.kraeuter-und-duftpflanzen.de\/search?sSearch=aro01\" target=\"_blank\">Aroniabeere<\/a><\/strong><\/p>\n<p><a href=\"https:\/\/blog.ruehlemanns.de\/wp-content\/uploads\/2015\/10\/per30.jpg\"><img loading=\"lazy\" decoding=\"async\" class=\"alignnone size-full wp-image-4173\" src=\"https:\/\/blog.ruehlemanns.de\/wp-content\/uploads\/2015\/10\/per30.jpg\" alt=\"per30\" width=\"880\" height=\"600\" srcset=\"https:\/\/blog.ruehlemanns.de\/wp-content\/uploads\/2015\/10\/per30.jpg 880w, https:\/\/blog.ruehlemanns.de\/wp-content\/uploads\/2015\/10\/per30-300x205.jpg 300w, https:\/\/blog.ruehlemanns.de\/wp-content\/uploads\/2015\/10\/per30-440x300.jpg 440w\" sizes=\"(max-width: 880px) 100vw, 880px\" \/><\/a><br \/>\n<strong><a href=\"https:\/\/www.kraeuter-und-duftpflanzen.de\/search?sSearch=per30\" target=\"_blank\">Duftkn\u00f6terich<\/a><\/strong><\/p>\n<p><a href=\"https:\/\/blog.ruehlemanns.de\/wp-content\/uploads\/2015\/10\/eup03.jpg\"><img loading=\"lazy\" decoding=\"async\" class=\"alignnone size-full wp-image-4174\" src=\"https:\/\/blog.ruehlemanns.de\/wp-content\/uploads\/2015\/10\/eup03.jpg\" alt=\"eup03\" width=\"880\" height=\"600\" srcset=\"https:\/\/blog.ruehlemanns.de\/wp-content\/uploads\/2015\/10\/eup03.jpg 880w, https:\/\/blog.ruehlemanns.de\/wp-content\/uploads\/2015\/10\/eup03-300x205.jpg 300w, https:\/\/blog.ruehlemanns.de\/wp-content\/uploads\/2015\/10\/eup03-440x300.jpg 440w\" sizes=\"(max-width: 880px) 100vw, 880px\" \/><\/a><br \/>\n<strong><a href=\"https:\/\/www.kraeuter-und-duftpflanzen.de\/search?sSearch=eup03\" target=\"_blank\">Purpur-Wasserdost<\/a><\/strong><\/p>\n<p><a href=\"https:\/\/blog.ruehlemanns.de\/wp-content\/uploads\/2015\/10\/sas01.jpg\"><img loading=\"lazy\" decoding=\"async\" class=\"alignnone size-full wp-image-4175\" src=\"https:\/\/blog.ruehlemanns.de\/wp-content\/uploads\/2015\/10\/sas01.jpg\" alt=\"sas01\" width=\"880\" height=\"600\" srcset=\"https:\/\/blog.ruehlemanns.de\/wp-content\/uploads\/2015\/10\/sas01.jpg 880w, https:\/\/blog.ruehlemanns.de\/wp-content\/uploads\/2015\/10\/sas01-300x205.jpg 300w, https:\/\/blog.ruehlemanns.de\/wp-content\/uploads\/2015\/10\/sas01-440x300.jpg 440w\" sizes=\"(max-width: 880px) 100vw, 880px\" \/><\/a><br \/>\n<strong><a href=\"https:\/\/www.kraeuter-und-duftpflanzen.de\/search?sSearch=sas01\" target=\"_blank\">Sassafras<\/a><\/strong><\/p>\n<p><a href=\"https:\/\/blog.ruehlemanns.de\/wp-content\/uploads\/2015\/10\/ror01.jpg\"><img loading=\"lazy\" decoding=\"async\" class=\"alignnone size-full wp-image-4176\" src=\"https:\/\/blog.ruehlemanns.de\/wp-content\/uploads\/2015\/10\/ror01.jpg\" alt=\"ror01\" width=\"880\" height=\"600\" srcset=\"https:\/\/blog.ruehlemanns.de\/wp-content\/uploads\/2015\/10\/ror01.jpg 880w, https:\/\/blog.ruehlemanns.de\/wp-content\/uploads\/2015\/10\/ror01-300x205.jpg 300w, https:\/\/blog.ruehlemanns.de\/wp-content\/uploads\/2015\/10\/ror01-440x300.jpg 440w\" sizes=\"(max-width: 880px) 100vw, 880px\" \/><\/a><br \/>\n<strong><a href=\"https:\/\/www.kraeuter-und-duftpflanzen.de\/search?sSearch=ror01\" target=\"_blank\">Teichkresse<\/a><\/strong><\/p>\n<p><a href=\"https:\/\/blog.ruehlemanns.de\/wp-content\/uploads\/2015\/10\/ber22.jpg\"><img loading=\"lazy\" decoding=\"async\" class=\"alignnone size-full wp-image-4177\" src=\"https:\/\/blog.ruehlemanns.de\/wp-content\/uploads\/2015\/10\/ber22.jpg\" alt=\"ber22\" width=\"880\" height=\"600\" srcset=\"https:\/\/blog.ruehlemanns.de\/wp-content\/uploads\/2015\/10\/ber22.jpg 880w, https:\/\/blog.ruehlemanns.de\/wp-content\/uploads\/2015\/10\/ber22-300x205.jpg 300w, https:\/\/blog.ruehlemanns.de\/wp-content\/uploads\/2015\/10\/ber22-440x300.jpg 440w\" sizes=\"(max-width: 880px) 100vw, 880px\" \/><br \/>\n<\/a><strong><a href=\"https:\/\/www.kraeuter-und-duftpflanzen.de\/search?sSearch=ber22\" target=\"_blank\">Sibirischer Tee<\/a><\/strong><\/p>\n<p><a href=\"https:\/\/blog.ruehlemanns.de\/wp-content\/uploads\/2015\/10\/cra23.jpg\"><img loading=\"lazy\" decoding=\"async\" class=\"alignnone size-full wp-image-4178\" src=\"https:\/\/blog.ruehlemanns.de\/wp-content\/uploads\/2015\/10\/cra23.jpg\" alt=\"cra23\" width=\"880\" height=\"600\" srcset=\"https:\/\/blog.ruehlemanns.de\/wp-content\/uploads\/2015\/10\/cra23.jpg 880w, https:\/\/blog.ruehlemanns.de\/wp-content\/uploads\/2015\/10\/cra23-300x205.jpg 300w, https:\/\/blog.ruehlemanns.de\/wp-content\/uploads\/2015\/10\/cra23-440x300.jpg 440w\" sizes=\"(max-width: 880px) 100vw, 880px\" \/><\/a><br \/>\n<strong><a href=\"https:\/\/www.kraeuter-und-duftpflanzen.de\/search?sSearch=cra23\" target=\"_blank\">Wei\u00dfdorn<\/a><\/strong><\/p>\n<p><a href=\"https:\/\/blog.ruehlemanns.de\/wp-content\/uploads\/2015\/10\/lep01.jpg\"><img loading=\"lazy\" decoding=\"async\" class=\"alignnone size-full wp-image-4179\" src=\"https:\/\/blog.ruehlemanns.de\/wp-content\/uploads\/2015\/10\/lep01.jpg\" alt=\"lep01\" width=\"880\" height=\"600\" srcset=\"https:\/\/blog.ruehlemanns.de\/wp-content\/uploads\/2015\/10\/lep01.jpg 880w, https:\/\/blog.ruehlemanns.de\/wp-content\/uploads\/2015\/10\/lep01-300x205.jpg 300w, https:\/\/blog.ruehlemanns.de\/wp-content\/uploads\/2015\/10\/lep01-440x300.jpg 440w\" sizes=\"(max-width: 880px) 100vw, 880px\" \/><\/a><br \/>\n<strong><a href=\"https:\/\/www.kraeuter-und-duftpflanzen.de\/search?sSearch=lep01\" target=\"_blank\">Gartenkresse, ausdauernd<\/a><\/strong><\/p>\n<p><a href=\"https:\/\/www.kraeuter-und-duftpflanzen.de\/search?sSearch=cot01\" target=\"_blank\"><img loading=\"lazy\" decoding=\"async\" class=\"alignnone size-full wp-image-4180\" src=\"https:\/\/blog.ruehlemanns.de\/wp-content\/uploads\/2015\/10\/col01.jpg\" alt=\"col01\" width=\"880\" height=\"600\" srcset=\"https:\/\/blog.ruehlemanns.de\/wp-content\/uploads\/2015\/10\/col01.jpg 880w, https:\/\/blog.ruehlemanns.de\/wp-content\/uploads\/2015\/10\/col01-300x205.jpg 300w, https:\/\/blog.ruehlemanns.de\/wp-content\/uploads\/2015\/10\/col01-440x300.jpg 440w\" sizes=\"(max-width: 880px) 100vw, 880px\" \/><strong>Baummispel<\/strong><\/a><\/p>\n<p><a href=\"https:\/\/blog.ruehlemanns.de\/wp-content\/uploads\/2015\/10\/hem03.jpg\"><img loading=\"lazy\" decoding=\"async\" class=\"alignnone size-full wp-image-4182\" src=\"https:\/\/blog.ruehlemanns.de\/wp-content\/uploads\/2015\/10\/hem03.jpg\" alt=\"hem03\" width=\"880\" height=\"600\" srcset=\"https:\/\/blog.ruehlemanns.de\/wp-content\/uploads\/2015\/10\/hem03.jpg 880w, https:\/\/blog.ruehlemanns.de\/wp-content\/uploads\/2015\/10\/hem03-300x205.jpg 300w, https:\/\/blog.ruehlemanns.de\/wp-content\/uploads\/2015\/10\/hem03-440x300.jpg 440w\" sizes=\"(max-width: 880px) 100vw, 880px\" \/><\/a><br \/>\n<strong><a href=\"https:\/\/www.kraeuter-und-duftpflanzen.de\/search?sSearch=hem03\" target=\"_blank\">Gelbe Taglilie<\/a><\/strong><\/p>\n<p><a href=\"https:\/\/blog.ruehlemanns.de\/wp-content\/uploads\/2015\/10\/ane50.jpg\"><img loading=\"lazy\" decoding=\"async\" class=\"alignnone size-full wp-image-4183\" src=\"https:\/\/blog.ruehlemanns.de\/wp-content\/uploads\/2015\/10\/ane50.jpg\" alt=\"ane50\" width=\"880\" height=\"600\" srcset=\"https:\/\/blog.ruehlemanns.de\/wp-content\/uploads\/2015\/10\/ane50.jpg 880w, https:\/\/blog.ruehlemanns.de\/wp-content\/uploads\/2015\/10\/ane50-300x205.jpg 300w, https:\/\/blog.ruehlemanns.de\/wp-content\/uploads\/2015\/10\/ane50-440x300.jpg 440w\" sizes=\"(max-width: 880px) 100vw, 880px\" \/><\/a><br \/>\n<strong><a href=\"https:\/\/www.kraeuter-und-duftpflanzen.de\/search?sSearch=ane50\" target=\"_blank\">Yerba Mansa<\/a><\/strong><\/p>\n<p><strong>Wir w\u00fcnschen farbenfrohe Herbsttage!<\/strong><\/p>\n","protected":false},"excerpt":{"rendered":"<p>In den letzten sonnigen Oktobertagen sieht man sie \u00fcberall: Stauden, Str\u00e4ucher, Kr\u00e4uter, B\u00e4ume, die auf ihrem R\u00fcckzug in die Winterstarre farblich noch einmal alles geben \u2013 jetzt, im Herbst, haben die Bl\u00e4tter vieler Pflanzen ihren gro\u00dfen leuchtenden Auftritt im Garten. Diese Sch\u00f6nheit hat ihren ganz eigenen Ursprung: N\u00e4hrstoffe werden f\u00fcr das n\u00e4chste Jahr eingelagert, wodurch [&hellip;]<\/p>\n","protected":false},"author":5393,"featured_media":0,"comment_status":"open","ping_status":"open","sticky":false,"template":"","format":"standard","meta":{"site-sidebar-layout":"default","site-content-layout":"","ast-site-content-layout":"default","site-content-style":"default","site-sidebar-style":"default","ast-global-header-display":"","ast-banner-title-visibility":"","ast-main-header-display":"","ast-hfb-above-header-display":"","ast-hfb-below-header-display":"","ast-hfb-mobile-header-display":"","site-post-title":"","ast-breadcrumbs-content":"","ast-featured-img":"","footer-sml-layout":"","ast-disable-related-posts":"","theme-transparent-header-meta":"","adv-header-id-meta":"","stick-header-meta":"","header-above-stick-meta":"","header-main-stick-meta":"","header-below-stick-meta":"","astra-migrate-meta-layouts":"default","ast-page-background-enabled":"default","ast-page-background-meta":{"desktop":{"background-color":"var(--ast-global-color-4)","background-image":"","background-repeat":"repeat","background-position":"center center","background-size":"auto","background-attachment":"scroll","background-type":"","background-media":"","overlay-type":"","overlay-color":"","overlay-opacity":"","overlay-gradient":""},"tablet":{"background-color":"","background-image":"","background-repeat":"repeat","background-position":"center center","background-size":"auto","background-attachment":"scroll","background-type":"","background-media":"","overlay-type":"","overlay-color":"","overlay-opacity":"","overlay-gradient":""},"mobile":{"background-color":"","background-image":"","background-repeat":"repeat","background-position":"center center","background-size":"auto","background-attachment":"scroll","background-type":"","background-media":"","overlay-type":"","overlay-color":"","overlay-opacity":"","overlay-gradient":""}},"ast-content-background-meta":{"desktop":{"background-color":"var(--ast-global-color-5)","background-image":"","background-repeat":"repeat","background-position":"center center","background-size":"auto","background-attachment":"scroll","background-type":"","background-media":"","overlay-type":"","overlay-color":"","overlay-opacity":"","overlay-gradient":""},"tablet":{"background-color":"var(--ast-global-color-5)","background-image":"","background-repeat":"repeat","background-position":"center center","background-size":"auto","background-attachment":"scroll","background-type":"","background-media":"","overlay-type":"","overlay-color":"","overlay-opacity":"","overlay-gradient":""},"mobile":{"background-color":"var(--ast-global-color-5)","background-image":"","background-repeat":"repeat","background-position":"center center","background-size":"auto","background-attachment":"scroll","background-type":"","background-media":"","overlay-type":"","overlay-color":"","overlay-opacity":"","overlay-gradient":""}},"footnotes":""},"categories":[3,9],"tags":[],"class_list":["post-4168","post","type-post","status-publish","format-standard","hentry","category-duftpflanzen","category-allgemeines"],"_links":{"self":[{"href":"https:\/\/blog.ruehlemanns.de\/index.php?rest_route=\/wp\/v2\/posts\/4168","targetHints":{"allow":["GET"]}}],"collection":[{"href":"https:\/\/blog.ruehlemanns.de\/index.php?rest_route=\/wp\/v2\/posts"}],"about":[{"href":"https:\/\/blog.ruehlemanns.de\/index.php?rest_route=\/wp\/v2\/types\/post"}],"author":[{"embeddable":true,"href":"https:\/\/blog.ruehlemanns.de\/index.php?rest_route=\/wp\/v2\/users\/5393"}],"replies":[{"embeddable":true,"href":"https:\/\/blog.ruehlemanns.de\/index.php?rest_route=%2Fwp%2Fv2%2Fcomments&post=4168"}],"version-history":[{"count":0,"href":"https:\/\/blog.ruehlemanns.de\/index.php?rest_route=\/wp\/v2\/posts\/4168\/revisions"}],"wp:attachment":[{"href":"https:\/\/blog.ruehlemanns.de\/index.php?rest_route=%2Fwp%2Fv2%2Fmedia&parent=4168"}],"wp:term":[{"taxonomy":"category","embeddable":true,"href":"https:\/\/blog.ruehlemanns.de\/index.php?rest_route=%2Fwp%2Fv2%2Fcategories&post=4168"},{"taxonomy":"post_tag","embeddable":true,"href":"https:\/\/blog.ruehlemanns.de\/index.php?rest_route=%2Fwp%2Fv2%2Ftags&post=4168"}],"curies":[{"name":"wp","href":"https:\/\/api.w.org\/{rel}","templated":true}]}}