{"id":3924,"date":"2015-06-24T10:52:32","date_gmt":"2015-06-24T09:52:32","guid":{"rendered":"http:\/\/blog.ruehlemanns.de\/?p=3924"},"modified":"2016-12-20T11:41:53","modified_gmt":"2016-12-20T10:41:53","slug":"kraeuter-duft-und-viel-genuss","status":"publish","type":"post","link":"https:\/\/blog.ruehlemanns.de\/?p=3924","title":{"rendered":"Kr\u00e4uter, Duft und viel Genuss!"},"content":{"rendered":"<p>Kr\u00e4utertag 2015 &#8211; ein sch\u00f6ner Tag! Trotz gro\u00dfem Andrang herrschte auf dem gesamten Markt eine entspannte, friedliche und freundliche Atmosph\u00e4re. Viel Lob gab es f\u00fcr die gute Organisation und die gelungene Mischung von Augenschmaus und Gaumenfreude.<\/p>\n<p>Auch in unserer G\u00e4rtnerei war viel los. Hier einige Eindr\u00fccke des Tages in Wort &amp; Bild:<a href=\"https:\/\/blog.ruehlemanns.de\/wp-content\/uploads\/2015\/06\/kraeutertag_2015_a.jpg\"><img fetchpriority=\"high\" decoding=\"async\" class=\"alignnone size-full wp-image-3925\" src=\"https:\/\/blog.ruehlemanns.de\/wp-content\/uploads\/2015\/06\/kraeutertag_2015_a.jpg\" alt=\"kraeutertag_2015_a\" width=\"880\" height=\"600\" srcset=\"https:\/\/blog.ruehlemanns.de\/wp-content\/uploads\/2015\/06\/kraeutertag_2015_a.jpg 880w, https:\/\/blog.ruehlemanns.de\/wp-content\/uploads\/2015\/06\/kraeutertag_2015_a-300x205.jpg 300w, https:\/\/blog.ruehlemanns.de\/wp-content\/uploads\/2015\/06\/kraeutertag_2015_a-440x300.jpg 440w\" sizes=\"(max-width: 880px) 100vw, 880px\" \/><\/a><br \/>\n<em>Daniel \u00f6ffnet die T\u00fcr f\u00fcr die ersten G\u00e4ste<\/em><a href=\"https:\/\/blog.ruehlemanns.de\/wp-content\/uploads\/2015\/06\/kraeutertag_2015_l.jpg\"><img decoding=\"async\" class=\"alignnone size-full wp-image-3926\" src=\"https:\/\/blog.ruehlemanns.de\/wp-content\/uploads\/2015\/06\/kraeutertag_2015_l.jpg\" alt=\"kraeutertag_2015_l\" width=\"880\" height=\"600\" srcset=\"https:\/\/blog.ruehlemanns.de\/wp-content\/uploads\/2015\/06\/kraeutertag_2015_l.jpg 880w, https:\/\/blog.ruehlemanns.de\/wp-content\/uploads\/2015\/06\/kraeutertag_2015_l-300x205.jpg 300w, https:\/\/blog.ruehlemanns.de\/wp-content\/uploads\/2015\/06\/kraeutertag_2015_l-440x300.jpg 440w\" sizes=\"(max-width: 880px) 100vw, 880px\" \/><\/a><br \/>\n<em>Patricia versorgt sie mit <a href=\"https:\/\/www.kraeuter-und-duftpflanzen.de\/search?sSearch=gyn01\" target=\"_blank\"><span style=\"text-decoration: underline\"><strong>Jiaogulan<\/strong><\/span><\/a>-Sekt und Kr\u00e4uter-Smoothies<\/em><br \/>\n<a href=\"https:\/\/blog.ruehlemanns.de\/wp-content\/uploads\/2015\/06\/kraeutertag_2015_m.jpg\"><img decoding=\"async\" class=\"alignnone size-full wp-image-3927\" src=\"https:\/\/blog.ruehlemanns.de\/wp-content\/uploads\/2015\/06\/kraeutertag_2015_m.jpg\" alt=\"kraeutertag_2015_m\" width=\"880\" height=\"600\" srcset=\"https:\/\/blog.ruehlemanns.de\/wp-content\/uploads\/2015\/06\/kraeutertag_2015_m.jpg 880w, https:\/\/blog.ruehlemanns.de\/wp-content\/uploads\/2015\/06\/kraeutertag_2015_m-300x205.jpg 300w, https:\/\/blog.ruehlemanns.de\/wp-content\/uploads\/2015\/06\/kraeutertag_2015_m-440x300.jpg 440w\" sizes=\"(max-width: 880px) 100vw, 880px\" \/><\/a><br \/>\n<a href=\"https:\/\/blog.ruehlemanns.de\/wp-content\/uploads\/2015\/06\/kraeutertag_2015_t.jpg\"><img loading=\"lazy\" decoding=\"async\" class=\"alignnone size-full wp-image-3928\" src=\"https:\/\/blog.ruehlemanns.de\/wp-content\/uploads\/2015\/06\/kraeutertag_2015_t.jpg\" alt=\"kraeutertag_2015_t\" width=\"880\" height=\"600\" srcset=\"https:\/\/blog.ruehlemanns.de\/wp-content\/uploads\/2015\/06\/kraeutertag_2015_t.jpg 880w, https:\/\/blog.ruehlemanns.de\/wp-content\/uploads\/2015\/06\/kraeutertag_2015_t-300x205.jpg 300w, https:\/\/blog.ruehlemanns.de\/wp-content\/uploads\/2015\/06\/kraeutertag_2015_t-440x300.jpg 440w\" sizes=\"(max-width: 880px) 100vw, 880px\" \/><\/a><\/p>\n<p><span style=\"font-family: Arial,sans-serif\">Martina: &#8222;Flirren und Sirren und freudige Aufregung lagen in der Luft. Die Kunden warteten geduldig trotz zeitweise l\u00e4ngerer Schlangen an den Kassen. Zum Ende gab es sogar Zeit f\u00fcr viele Fachgespr\u00e4che.&#8220;<\/span><\/p>\n<p><a href=\"https:\/\/blog.ruehlemanns.de\/wp-content\/uploads\/2015\/06\/kraeutertag_2015_b.jpg\"><img loading=\"lazy\" decoding=\"async\" class=\"alignnone size-full wp-image-3929\" src=\"https:\/\/blog.ruehlemanns.de\/wp-content\/uploads\/2015\/06\/kraeutertag_2015_b.jpg\" alt=\"kraeutertag_2015_b\" width=\"880\" height=\"600\" srcset=\"https:\/\/blog.ruehlemanns.de\/wp-content\/uploads\/2015\/06\/kraeutertag_2015_b.jpg 880w, https:\/\/blog.ruehlemanns.de\/wp-content\/uploads\/2015\/06\/kraeutertag_2015_b-300x205.jpg 300w, https:\/\/blog.ruehlemanns.de\/wp-content\/uploads\/2015\/06\/kraeutertag_2015_b-440x300.jpg 440w\" sizes=\"(max-width: 880px) 100vw, 880px\" \/><\/a><\/p>\n<p>Bernd: &#8222;Wir sind gut! Es gab viel Anerkennung daf\u00fcr, dass wir bei all dem Stress so ruhig bleiben und wirklich gut organisiert sind.&#8220;<\/p>\n<p><a href=\"https:\/\/blog.ruehlemanns.de\/wp-content\/uploads\/2015\/06\/kraeutertag_2015_d.jpg\"><img loading=\"lazy\" decoding=\"async\" class=\"alignnone size-full wp-image-3930\" src=\"https:\/\/blog.ruehlemanns.de\/wp-content\/uploads\/2015\/06\/kraeutertag_2015_d.jpg\" alt=\"kraeutertag_2015_d\" width=\"880\" height=\"600\" srcset=\"https:\/\/blog.ruehlemanns.de\/wp-content\/uploads\/2015\/06\/kraeutertag_2015_d.jpg 880w, https:\/\/blog.ruehlemanns.de\/wp-content\/uploads\/2015\/06\/kraeutertag_2015_d-300x205.jpg 300w, https:\/\/blog.ruehlemanns.de\/wp-content\/uploads\/2015\/06\/kraeutertag_2015_d-440x300.jpg 440w\" sizes=\"(max-width: 880px) 100vw, 880px\" \/><\/a><br \/>\n<a href=\"https:\/\/blog.ruehlemanns.de\/wp-content\/uploads\/2015\/06\/kraeutertag_2015_c.jpg\"><img loading=\"lazy\" decoding=\"async\" class=\"alignnone size-full wp-image-3931\" src=\"https:\/\/blog.ruehlemanns.de\/wp-content\/uploads\/2015\/06\/kraeutertag_2015_c.jpg\" alt=\"kraeutertag_2015_c\" width=\"880\" height=\"600\" srcset=\"https:\/\/blog.ruehlemanns.de\/wp-content\/uploads\/2015\/06\/kraeutertag_2015_c.jpg 880w, https:\/\/blog.ruehlemanns.de\/wp-content\/uploads\/2015\/06\/kraeutertag_2015_c-300x205.jpg 300w, https:\/\/blog.ruehlemanns.de\/wp-content\/uploads\/2015\/06\/kraeutertag_2015_c-440x300.jpg 440w\" sizes=\"(max-width: 880px) 100vw, 880px\" \/><\/a><\/p>\n<p><span style=\"font-family: Arial,sans-serif\">Anja: &#8222;Die Kunden waren gut drauf \u2013 wir waren gut drauf! Ein Kind hat sehr darauf aufgepasst, dass der K\u00e4fer, der auf der Pflanze sa\u00df, auch auf jeden Fall mitbezahlt wird \u2013 niedlich!&#8220;<\/span><\/p>\n<p><a href=\"https:\/\/blog.ruehlemanns.de\/wp-content\/uploads\/2015\/06\/kraeutertag_2015_e.jpg\"><img loading=\"lazy\" decoding=\"async\" class=\"alignnone size-full wp-image-3932\" src=\"https:\/\/blog.ruehlemanns.de\/wp-content\/uploads\/2015\/06\/kraeutertag_2015_e.jpg\" alt=\"kraeutertag_2015_e\" width=\"880\" height=\"600\" srcset=\"https:\/\/blog.ruehlemanns.de\/wp-content\/uploads\/2015\/06\/kraeutertag_2015_e.jpg 880w, https:\/\/blog.ruehlemanns.de\/wp-content\/uploads\/2015\/06\/kraeutertag_2015_e-300x205.jpg 300w, https:\/\/blog.ruehlemanns.de\/wp-content\/uploads\/2015\/06\/kraeutertag_2015_e-440x300.jpg 440w\" sizes=\"(max-width: 880px) 100vw, 880px\" \/><\/a><br \/>\n<a href=\"https:\/\/blog.ruehlemanns.de\/wp-content\/uploads\/2015\/06\/kraeutertag_2015_f.jpg\"><img loading=\"lazy\" decoding=\"async\" class=\"alignnone size-full wp-image-3933\" src=\"https:\/\/blog.ruehlemanns.de\/wp-content\/uploads\/2015\/06\/kraeutertag_2015_f.jpg\" alt=\"kraeutertag_2015_f\" width=\"880\" height=\"600\" srcset=\"https:\/\/blog.ruehlemanns.de\/wp-content\/uploads\/2015\/06\/kraeutertag_2015_f.jpg 880w, https:\/\/blog.ruehlemanns.de\/wp-content\/uploads\/2015\/06\/kraeutertag_2015_f-300x205.jpg 300w, https:\/\/blog.ruehlemanns.de\/wp-content\/uploads\/2015\/06\/kraeutertag_2015_f-440x300.jpg 440w\" sizes=\"(max-width: 880px) 100vw, 880px\" \/><\/a><\/p>\n<p><span style=\"font-family: Arial,sans-serif\"><span style=\"font-family: Arial,sans-serif\">Hilke: &#8222;Rilana, Elli, Angelika und ich haben am Vortag den Kr\u00e4uterquark und den Linsenaufstrich vorbereitet. Das war spannend, denn pl\u00f6tzlich arbeitet man mal mit Kollegen zusammen, die man sonst nur vom Sehen kennt. Wir haben in den 4 Stunden viele, viele Teel\u00f6ffel gebraucht, weil wir so oft probieren mussten \u2026&#8220;<br \/>\n<\/span><\/span><\/p>\n<p>Hier die Rezepte:<br \/>\n<strong>Brotaufstrich mit roten Linsen<\/strong><br \/>\nGrundrezept: Rote Linsen mit knapp der 1 1\/2 fachen Menge Wasser garen. Salzen. Frische, fein gehackte Kr\u00e4uter unterr\u00fchren. Oliven\u00f6l bis zur gew\u00fcnschten Konsistenz zugeben. Diese Kr\u00e4uter waren enthalten:<br \/>\n&#8222;<strong>Wilder Sommer<\/strong>&#8220;<br \/>\n<a href=\"https:\/\/www.kraeuter-und-duftpflanzen.de\/search?sSearch=oci44\" target=\"_blank\"><span style=\"text-decoration: underline\"><strong>Basilikum &#8222;Wildes Purpur&#8220;<\/strong><\/span><\/a>, <a href=\"https:\/\/www.kraeuter-und-duftpflanzen.de\/search?sSearch=foe09\" target=\"_blank\"><span style=\"text-decoration: underline\"><strong>Sizilianischer Fenchel<\/strong><\/span><\/a>, <a href=\"https:\/\/www.kraeuter-und-duftpflanzen.de\/search?sSearch=ple12\" target=\"_blank\"><span style=\"text-decoration: underline\"><strong>Australisches Zitronenblatt<\/strong><\/span><\/a>, <a href=\"https:\/\/www.kraeuter-und-duftpflanzen.de\/search?sSearch=schnittknoblauch\" target=\"_blank\"><span style=\"text-decoration: underline\"><strong>Schnittknoblauch<\/strong><\/span><\/a><br \/>\n&#8222;<strong>Sommernachtstraum<\/strong>&#8220;<br \/>\n<a href=\"https:\/\/www.kraeuter-und-duftpflanzen.de\/search?sSearch=els01\" target=\"_blank\"><span style=\"text-decoration: underline\"><strong>Vietnamesische Melisse<\/strong><\/span><\/a>, <a href=\"https:\/\/www.kraeuter-und-duftpflanzen.de\/search?sSearch=tul01\" target=\"_blank\"><span style=\"text-decoration: underline\"><strong>Zimmerknoblauch<\/strong><\/span><\/a>, <span style=\"text-decoration: underline\"><strong><a href=\"https:\/\/www.kraeuter-und-duftpflanzen.de\/search?sSearch=men21\" target=\"_blank\">T\u00fcrkische Minze<\/a><\/strong><\/span><\/p>\n<p><strong>Kr\u00e4uterquark &#8222;Sommersonnenwende&#8220;<br \/>\n<\/strong>Zutaten: Quark (40% Fett i. Tr.), Salz, <a href=\"https:\/\/www.kraeuter-und-duftpflanzen.de\/search?sSearch=rum04\" target=\"_blank\"><span style=\"text-decoration: underline\"><strong>Roter Ampfer<\/strong><\/span><\/a>, <a href=\"https:\/\/www.kraeuter-und-duftpflanzen.de\/search?sSearch=tul01\" target=\"_blank\"><span style=\"text-decoration: underline\"><strong>Zimmerknoblauch<\/strong><\/span><\/a>, <a href=\"https:\/\/www.kraeuter-und-duftpflanzen.de\/search?sSearch=art09\" target=\"_blank\"><span style=\"text-decoration: underline\"><strong>Franz\u00f6sischer Estragon<\/strong><\/span><\/a>, <a href=\"https:\/\/www.kraeuter-und-duftpflanzen.de\/search?sSearch=ple12\" target=\"_blank\"><span style=\"text-decoration: underline\"><strong>Australisches Zitronenblatt<\/strong><\/span><\/a>, <span style=\"text-decoration: underline\"><strong><a href=\"https:\/\/www.kraeuter-und-duftpflanzen.de\/search?sSearch=oci44\" target=\"_blank\">Basilikum &#8222;Wildes Purpur&#8220;<\/a><\/strong><\/span><\/p>\n<p><span style=\"font-family: Arial,sans-serif\">Birgit: &#8222;Die Stimmung war insgesamt sehr entspannt. W\u00e4hrend des stundenlangen Schnittchen-Marathons ergaben sich viele nette K\u00fcchengespr\u00e4che. Wir waren so &#8217;ne Mischung aus Catering-Service und Seelsorger der Toiletten-Warteschlange.&#8220;<\/span><\/p>\n<p><a href=\"https:\/\/blog.ruehlemanns.de\/wp-content\/uploads\/2015\/06\/kraeutertag_2015_i.jpg\"><img loading=\"lazy\" decoding=\"async\" class=\"alignnone size-full wp-image-3934\" src=\"https:\/\/blog.ruehlemanns.de\/wp-content\/uploads\/2015\/06\/kraeutertag_2015_i.jpg\" alt=\"kraeutertag_2015_i\" width=\"880\" height=\"600\" srcset=\"https:\/\/blog.ruehlemanns.de\/wp-content\/uploads\/2015\/06\/kraeutertag_2015_i.jpg 880w, https:\/\/blog.ruehlemanns.de\/wp-content\/uploads\/2015\/06\/kraeutertag_2015_i-300x205.jpg 300w, https:\/\/blog.ruehlemanns.de\/wp-content\/uploads\/2015\/06\/kraeutertag_2015_i-440x300.jpg 440w\" sizes=\"(max-width: 880px) 100vw, 880px\" \/><\/a><span style=\"font-family: Arial,sans-serif\"><br \/>\n<a href=\"https:\/\/blog.ruehlemanns.de\/wp-content\/uploads\/2015\/06\/kraeutertag_2015_j.jpg\"><img loading=\"lazy\" decoding=\"async\" class=\"alignnone size-full wp-image-3935\" src=\"https:\/\/blog.ruehlemanns.de\/wp-content\/uploads\/2015\/06\/kraeutertag_2015_j.jpg\" alt=\"kraeutertag_2015_j\" width=\"880\" height=\"600\" srcset=\"https:\/\/blog.ruehlemanns.de\/wp-content\/uploads\/2015\/06\/kraeutertag_2015_j.jpg 880w, https:\/\/blog.ruehlemanns.de\/wp-content\/uploads\/2015\/06\/kraeutertag_2015_j-300x205.jpg 300w, https:\/\/blog.ruehlemanns.de\/wp-content\/uploads\/2015\/06\/kraeutertag_2015_j-440x300.jpg 440w\" sizes=\"(max-width: 880px) 100vw, 880px\" \/><\/a><\/span><\/p>\n<p>Marc:&#8220; Da ich sonst im Versand arbeite, hab ich mich gefreut mit unseren Kunden mal direkt in Kontakt zu kommen, mal zu sehen, wer bei uns einkauft. Meine Finger riechen nach 2 Tagen immer noch nach Zimmerknoblauch \u2013 wenn das f\u00fcr den Rest meines Lebens so bleibt, wei\u00df ich wenigstens woher es kommt &#8230;&#8220;<\/p>\n<p><a href=\"https:\/\/blog.ruehlemanns.de\/wp-content\/uploads\/2015\/06\/kraeutertag_2015_k.jpg\"><img loading=\"lazy\" decoding=\"async\" class=\"alignnone size-full wp-image-3938\" src=\"https:\/\/blog.ruehlemanns.de\/wp-content\/uploads\/2015\/06\/kraeutertag_2015_k.jpg\" alt=\"kraeutertag_2015_k\" width=\"880\" height=\"600\" srcset=\"https:\/\/blog.ruehlemanns.de\/wp-content\/uploads\/2015\/06\/kraeutertag_2015_k.jpg 880w, https:\/\/blog.ruehlemanns.de\/wp-content\/uploads\/2015\/06\/kraeutertag_2015_k-300x205.jpg 300w, https:\/\/blog.ruehlemanns.de\/wp-content\/uploads\/2015\/06\/kraeutertag_2015_k-440x300.jpg 440w\" sizes=\"(max-width: 880px) 100vw, 880px\" \/><\/a><\/p>\n<p><span style=\"font-family: Arial,sans-serif\">Christian: &#8222;Ein Tag mit viel positivem Stress! Die Kunden haben mir wirklich L\u00f6cher in den Bauch gefragt, aber wenn du die Ruhe bewahrst und dir f\u00fcr jeden Zeit nimmst, gibt es ganz viel positives feed-back. N\u00e4chstes Jahr gerne wieder!&#8220;<\/span><\/p>\n<p><a href=\"https:\/\/blog.ruehlemanns.de\/wp-content\/uploads\/2015\/06\/kraeutertag_2015_h.jpg\"><img loading=\"lazy\" decoding=\"async\" class=\"alignnone size-full wp-image-3939\" src=\"https:\/\/blog.ruehlemanns.de\/wp-content\/uploads\/2015\/06\/kraeutertag_2015_h.jpg\" alt=\"kraeutertag_2015_h\" width=\"880\" height=\"600\" srcset=\"https:\/\/blog.ruehlemanns.de\/wp-content\/uploads\/2015\/06\/kraeutertag_2015_h.jpg 880w, https:\/\/blog.ruehlemanns.de\/wp-content\/uploads\/2015\/06\/kraeutertag_2015_h-300x205.jpg 300w, https:\/\/blog.ruehlemanns.de\/wp-content\/uploads\/2015\/06\/kraeutertag_2015_h-440x300.jpg 440w\" sizes=\"(max-width: 880px) 100vw, 880px\" \/><\/a><\/p>\n<p><span style=\"font-family: Arial,sans-serif\">Anke: &#8222;Ein M\u00e4dchen hat sich so gefreut, dass ihre Pflanze vom letzten Jahr so gut gewachsen ist, dass sie dieses Jahr wiedergekommen ist. Die Ausbeute in diesem Jahr: Tomate und Minze!&#8220;<\/span><\/p>\n<p><a href=\"https:\/\/blog.ruehlemanns.de\/wp-content\/uploads\/2015\/06\/kraeutertag_2015_q.jpg\"><img loading=\"lazy\" decoding=\"async\" class=\"alignnone size-full wp-image-3940\" src=\"https:\/\/blog.ruehlemanns.de\/wp-content\/uploads\/2015\/06\/kraeutertag_2015_q.jpg\" alt=\"kraeutertag_2015_q\" width=\"880\" height=\"600\" srcset=\"https:\/\/blog.ruehlemanns.de\/wp-content\/uploads\/2015\/06\/kraeutertag_2015_q.jpg 880w, https:\/\/blog.ruehlemanns.de\/wp-content\/uploads\/2015\/06\/kraeutertag_2015_q-300x205.jpg 300w, https:\/\/blog.ruehlemanns.de\/wp-content\/uploads\/2015\/06\/kraeutertag_2015_q-440x300.jpg 440w\" sizes=\"(max-width: 880px) 100vw, 880px\" \/><\/a><br \/>\n<a href=\"https:\/\/blog.ruehlemanns.de\/wp-content\/uploads\/2015\/06\/kraeutertag_2015_r.jpg\"><img loading=\"lazy\" decoding=\"async\" class=\"alignnone size-full wp-image-3941\" src=\"https:\/\/blog.ruehlemanns.de\/wp-content\/uploads\/2015\/06\/kraeutertag_2015_r.jpg\" alt=\"kraeutertag_2015_r\" width=\"880\" height=\"600\" srcset=\"https:\/\/blog.ruehlemanns.de\/wp-content\/uploads\/2015\/06\/kraeutertag_2015_r.jpg 880w, https:\/\/blog.ruehlemanns.de\/wp-content\/uploads\/2015\/06\/kraeutertag_2015_r-300x205.jpg 300w, https:\/\/blog.ruehlemanns.de\/wp-content\/uploads\/2015\/06\/kraeutertag_2015_r-440x300.jpg 440w\" sizes=\"(max-width: 880px) 100vw, 880px\" \/><\/a><br \/>\n<em>Und w\u00e4hrend die beiden gro\u00dfen Schwestern sich von Natascha und Anke beim Topfen ihrer Pflanzen helfen lie\u00dfen &#8230;<\/em><br \/>\n<a href=\"https:\/\/blog.ruehlemanns.de\/wp-content\/uploads\/2015\/06\/kraeutertag_2015_w.jpg\"><img loading=\"lazy\" decoding=\"async\" class=\"alignnone size-full wp-image-3942\" src=\"https:\/\/blog.ruehlemanns.de\/wp-content\/uploads\/2015\/06\/kraeutertag_2015_w.jpg\" alt=\"kraeutertag_2015_w\" width=\"880\" height=\"600\" srcset=\"https:\/\/blog.ruehlemanns.de\/wp-content\/uploads\/2015\/06\/kraeutertag_2015_w.jpg 880w, https:\/\/blog.ruehlemanns.de\/wp-content\/uploads\/2015\/06\/kraeutertag_2015_w-300x205.jpg 300w, https:\/\/blog.ruehlemanns.de\/wp-content\/uploads\/2015\/06\/kraeutertag_2015_w-440x300.jpg 440w\" sizes=\"(max-width: 880px) 100vw, 880px\" \/><\/a><br \/>\n<em>&#8230; unterst\u00fctzte die Kleinste unseren Gie\u00dfdienst!<\/em><\/p>\n<p>Tobias: &#8222;Ein Thema bei den G\u00e4rtnerei-F\u00fchrungen waren verschiedene Blattd\u00fcfte von &#8222;zitronig&#8220; bis &#8222;k\u00e4sig&#8220;. Beim Duft-R\u00e4tsel wurden die Bl\u00e4tter von <span style=\"text-decoration: underline\"><strong>Ceylon-Zimt<\/strong><\/span> schnell richtig erschnuppert. Piment hingegen wurde nach 10 F\u00fchrungen mit ca. 320 Besuchern nur vier mal erraten.&#8220;<\/p>\n<p><a href=\"https:\/\/blog.ruehlemanns.de\/wp-content\/uploads\/2015\/06\/kraeutertag_2015_n.jpg\"><img loading=\"lazy\" decoding=\"async\" class=\"alignnone size-full wp-image-3944\" src=\"https:\/\/blog.ruehlemanns.de\/wp-content\/uploads\/2015\/06\/kraeutertag_2015_n.jpg\" alt=\"kraeutertag_2015_n\" width=\"880\" height=\"600\" srcset=\"https:\/\/blog.ruehlemanns.de\/wp-content\/uploads\/2015\/06\/kraeutertag_2015_n.jpg 880w, https:\/\/blog.ruehlemanns.de\/wp-content\/uploads\/2015\/06\/kraeutertag_2015_n-300x205.jpg 300w, https:\/\/blog.ruehlemanns.de\/wp-content\/uploads\/2015\/06\/kraeutertag_2015_n-440x300.jpg 440w\" sizes=\"(max-width: 880px) 100vw, 880px\" \/><\/a><br \/>\n<a href=\"https:\/\/blog.ruehlemanns.de\/wp-content\/uploads\/2015\/06\/kraeutertag_2015_p.jpg\"><img loading=\"lazy\" decoding=\"async\" class=\"alignnone size-full wp-image-3945\" src=\"https:\/\/blog.ruehlemanns.de\/wp-content\/uploads\/2015\/06\/kraeutertag_2015_p.jpg\" alt=\"kraeutertag_2015_p\" width=\"880\" height=\"600\" srcset=\"https:\/\/blog.ruehlemanns.de\/wp-content\/uploads\/2015\/06\/kraeutertag_2015_p.jpg 880w, https:\/\/blog.ruehlemanns.de\/wp-content\/uploads\/2015\/06\/kraeutertag_2015_p-300x205.jpg 300w, https:\/\/blog.ruehlemanns.de\/wp-content\/uploads\/2015\/06\/kraeutertag_2015_p-440x300.jpg 440w\" sizes=\"(max-width: 880px) 100vw, 880px\" \/><\/a><\/p>\n<p><span style=\"font-family: Arial,sans-serif\">Diese Familie brachte es auf den Punkt: \u201eNever change a winning team! Wir kommen n\u00e4chstes Jahr auf jeden Fall wieder!\u201c<\/span><\/p>\n<p><a href=\"https:\/\/blog.ruehlemanns.de\/wp-content\/uploads\/2015\/06\/kraeutertag_2015_x.jpg\"><img loading=\"lazy\" decoding=\"async\" class=\"alignnone size-full wp-image-3946\" src=\"https:\/\/blog.ruehlemanns.de\/wp-content\/uploads\/2015\/06\/kraeutertag_2015_x.jpg\" alt=\"kraeutertag_2015_x\" width=\"880\" height=\"600\" srcset=\"https:\/\/blog.ruehlemanns.de\/wp-content\/uploads\/2015\/06\/kraeutertag_2015_x.jpg 880w, https:\/\/blog.ruehlemanns.de\/wp-content\/uploads\/2015\/06\/kraeutertag_2015_x-300x205.jpg 300w, https:\/\/blog.ruehlemanns.de\/wp-content\/uploads\/2015\/06\/kraeutertag_2015_x-440x300.jpg 440w\" sizes=\"(max-width: 880px) 100vw, 880px\" \/><\/a><\/p>\n","protected":false},"excerpt":{"rendered":"<p>Kr\u00e4utertag 2015 &#8211; ein sch\u00f6ner Tag! Trotz gro\u00dfem Andrang herrschte auf dem gesamten Markt eine entspannte, friedliche und freundliche Atmosph\u00e4re. Viel Lob gab es f\u00fcr die gute Organisation und die gelungene Mischung von Augenschmaus und Gaumenfreude. Auch in unserer G\u00e4rtnerei war viel los. Hier einige Eindr\u00fccke des Tages in Wort &amp; Bild: Daniel \u00f6ffnet die [&hellip;]<\/p>\n","protected":false},"author":645,"featured_media":0,"comment_status":"open","ping_status":"open","sticky":false,"template":"","format":"standard","meta":{"site-sidebar-layout":"default","site-content-layout":"","ast-site-content-layout":"default","site-content-style":"default","site-sidebar-style":"default","ast-global-header-display":"","ast-banner-title-visibility":"","ast-main-header-display":"","ast-hfb-above-header-display":"","ast-hfb-below-header-display":"","ast-hfb-mobile-header-display":"","site-post-title":"","ast-breadcrumbs-content":"","ast-featured-img":"","footer-sml-layout":"","ast-disable-related-posts":"","theme-transparent-header-meta":"","adv-header-id-meta":"","stick-header-meta":"","header-above-stick-meta":"","header-main-stick-meta":"","header-below-stick-meta":"","astra-migrate-meta-layouts":"default","ast-page-background-enabled":"default","ast-page-background-meta":{"desktop":{"background-color":"var(--ast-global-color-4)","background-image":"","background-repeat":"repeat","background-position":"center center","background-size":"auto","background-attachment":"scroll","background-type":"","background-media":"","overlay-type":"","overlay-color":"","overlay-opacity":"","overlay-gradient":""},"tablet":{"background-color":"","background-image":"","background-repeat":"repeat","background-position":"center center","background-size":"auto","background-attachment":"scroll","background-type":"","background-media":"","overlay-type":"","overlay-color":"","overlay-opacity":"","overlay-gradient":""},"mobile":{"background-color":"","background-image":"","background-repeat":"repeat","background-position":"center center","background-size":"auto","background-attachment":"scroll","background-type":"","background-media":"","overlay-type":"","overlay-color":"","overlay-opacity":"","overlay-gradient":""}},"ast-content-background-meta":{"desktop":{"background-color":"var(--ast-global-color-5)","background-image":"","background-repeat":"repeat","background-position":"center center","background-size":"auto","background-attachment":"scroll","background-type":"","background-media":"","overlay-type":"","overlay-color":"","overlay-opacity":"","overlay-gradient":""},"tablet":{"background-color":"var(--ast-global-color-5)","background-image":"","background-repeat":"repeat","background-position":"center center","background-size":"auto","background-attachment":"scroll","background-type":"","background-media":"","overlay-type":"","overlay-color":"","overlay-opacity":"","overlay-gradient":""},"mobile":{"background-color":"var(--ast-global-color-5)","background-image":"","background-repeat":"repeat","background-position":"center center","background-size":"auto","background-attachment":"scroll","background-type":"","background-media":"","overlay-type":"","overlay-color":"","overlay-opacity":"","overlay-gradient":""}},"footnotes":""},"categories":[3,5,9],"tags":[],"class_list":["post-3924","post","type-post","status-publish","format-standard","hentry","category-duftpflanzen","category-allemein","category-allgemeines"],"_links":{"self":[{"href":"https:\/\/blog.ruehlemanns.de\/index.php?rest_route=\/wp\/v2\/posts\/3924","targetHints":{"allow":["GET"]}}],"collection":[{"href":"https:\/\/blog.ruehlemanns.de\/index.php?rest_route=\/wp\/v2\/posts"}],"about":[{"href":"https:\/\/blog.ruehlemanns.de\/index.php?rest_route=\/wp\/v2\/types\/post"}],"author":[{"embeddable":true,"href":"https:\/\/blog.ruehlemanns.de\/index.php?rest_route=\/wp\/v2\/users\/645"}],"replies":[{"embeddable":true,"href":"https:\/\/blog.ruehlemanns.de\/index.php?rest_route=%2Fwp%2Fv2%2Fcomments&post=3924"}],"version-history":[{"count":0,"href":"https:\/\/blog.ruehlemanns.de\/index.php?rest_route=\/wp\/v2\/posts\/3924\/revisions"}],"wp:attachment":[{"href":"https:\/\/blog.ruehlemanns.de\/index.php?rest_route=%2Fwp%2Fv2%2Fmedia&parent=3924"}],"wp:term":[{"taxonomy":"category","embeddable":true,"href":"https:\/\/blog.ruehlemanns.de\/index.php?rest_route=%2Fwp%2Fv2%2Fcategories&post=3924"},{"taxonomy":"post_tag","embeddable":true,"href":"https:\/\/blog.ruehlemanns.de\/index.php?rest_route=%2Fwp%2Fv2%2Ftags&post=3924"}],"curies":[{"name":"wp","href":"https:\/\/api.w.org\/{rel}","templated":true}]}}