{"id":3911,"date":"2015-06-17T10:10:23","date_gmt":"2015-06-17T09:10:23","guid":{"rendered":"http:\/\/blog.ruehlemanns.de\/?p=3911"},"modified":"2015-06-17T10:10:23","modified_gmt":"2015-06-17T09:10:23","slug":"kraeutertag-2015-wir-laden-ein","status":"publish","type":"post","link":"https:\/\/blog.ruehlemanns.de\/?p=3911","title":{"rendered":"Kr\u00e4utertag 2015 &#8211; wir laden ein!"},"content":{"rendered":"<p>Es ist wieder soweit: wie jedes Jahr am dritten Sonntag im Juni startet um 11.00 Uhr der Kr\u00e4utertag in Horstedt. \u00dcber 90 Aussteller haben sich angek\u00fcndigt und pr\u00e4sentieren ihre Ideen und Kreationen zum Thema Kr\u00e4uter sowie regionales Kunsthandwerk.<br \/>\nVon Essenzen und Kosmetika \u00fcber Pesto und \u00d6le bis zur Kr\u00e4uterforelle und einem Schluck Kr\u00e4uterlik\u00f6r sind es jeweils nur ein paar Schritte.<\/p>\n<p><a href=\"https:\/\/blog.ruehlemanns.de\/wp-content\/uploads\/2015\/06\/kraeutertag2015_1.jpg\"><img fetchpriority=\"high\" decoding=\"async\" class=\"alignnone size-full wp-image-3912\" src=\"https:\/\/blog.ruehlemanns.de\/wp-content\/uploads\/2015\/06\/kraeutertag2015_1.jpg\" alt=\"kraeutertag2015_1\" width=\"880\" height=\"600\" srcset=\"https:\/\/blog.ruehlemanns.de\/wp-content\/uploads\/2015\/06\/kraeutertag2015_1.jpg 880w, https:\/\/blog.ruehlemanns.de\/wp-content\/uploads\/2015\/06\/kraeutertag2015_1-300x205.jpg 300w, https:\/\/blog.ruehlemanns.de\/wp-content\/uploads\/2015\/06\/kraeutertag2015_1-440x300.jpg 440w\" sizes=\"(max-width: 880px) 100vw, 880px\" \/><\/a><\/p>\n<p>Unserer G\u00e4rtnerei ist an diesem Sonntag von 11:00 \u2013 18.00 Uhr ge\u00f6ffnet und l\u00e4dt ein zum Bummeln, Staunen und Genie\u00dfen in Gew\u00e4chshaus-Atmosph\u00e4re &#8211; Kr\u00e4uterd\u00fcfte der weiten Welt und der Geschmack heimischer oder exotischer Gew\u00fcrzpflanzen inklusive. Mitbringen: viel Zeit und Schnupperlaune!<\/p>\n<p><a href=\"https:\/\/blog.ruehlemanns.de\/wp-content\/uploads\/2015\/06\/kraeutertag2015_2.jpg\"><img decoding=\"async\" class=\"alignnone size-full wp-image-3913\" src=\"https:\/\/blog.ruehlemanns.de\/wp-content\/uploads\/2015\/06\/kraeutertag2015_2.jpg\" alt=\"kraeutertag2015_2\" width=\"880\" height=\"600\" srcset=\"https:\/\/blog.ruehlemanns.de\/wp-content\/uploads\/2015\/06\/kraeutertag2015_2.jpg 880w, https:\/\/blog.ruehlemanns.de\/wp-content\/uploads\/2015\/06\/kraeutertag2015_2-300x205.jpg 300w, https:\/\/blog.ruehlemanns.de\/wp-content\/uploads\/2015\/06\/kraeutertag2015_2-440x300.jpg 440w\" sizes=\"(max-width: 880px) 100vw, 880px\" \/><\/a><\/p>\n<p>Zwischendurch wird es bei uns immer wieder Kostproben von Brotaufstrichen, diversen exotischen Kr\u00e4uterfrischk\u00e4sen und gr\u00fcnen Kr\u00e4uter-Smoothies geben.<\/p>\n<p><a href=\"https:\/\/blog.ruehlemanns.de\/wp-content\/uploads\/2015\/06\/kraeutertag2015_4.jpg\"><img decoding=\"async\" class=\"alignnone size-full wp-image-3914\" src=\"https:\/\/blog.ruehlemanns.de\/wp-content\/uploads\/2015\/06\/kraeutertag2015_4.jpg\" alt=\"kraeutertag2015_4\" width=\"880\" height=\"600\" srcset=\"https:\/\/blog.ruehlemanns.de\/wp-content\/uploads\/2015\/06\/kraeutertag2015_4.jpg 880w, https:\/\/blog.ruehlemanns.de\/wp-content\/uploads\/2015\/06\/kraeutertag2015_4-300x205.jpg 300w, https:\/\/blog.ruehlemanns.de\/wp-content\/uploads\/2015\/06\/kraeutertag2015_4-440x300.jpg 440w\" sizes=\"(max-width: 880px) 100vw, 880px\" \/><\/a><br \/>\n<a href=\"https:\/\/blog.ruehlemanns.de\/wp-content\/uploads\/2015\/06\/kraeutertag2015_5.jpg\"><img loading=\"lazy\" decoding=\"async\" class=\"alignnone size-full wp-image-3915\" src=\"https:\/\/blog.ruehlemanns.de\/wp-content\/uploads\/2015\/06\/kraeutertag2015_5.jpg\" alt=\"kraeutertag2015_5\" width=\"880\" height=\"600\" srcset=\"https:\/\/blog.ruehlemanns.de\/wp-content\/uploads\/2015\/06\/kraeutertag2015_5.jpg 880w, https:\/\/blog.ruehlemanns.de\/wp-content\/uploads\/2015\/06\/kraeutertag2015_5-300x205.jpg 300w, https:\/\/blog.ruehlemanns.de\/wp-content\/uploads\/2015\/06\/kraeutertag2015_5-440x300.jpg 440w\" sizes=\"(max-width: 880px) 100vw, 880px\" \/><\/a><\/p>\n<p>Kinder d\u00fcrfen ihre ersten g\u00e4rtnerischen Erfahrungen machen und leckere Kr\u00e4uter, wie z.B. Lakritztagetes oder Minze selber eintopfen und mit nach Hause nehmen.<\/p>\n<p><a href=\"https:\/\/blog.ruehlemanns.de\/wp-content\/uploads\/2015\/06\/kraeutertag2015_3.jpg\"><img loading=\"lazy\" decoding=\"async\" class=\"alignnone size-full wp-image-3916\" src=\"https:\/\/blog.ruehlemanns.de\/wp-content\/uploads\/2015\/06\/kraeutertag2015_3.jpg\" alt=\"kraeutertag2015_3\" width=\"880\" height=\"600\" srcset=\"https:\/\/blog.ruehlemanns.de\/wp-content\/uploads\/2015\/06\/kraeutertag2015_3.jpg 880w, https:\/\/blog.ruehlemanns.de\/wp-content\/uploads\/2015\/06\/kraeutertag2015_3-300x205.jpg 300w, https:\/\/blog.ruehlemanns.de\/wp-content\/uploads\/2015\/06\/kraeutertag2015_3-440x300.jpg 440w\" sizes=\"(max-width: 880px) 100vw, 880px\" \/><\/a><\/p>\n<p>G\u00e4rtnermeister Tobias Breuckmann bietet im Laufe des Tages mehrmals F\u00fchrungen durchs G\u00e4rtnerei-Gel\u00e4nde an. Der Beginn wird jeweils kurz zuvor bekannt gegeben.<\/p>\n<p><a href=\"https:\/\/blog.ruehlemanns.de\/wp-content\/uploads\/2015\/06\/kraeutertag2015_6.jpg\"><img loading=\"lazy\" decoding=\"async\" class=\"alignnone size-full wp-image-3917\" src=\"https:\/\/blog.ruehlemanns.de\/wp-content\/uploads\/2015\/06\/kraeutertag2015_6.jpg\" alt=\"kraeutertag2015_6\" width=\"880\" height=\"600\" srcset=\"https:\/\/blog.ruehlemanns.de\/wp-content\/uploads\/2015\/06\/kraeutertag2015_6.jpg 880w, https:\/\/blog.ruehlemanns.de\/wp-content\/uploads\/2015\/06\/kraeutertag2015_6-300x205.jpg 300w, https:\/\/blog.ruehlemanns.de\/wp-content\/uploads\/2015\/06\/kraeutertag2015_6-440x300.jpg 440w\" sizes=\"(max-width: 880px) 100vw, 880px\" \/><\/a><\/p>\n<p>Zu erreichen ist Horstedt \u00fcber die Autobahn A1 Bremen &#8211; Hamburg, eine Wegbeschreibung finden Sie <a href=\"https:\/\/www.kraeuter-und-duftpflanzen.de\/custom\/index\/sCustom\/153\" target=\"_blank\"><span style=\"text-decoration: underline\">hier<\/span><\/a>.<\/p>\n<p><strong>Wir freuen uns auf Ihren Besuch!<\/strong><\/p>\n","protected":false},"excerpt":{"rendered":"<p>Es ist wieder soweit: wie jedes Jahr am dritten Sonntag im Juni startet um 11.00 Uhr der Kr\u00e4utertag in Horstedt. \u00dcber 90 Aussteller haben sich angek\u00fcndigt und pr\u00e4sentieren ihre Ideen und Kreationen zum Thema Kr\u00e4uter sowie regionales Kunsthandwerk. Von Essenzen und Kosmetika \u00fcber Pesto und \u00d6le bis zur Kr\u00e4uterforelle und einem Schluck Kr\u00e4uterlik\u00f6r sind es [&hellip;]<\/p>\n","protected":false},"author":645,"featured_media":0,"comment_status":"open","ping_status":"open","sticky":false,"template":"","format":"standard","meta":{"site-sidebar-layout":"default","site-content-layout":"","ast-site-content-layout":"default","site-content-style":"default","site-sidebar-style":"default","ast-global-header-display":"","ast-banner-title-visibility":"","ast-main-header-display":"","ast-hfb-above-header-display":"","ast-hfb-below-header-display":"","ast-hfb-mobile-header-display":"","site-post-title":"","ast-breadcrumbs-content":"","ast-featured-img":"","footer-sml-layout":"","ast-disable-related-posts":"","theme-transparent-header-meta":"","adv-header-id-meta":"","stick-header-meta":"","header-above-stick-meta":"","header-main-stick-meta":"","header-below-stick-meta":"","astra-migrate-meta-layouts":"default","ast-page-background-enabled":"default","ast-page-background-meta":{"desktop":{"background-color":"var(--ast-global-color-4)","background-image":"","background-repeat":"repeat","background-position":"center center","background-size":"auto","background-attachment":"scroll","background-type":"","background-media":"","overlay-type":"","overlay-color":"","overlay-opacity":"","overlay-gradient":""},"tablet":{"background-color":"","background-image":"","background-repeat":"repeat","background-position":"center center","background-size":"auto","background-attachment":"scroll","background-type":"","background-media":"","overlay-type":"","overlay-color":"","overlay-opacity":"","overlay-gradient":""},"mobile":{"background-color":"","background-image":"","background-repeat":"repeat","background-position":"center center","background-size":"auto","background-attachment":"scroll","background-type":"","background-media":"","overlay-type":"","overlay-color":"","overlay-opacity":"","overlay-gradient":""}},"ast-content-background-meta":{"desktop":{"background-color":"var(--ast-global-color-5)","background-image":"","background-repeat":"repeat","background-position":"center center","background-size":"auto","background-attachment":"scroll","background-type":"","background-media":"","overlay-type":"","overlay-color":"","overlay-opacity":"","overlay-gradient":""},"tablet":{"background-color":"var(--ast-global-color-5)","background-image":"","background-repeat":"repeat","background-position":"center center","background-size":"auto","background-attachment":"scroll","background-type":"","background-media":"","overlay-type":"","overlay-color":"","overlay-opacity":"","overlay-gradient":""},"mobile":{"background-color":"var(--ast-global-color-5)","background-image":"","background-repeat":"repeat","background-position":"center center","background-size":"auto","background-attachment":"scroll","background-type":"","background-media":"","overlay-type":"","overlay-color":"","overlay-opacity":"","overlay-gradient":""}},"footnotes":""},"categories":[3,5,9],"tags":[],"class_list":["post-3911","post","type-post","status-publish","format-standard","hentry","category-duftpflanzen","category-allemein","category-allgemeines"],"_links":{"self":[{"href":"https:\/\/blog.ruehlemanns.de\/index.php?rest_route=\/wp\/v2\/posts\/3911","targetHints":{"allow":["GET"]}}],"collection":[{"href":"https:\/\/blog.ruehlemanns.de\/index.php?rest_route=\/wp\/v2\/posts"}],"about":[{"href":"https:\/\/blog.ruehlemanns.de\/index.php?rest_route=\/wp\/v2\/types\/post"}],"author":[{"embeddable":true,"href":"https:\/\/blog.ruehlemanns.de\/index.php?rest_route=\/wp\/v2\/users\/645"}],"replies":[{"embeddable":true,"href":"https:\/\/blog.ruehlemanns.de\/index.php?rest_route=%2Fwp%2Fv2%2Fcomments&post=3911"}],"version-history":[{"count":0,"href":"https:\/\/blog.ruehlemanns.de\/index.php?rest_route=\/wp\/v2\/posts\/3911\/revisions"}],"wp:attachment":[{"href":"https:\/\/blog.ruehlemanns.de\/index.php?rest_route=%2Fwp%2Fv2%2Fmedia&parent=3911"}],"wp:term":[{"taxonomy":"category","embeddable":true,"href":"https:\/\/blog.ruehlemanns.de\/index.php?rest_route=%2Fwp%2Fv2%2Fcategories&post=3911"},{"taxonomy":"post_tag","embeddable":true,"href":"https:\/\/blog.ruehlemanns.de\/index.php?rest_route=%2Fwp%2Fv2%2Ftags&post=3911"}],"curies":[{"name":"wp","href":"https:\/\/api.w.org\/{rel}","templated":true}]}}