{"id":379,"date":"2009-02-13T13:09:40","date_gmt":"2009-02-13T11:09:40","guid":{"rendered":"http:\/\/blog.ruehlemanns.de\/?p=379"},"modified":"2009-02-13T13:09:40","modified_gmt":"2009-02-13T11:09:40","slug":"blumen-im-winter","status":"publish","type":"post","link":"https:\/\/blog.ruehlemanns.de\/?p=379","title":{"rendered":"Blumen im Winter"},"content":{"rendered":"<p>Mein erster Blick heute Morgen aus dem Fenster hat mich daran erinnert, dass der Fr\u00fchling noch weit weg ist: Schnee, soweit das Auge reicht. Mh, die Sonnenstrahlen der letzten Tage haben bei mir eigentlich schon Fr\u00fchlingssehnsucht geweckt. Aber ich muss ja zugeben: Es ist Winter, es liegt Schnee, alles ist in Ordnung, der Fr\u00fchling kommt zu seiner Zeit \ud83d\ude42 .<\/p>\n<p>Ich erinnere mich gerade an die superkaltenTage im Janaur zur\u00fcck. Wir hatten an unseren Gew\u00e4chsh\u00e4usern wundersch\u00f6ne Eisblumen:<\/p>\n<p><a href='https:\/\/blog.ruehlemanns.de\/wp-content\/uploads\/2009\/02\/eisblumen1.jpg'><img fetchpriority=\"high\" decoding=\"async\" src=\"https:\/\/blog.ruehlemanns.de\/wp-content\/uploads\/2009\/02\/eisblumen1-450x337.jpg\" alt=\"\" title=\"Eisblumen\" width=\"450\" height=\"337\" class=\"alignnone size-medium wp-image-381\" \/><\/a><\/p>\n<p>F\u00fcr viele Pflanzen waren diese Tage die Entscheidung, endg\u00fcltig &#8222;Ade&#8220; zu sagen &#8211; zumindest oberirdisch. In meinem Garten haben z.B. die letzten Bl\u00e4tter der Zitronenverbene ihre gr\u00fcne Farbe aufgegeben. Ich bin gespannt, was der Fr\u00fchling bringen wird.<\/p>\n<p>Was haben Sie mit Ihren Pflanzen in diesem harten Winter bis jetzt erlebt? Von welchen haben Sie sich bereits verabschiedet und wo hegen Sie noch Hoffnung auf eine Auferstehung im Fr\u00fchling?<\/p>\n<p>Ihre Simone<\/p>\n","protected":false},"excerpt":{"rendered":"<p>Mein erster Blick heute Morgen aus dem Fenster hat mich daran erinnert, dass der Fr\u00fchling noch weit weg ist: Schnee, soweit das Auge reicht. Mh, die Sonnenstrahlen der letzten Tage haben bei mir eigentlich schon Fr\u00fchlingssehnsucht geweckt. Aber ich muss ja zugeben: Es ist Winter, es liegt Schnee, alles ist in Ordnung, der Fr\u00fchling kommt [&hellip;]<\/p>\n","protected":false},"author":604,"featured_media":0,"comment_status":"open","ping_status":"open","sticky":false,"template":"","format":"standard","meta":{"site-sidebar-layout":"default","site-content-layout":"","ast-site-content-layout":"default","site-content-style":"default","site-sidebar-style":"default","ast-global-header-display":"","ast-banner-title-visibility":"","ast-main-header-display":"","ast-hfb-above-header-display":"","ast-hfb-below-header-display":"","ast-hfb-mobile-header-display":"","site-post-title":"","ast-breadcrumbs-content":"","ast-featured-img":"","footer-sml-layout":"","ast-disable-related-posts":"","theme-transparent-header-meta":"","adv-header-id-meta":"","stick-header-meta":"","header-above-stick-meta":"","header-main-stick-meta":"","header-below-stick-meta":"","astra-migrate-meta-layouts":"default","ast-page-background-enabled":"default","ast-page-background-meta":{"desktop":{"background-color":"var(--ast-global-color-4)","background-image":"","background-repeat":"repeat","background-position":"center center","background-size":"auto","background-attachment":"scroll","background-type":"","background-media":"","overlay-type":"","overlay-color":"","overlay-opacity":"","overlay-gradient":""},"tablet":{"background-color":"","background-image":"","background-repeat":"repeat","background-position":"center center","background-size":"auto","background-attachment":"scroll","background-type":"","background-media":"","overlay-type":"","overlay-color":"","overlay-opacity":"","overlay-gradient":""},"mobile":{"background-color":"","background-image":"","background-repeat":"repeat","background-position":"center center","background-size":"auto","background-attachment":"scroll","background-type":"","background-media":"","overlay-type":"","overlay-color":"","overlay-opacity":"","overlay-gradient":""}},"ast-content-background-meta":{"desktop":{"background-color":"var(--ast-global-color-5)","background-image":"","background-repeat":"repeat","background-position":"center center","background-size":"auto","background-attachment":"scroll","background-type":"","background-media":"","overlay-type":"","overlay-color":"","overlay-opacity":"","overlay-gradient":""},"tablet":{"background-color":"var(--ast-global-color-5)","background-image":"","background-repeat":"repeat","background-position":"center center","background-size":"auto","background-attachment":"scroll","background-type":"","background-media":"","overlay-type":"","overlay-color":"","overlay-opacity":"","overlay-gradient":""},"mobile":{"background-color":"var(--ast-global-color-5)","background-image":"","background-repeat":"repeat","background-position":"center center","background-size":"auto","background-attachment":"scroll","background-type":"","background-media":"","overlay-type":"","overlay-color":"","overlay-opacity":"","overlay-gradient":""}},"footnotes":""},"categories":[9],"tags":[152],"class_list":["post-379","post","type-post","status-publish","format-standard","hentry","category-allgemeines","tag-allemein"],"_links":{"self":[{"href":"https:\/\/blog.ruehlemanns.de\/index.php?rest_route=\/wp\/v2\/posts\/379","targetHints":{"allow":["GET"]}}],"collection":[{"href":"https:\/\/blog.ruehlemanns.de\/index.php?rest_route=\/wp\/v2\/posts"}],"about":[{"href":"https:\/\/blog.ruehlemanns.de\/index.php?rest_route=\/wp\/v2\/types\/post"}],"author":[{"embeddable":true,"href":"https:\/\/blog.ruehlemanns.de\/index.php?rest_route=\/wp\/v2\/users\/604"}],"replies":[{"embeddable":true,"href":"https:\/\/blog.ruehlemanns.de\/index.php?rest_route=%2Fwp%2Fv2%2Fcomments&post=379"}],"version-history":[{"count":0,"href":"https:\/\/blog.ruehlemanns.de\/index.php?rest_route=\/wp\/v2\/posts\/379\/revisions"}],"wp:attachment":[{"href":"https:\/\/blog.ruehlemanns.de\/index.php?rest_route=%2Fwp%2Fv2%2Fmedia&parent=379"}],"wp:term":[{"taxonomy":"category","embeddable":true,"href":"https:\/\/blog.ruehlemanns.de\/index.php?rest_route=%2Fwp%2Fv2%2Fcategories&post=379"},{"taxonomy":"post_tag","embeddable":true,"href":"https:\/\/blog.ruehlemanns.de\/index.php?rest_route=%2Fwp%2Fv2%2Ftags&post=379"}],"curies":[{"name":"wp","href":"https:\/\/api.w.org\/{rel}","templated":true}]}}