{"id":3542,"date":"2015-01-22T10:43:02","date_gmt":"2015-01-22T09:43:02","guid":{"rendered":"http:\/\/blog.ruehlemanns.de\/?p=3542"},"modified":"2018-11-05T11:47:06","modified_gmt":"2018-11-05T10:47:06","slug":"buntes-im-januar","status":"publish","type":"post","link":"https:\/\/blog.ruehlemanns.de\/?p=3542","title":{"rendered":"Buntes im Januar"},"content":{"rendered":"<p>Das graue Winterwetter der letzten Wochen macht wirklich keinen Spa\u00df &#8230; Zeit, um mal wieder in den Gew\u00e4chsh\u00e4usern auf Bl\u00fctenjagd zu gehen. Und wirklich &#8211; so hier und da recken sich ganz mutige dem sp\u00e4rlichen Licht entgegen.<\/p>\n<p style=\"text-align: center;\"><a href=\"https:\/\/blog.ruehlemanns.de\/wp-content\/uploads\/2015\/01\/Winterblueten_collage.jpg\"><img fetchpriority=\"high\" decoding=\"async\" class=\"alignnone size-full wp-image-3543\" src=\"https:\/\/blog.ruehlemanns.de\/wp-content\/uploads\/2015\/01\/Winterblueten_collage.jpg\" alt=\"Winterblueten_collage\" width=\"880\" height=\"600\" srcset=\"https:\/\/blog.ruehlemanns.de\/wp-content\/uploads\/2015\/01\/Winterblueten_collage.jpg 880w, https:\/\/blog.ruehlemanns.de\/wp-content\/uploads\/2015\/01\/Winterblueten_collage-300x204.jpg 300w, https:\/\/blog.ruehlemanns.de\/wp-content\/uploads\/2015\/01\/Winterblueten_collage-440x300.jpg 440w\" sizes=\"(max-width: 880px) 100vw, 880px\" \/><\/a><\/p>\n<p>Zu welchen Pflanzen diese sch\u00f6nen K\u00f6pfe geh\u00f6ren? Hier erfahren Sie mehr:<br \/>\n<a href=\"https:\/\/blog.ruehlemanns.de\/wp-content\/uploads\/2015\/01\/sar02_DSC02691.jpg\"><img decoding=\"async\" class=\"alignnone size-full wp-image-3544\" src=\"https:\/\/blog.ruehlemanns.de\/wp-content\/uploads\/2015\/01\/sar02_DSC02691.jpg\" alt=\"sar02_DSC02691\" width=\"880\" height=\"600\" srcset=\"https:\/\/blog.ruehlemanns.de\/wp-content\/uploads\/2015\/01\/sar02_DSC02691.jpg 880w, https:\/\/blog.ruehlemanns.de\/wp-content\/uploads\/2015\/01\/sar02_DSC02691-300x204.jpg 300w, https:\/\/blog.ruehlemanns.de\/wp-content\/uploads\/2015\/01\/sar02_DSC02691-440x300.jpg 440w\" sizes=\"(max-width: 880px) 100vw, 880px\" \/><\/a><br \/>\n<a href=\"https:\/\/www.kraeuter-und-duftpflanzen.de\/Duftpflanzen\/Fleischbeere\/Hookers-Fleischbeere-Pflanze\" target=\"_blank\"><span style=\"text-decoration: underline;\"><strong>Hookers Fleischbeere<\/strong><\/span><\/a><br \/>\n<a href=\"https:\/\/blog.ruehlemanns.de\/wp-content\/uploads\/2015\/01\/pel13_DSC02858.jpg\"><img decoding=\"async\" class=\"alignnone size-full wp-image-3547\" src=\"https:\/\/blog.ruehlemanns.de\/wp-content\/uploads\/2015\/01\/pel13_DSC02858.jpg\" alt=\"pel13_DSC02858\" width=\"880\" height=\"600\" srcset=\"https:\/\/blog.ruehlemanns.de\/wp-content\/uploads\/2015\/01\/pel13_DSC02858.jpg 880w, https:\/\/blog.ruehlemanns.de\/wp-content\/uploads\/2015\/01\/pel13_DSC02858-300x204.jpg 300w, https:\/\/blog.ruehlemanns.de\/wp-content\/uploads\/2015\/01\/pel13_DSC02858-440x300.jpg 440w\" sizes=\"(max-width: 880px) 100vw, 880px\" \/><\/a><br \/>\n<strong><a href=\"https:\/\/www.kraeuter-und-duftpflanzen.de\/Nach-Verwendung\/Kraeuter-fuer-s-Fensterbrett-\/Bienenwachs-Duftgeranie-Pflanze\" target=\"_blank\"><span style=\"text-decoration: underline;\">Bienenwachs-Duftgeranie<br \/>\n<\/span><\/a><a href=\"https:\/\/blog.ruehlemanns.de\/wp-content\/uploads\/2015\/01\/pet20_DSC02735.jpg\"><img loading=\"lazy\" decoding=\"async\" class=\"alignnone size-full wp-image-3548\" src=\"https:\/\/blog.ruehlemanns.de\/wp-content\/uploads\/2015\/01\/pet20_DSC02735.jpg\" alt=\"pet20_DSC02735\" width=\"880\" height=\"600\" srcset=\"https:\/\/blog.ruehlemanns.de\/wp-content\/uploads\/2015\/01\/pet20_DSC02735.jpg 880w, https:\/\/blog.ruehlemanns.de\/wp-content\/uploads\/2015\/01\/pet20_DSC02735-300x204.jpg 300w, https:\/\/blog.ruehlemanns.de\/wp-content\/uploads\/2015\/01\/pet20_DSC02735-440x300.jpg 440w\" sizes=\"(max-width: 880px) 100vw, 880px\" \/><\/a><br \/>\n<a href=\"https:\/\/www.kraeuter-und-duftpflanzen.de\/Pflanzen-und-Saatgut\/Abelie-Augentrost\/A-Einzelsorten\/Anamu-Pflanze\" target=\"_blank\"><span style=\"text-decoration: underline;\">Anamu<\/span><\/a><\/strong><br \/>\n<a href=\"https:\/\/blog.ruehlemanns.de\/wp-content\/uploads\/2015\/01\/lav24_DSC02843.jpg\"><img loading=\"lazy\" decoding=\"async\" class=\"alignnone size-full wp-image-3551\" src=\"https:\/\/blog.ruehlemanns.de\/wp-content\/uploads\/2015\/01\/lav24_DSC02843.jpg\" alt=\"lav24_DSC02843\" width=\"880\" height=\"600\" srcset=\"https:\/\/blog.ruehlemanns.de\/wp-content\/uploads\/2015\/01\/lav24_DSC02843.jpg 880w, https:\/\/blog.ruehlemanns.de\/wp-content\/uploads\/2015\/01\/lav24_DSC02843-300x204.jpg 300w, https:\/\/blog.ruehlemanns.de\/wp-content\/uploads\/2015\/01\/lav24_DSC02843-440x300.jpg 440w\" sizes=\"(max-width: 880px) 100vw, 880px\" \/><\/a><br \/>\n<a href=\"\/\/www.kraeuter-und-duftpflanzen.de\/Pflanzen-und-Saatgut\/Labkraut-Lungenkraut\/Lavendel\/Kanarischer-Lavendel-Pflanze\" target=\"_blank\"><span style=\"text-decoration: underline;\"><strong>Kanarischer Lavendel<\/strong><\/span><\/a><br \/>\n<a href=\"https:\/\/blog.ruehlemanns.de\/wp-content\/uploads\/2015\/01\/reh01_DSC02742.jpg\"><img loading=\"lazy\" decoding=\"async\" class=\"alignnone size-full wp-image-3552\" src=\"https:\/\/blog.ruehlemanns.de\/wp-content\/uploads\/2015\/01\/reh01_DSC02742.jpg\" alt=\"reh01_DSC02742\" width=\"880\" height=\"600\" srcset=\"https:\/\/blog.ruehlemanns.de\/wp-content\/uploads\/2015\/01\/reh01_DSC02742.jpg 880w, https:\/\/blog.ruehlemanns.de\/wp-content\/uploads\/2015\/01\/reh01_DSC02742-300x204.jpg 300w, https:\/\/blog.ruehlemanns.de\/wp-content\/uploads\/2015\/01\/reh01_DSC02742-440x300.jpg 440w\" sizes=\"(max-width: 880px) 100vw, 880px\" \/><\/a><br \/>\n<strong>Rehmannia (Di Huang)<\/strong><br \/>\n<a href=\"https:\/\/blog.ruehlemanns.de\/wp-content\/uploads\/2015\/01\/cen24_DSC02912.jpg\"><img loading=\"lazy\" decoding=\"async\" class=\"alignnone size-full wp-image-3553\" src=\"https:\/\/blog.ruehlemanns.de\/wp-content\/uploads\/2015\/01\/cen24_DSC02912.jpg\" alt=\"cen24_DSC02912\" width=\"880\" height=\"600\" srcset=\"https:\/\/blog.ruehlemanns.de\/wp-content\/uploads\/2015\/01\/cen24_DSC02912.jpg 880w, https:\/\/blog.ruehlemanns.de\/wp-content\/uploads\/2015\/01\/cen24_DSC02912-300x204.jpg 300w, https:\/\/blog.ruehlemanns.de\/wp-content\/uploads\/2015\/01\/cen24_DSC02912-440x300.jpg 440w\" sizes=\"(max-width: 880px) 100vw, 880px\" \/><\/a><br \/>\n<a href=\"https:\/\/www.kraeuter-und-duftpflanzen.de\/Nach-Verwendung\/Kraeuter-fuer-Balkon-u.-Terrasse\/Ananasblume-Saatgut\" target=\"_blank\"><span style=\"text-decoration: underline;\"><strong>Ananasblume<\/strong><\/span><\/a><br \/>\n<a href=\"https:\/\/blog.ruehlemanns.de\/wp-content\/uploads\/2015\/01\/gyn23_DSC02903.jpg\"><img loading=\"lazy\" decoding=\"async\" class=\"alignnone size-full wp-image-3554\" src=\"https:\/\/blog.ruehlemanns.de\/wp-content\/uploads\/2015\/01\/gyn23_DSC02903.jpg\" alt=\"gyn23_DSC02903\" width=\"880\" height=\"600\" srcset=\"https:\/\/blog.ruehlemanns.de\/wp-content\/uploads\/2015\/01\/gyn23_DSC02903.jpg 880w, https:\/\/blog.ruehlemanns.de\/wp-content\/uploads\/2015\/01\/gyn23_DSC02903-300x204.jpg 300w, https:\/\/blog.ruehlemanns.de\/wp-content\/uploads\/2015\/01\/gyn23_DSC02903-440x300.jpg 440w\" sizes=\"(max-width: 880px) 100vw, 880px\" \/><\/a><br \/>\n<a href=\"https:\/\/www.kraeuter-und-duftpflanzen.de\/Botanisch\/Gynura\/Handama-Okinawa-Spinat-Pflanze\" target=\"_blank\"><span style=\"text-decoration: underline;\"><strong>Handama<\/strong><\/span><\/a><br \/>\n<a href=\"https:\/\/blog.ruehlemanns.de\/wp-content\/uploads\/2015\/01\/cos12_DSC02945.jpg\"><img loading=\"lazy\" decoding=\"async\" class=\"alignnone size-full wp-image-3555\" src=\"https:\/\/blog.ruehlemanns.de\/wp-content\/uploads\/2015\/01\/cos12_DSC02945.jpg\" alt=\"cos12_DSC02945\" width=\"880\" height=\"600\" srcset=\"https:\/\/blog.ruehlemanns.de\/wp-content\/uploads\/2015\/01\/cos12_DSC02945.jpg 880w, https:\/\/blog.ruehlemanns.de\/wp-content\/uploads\/2015\/01\/cos12_DSC02945-300x204.jpg 300w, https:\/\/blog.ruehlemanns.de\/wp-content\/uploads\/2015\/01\/cos12_DSC02945-440x300.jpg 440w\" sizes=\"(max-width: 880px) 100vw, 880px\" \/><\/a><br \/>\n<a href=\"https:\/\/www.kraeuter-und-duftpflanzen.de\/Botanisch\/Cosmos\/Ulam-Raja-Pflanze\" target=\"_blank\"><span style=\"text-decoration: underline;\"><strong>Ulam Raja<\/strong><\/span><\/a><br \/>\n<a href=\"https:\/\/blog.ruehlemanns.de\/wp-content\/uploads\/2015\/01\/cyp08_DSC02867.jpg\"><img loading=\"lazy\" decoding=\"async\" class=\"alignnone size-full wp-image-3556\" src=\"https:\/\/blog.ruehlemanns.de\/wp-content\/uploads\/2015\/01\/cyp08_DSC02867.jpg\" alt=\"cyp08_DSC02867\" width=\"880\" height=\"600\" srcset=\"https:\/\/blog.ruehlemanns.de\/wp-content\/uploads\/2015\/01\/cyp08_DSC02867.jpg 880w, https:\/\/blog.ruehlemanns.de\/wp-content\/uploads\/2015\/01\/cyp08_DSC02867-300x204.jpg 300w, https:\/\/blog.ruehlemanns.de\/wp-content\/uploads\/2015\/01\/cyp08_DSC02867-440x300.jpg 440w\" sizes=\"(max-width: 880px) 100vw, 880px\" \/><\/a><br \/>\n<a href=\"https:\/\/www.kraeuter-und-duftpflanzen.de\/search?sSearch= CYP08\" target=\"_blank\"><span style=\"text-decoration: underline;\"><strong>Zwerg-Zyperngras<\/strong><\/span><\/a><br \/>\n<a href=\"https:\/\/blog.ruehlemanns.de\/wp-content\/uploads\/2015\/01\/pel10_DSC02856.jpg\"><img loading=\"lazy\" decoding=\"async\" class=\"alignnone size-full wp-image-3557\" src=\"https:\/\/blog.ruehlemanns.de\/wp-content\/uploads\/2015\/01\/pel10_DSC02856.jpg\" alt=\"pel10_DSC02856\" width=\"880\" height=\"600\" srcset=\"https:\/\/blog.ruehlemanns.de\/wp-content\/uploads\/2015\/01\/pel10_DSC02856.jpg 880w, https:\/\/blog.ruehlemanns.de\/wp-content\/uploads\/2015\/01\/pel10_DSC02856-300x204.jpg 300w, https:\/\/blog.ruehlemanns.de\/wp-content\/uploads\/2015\/01\/pel10_DSC02856-440x300.jpg 440w\" sizes=\"(max-width: 880px) 100vw, 880px\" \/><\/a><br \/>\n<a href=\"https:\/\/www.kraeuter-und-duftpflanzen.de\/Nach-Verwendung\/Kraeuter-fuer-Balkon-u.-Terrasse\/Duftgeranie-Mrs.-Ninon-Pflanze\" target=\"_blank\"><span style=\"text-decoration: underline;\"><strong>Duftgeranie &#8218;Mrs. Ninon&#8216;<\/strong><\/span><\/a><br \/>\n<a href=\"https:\/\/blog.ruehlemanns.de\/wp-content\/uploads\/2015\/01\/vio05_DSC02862.jpg\"><img loading=\"lazy\" decoding=\"async\" class=\"alignnone size-full wp-image-3558\" src=\"https:\/\/blog.ruehlemanns.de\/wp-content\/uploads\/2015\/01\/vio05_DSC02862.jpg\" alt=\"vio05_DSC02862\" width=\"880\" height=\"600\" srcset=\"https:\/\/blog.ruehlemanns.de\/wp-content\/uploads\/2015\/01\/vio05_DSC02862.jpg 880w, https:\/\/blog.ruehlemanns.de\/wp-content\/uploads\/2015\/01\/vio05_DSC02862-300x204.jpg 300w, https:\/\/blog.ruehlemanns.de\/wp-content\/uploads\/2015\/01\/vio05_DSC02862-440x300.jpg 440w\" sizes=\"(max-width: 880px) 100vw, 880px\" \/><\/a><br \/>\n<a href=\"https:\/\/www.kraeuter-und-duftpflanzen.de\/Botanisch\/Viola\/Parmaveilchen-weiss-bluehend-Pflanze\" target=\"_blank\"><span style=\"text-decoration: underline;\"><strong>Parmaveilchen, wei\u00df bl\u00fchend<\/strong><\/span><\/a><br \/>\n<a href=\"https:\/\/blog.ruehlemanns.de\/wp-content\/uploads\/2015\/01\/wed01_DSC02908.jpg\"><img loading=\"lazy\" decoding=\"async\" class=\"alignnone size-full wp-image-3559\" src=\"https:\/\/blog.ruehlemanns.de\/wp-content\/uploads\/2015\/01\/wed01_DSC02908.jpg\" alt=\"wed01_DSC02908\" width=\"880\" height=\"600\" srcset=\"https:\/\/blog.ruehlemanns.de\/wp-content\/uploads\/2015\/01\/wed01_DSC02908.jpg 880w, https:\/\/blog.ruehlemanns.de\/wp-content\/uploads\/2015\/01\/wed01_DSC02908-300x204.jpg 300w, https:\/\/blog.ruehlemanns.de\/wp-content\/uploads\/2015\/01\/wed01_DSC02908-440x300.jpg 440w\" sizes=\"(max-width: 880px) 100vw, 880px\" \/><\/a><br \/>\n<a href=\"https:\/\/www.kraeuter-und-duftpflanzen.de\/Pflanzen-und-Saatgut\/Papaya-Prachtscharte\/P-Einzelsorten\/Pita-Bhringaraj-Pflanze\" target=\"_blank\"><span style=\"text-decoration: underline;\"><strong>Pita Bhringaraj<\/strong><\/span><\/a><\/p>\n","protected":false},"excerpt":{"rendered":"<p>Das graue Winterwetter der letzten Wochen macht wirklich keinen Spa\u00df &#8230; Zeit, um mal wieder in den Gew\u00e4chsh\u00e4usern auf Bl\u00fctenjagd zu gehen. Und wirklich &#8211; so hier und da recken sich ganz mutige dem sp\u00e4rlichen Licht entgegen. Zu welchen Pflanzen diese sch\u00f6nen K\u00f6pfe geh\u00f6ren? Hier erfahren Sie mehr: Hookers Fleischbeere Bienenwachs-Duftgeranie Anamu Kanarischer Lavendel Rehmannia [&hellip;]<\/p>\n","protected":false},"author":645,"featured_media":0,"comment_status":"open","ping_status":"open","sticky":false,"template":"","format":"standard","meta":{"site-sidebar-layout":"default","site-content-layout":"","ast-site-content-layout":"default","site-content-style":"default","site-sidebar-style":"default","ast-global-header-display":"","ast-banner-title-visibility":"","ast-main-header-display":"","ast-hfb-above-header-display":"","ast-hfb-below-header-display":"","ast-hfb-mobile-header-display":"","site-post-title":"","ast-breadcrumbs-content":"","ast-featured-img":"","footer-sml-layout":"","ast-disable-related-posts":"","theme-transparent-header-meta":"","adv-header-id-meta":"","stick-header-meta":"","header-above-stick-meta":"","header-main-stick-meta":"","header-below-stick-meta":"","astra-migrate-meta-layouts":"default","ast-page-background-enabled":"default","ast-page-background-meta":{"desktop":{"background-color":"var(--ast-global-color-4)","background-image":"","background-repeat":"repeat","background-position":"center center","background-size":"auto","background-attachment":"scroll","background-type":"","background-media":"","overlay-type":"","overlay-color":"","overlay-opacity":"","overlay-gradient":""},"tablet":{"background-color":"","background-image":"","background-repeat":"repeat","background-position":"center center","background-size":"auto","background-attachment":"scroll","background-type":"","background-media":"","overlay-type":"","overlay-color":"","overlay-opacity":"","overlay-gradient":""},"mobile":{"background-color":"","background-image":"","background-repeat":"repeat","background-position":"center center","background-size":"auto","background-attachment":"scroll","background-type":"","background-media":"","overlay-type":"","overlay-color":"","overlay-opacity":"","overlay-gradient":""}},"ast-content-background-meta":{"desktop":{"background-color":"var(--ast-global-color-5)","background-image":"","background-repeat":"repeat","background-position":"center center","background-size":"auto","background-attachment":"scroll","background-type":"","background-media":"","overlay-type":"","overlay-color":"","overlay-opacity":"","overlay-gradient":""},"tablet":{"background-color":"var(--ast-global-color-5)","background-image":"","background-repeat":"repeat","background-position":"center center","background-size":"auto","background-attachment":"scroll","background-type":"","background-media":"","overlay-type":"","overlay-color":"","overlay-opacity":"","overlay-gradient":""},"mobile":{"background-color":"var(--ast-global-color-5)","background-image":"","background-repeat":"repeat","background-position":"center center","background-size":"auto","background-attachment":"scroll","background-type":"","background-media":"","overlay-type":"","overlay-color":"","overlay-opacity":"","overlay-gradient":""}},"footnotes":""},"categories":[3,9],"tags":[],"class_list":["post-3542","post","type-post","status-publish","format-standard","hentry","category-duftpflanzen","category-allgemeines"],"_links":{"self":[{"href":"https:\/\/blog.ruehlemanns.de\/index.php?rest_route=\/wp\/v2\/posts\/3542","targetHints":{"allow":["GET"]}}],"collection":[{"href":"https:\/\/blog.ruehlemanns.de\/index.php?rest_route=\/wp\/v2\/posts"}],"about":[{"href":"https:\/\/blog.ruehlemanns.de\/index.php?rest_route=\/wp\/v2\/types\/post"}],"author":[{"embeddable":true,"href":"https:\/\/blog.ruehlemanns.de\/index.php?rest_route=\/wp\/v2\/users\/645"}],"replies":[{"embeddable":true,"href":"https:\/\/blog.ruehlemanns.de\/index.php?rest_route=%2Fwp%2Fv2%2Fcomments&post=3542"}],"version-history":[{"count":0,"href":"https:\/\/blog.ruehlemanns.de\/index.php?rest_route=\/wp\/v2\/posts\/3542\/revisions"}],"wp:attachment":[{"href":"https:\/\/blog.ruehlemanns.de\/index.php?rest_route=%2Fwp%2Fv2%2Fmedia&parent=3542"}],"wp:term":[{"taxonomy":"category","embeddable":true,"href":"https:\/\/blog.ruehlemanns.de\/index.php?rest_route=%2Fwp%2Fv2%2Fcategories&post=3542"},{"taxonomy":"post_tag","embeddable":true,"href":"https:\/\/blog.ruehlemanns.de\/index.php?rest_route=%2Fwp%2Fv2%2Ftags&post=3542"}],"curies":[{"name":"wp","href":"https:\/\/api.w.org\/{rel}","templated":true}]}}