{"id":3201,"date":"2014-06-02T13:13:45","date_gmt":"2014-06-02T12:13:45","guid":{"rendered":"http:\/\/blog.ruehlemanns.de\/?p=3201"},"modified":"2015-02-24T12:22:01","modified_gmt":"2015-02-24T11:22:01","slug":"gartenmoebel-moebelgarten","status":"publish","type":"post","link":"https:\/\/blog.ruehlemanns.de\/?p=3201","title":{"rendered":"Gartenm\u00f6bel &#8211; M\u00f6belgarten"},"content":{"rendered":"<p>Ein Sofa der besonderen Art steht seit einiger Zeit im Direktverkauf der G\u00e4rtnerei &#8211; da erscheint der Begriff Gartenm\u00f6bel doch gleich in einem ganz anderen Licht. Nina spendete das urige M\u00f6belst\u00fcck, Bernd verwandelte es in ein wachsendes Kunstwerk, welches noch bis Ende September vor Ort bestaunt werden kann.<\/p>\n<p>Wie es dann wohl aussehen wird? Da sind wir selbst gespannt!<\/p>\n<p><a href=\"https:\/\/blog.ruehlemanns.de\/wp-content\/uploads\/2014\/06\/gartenmoebel_3.jpg\"><img fetchpriority=\"high\" decoding=\"async\" class=\"alignnone size-full wp-image-3202\" src=\"https:\/\/blog.ruehlemanns.de\/wp-content\/uploads\/2014\/06\/gartenmoebel_3.jpg\" alt=\"gartenmoebel_3\" width=\"880\" height=\"600\" srcset=\"https:\/\/blog.ruehlemanns.de\/wp-content\/uploads\/2014\/06\/gartenmoebel_3.jpg 880w, https:\/\/blog.ruehlemanns.de\/wp-content\/uploads\/2014\/06\/gartenmoebel_3-300x204.jpg 300w, https:\/\/blog.ruehlemanns.de\/wp-content\/uploads\/2014\/06\/gartenmoebel_3-440x300.jpg 440w\" sizes=\"(max-width: 880px) 100vw, 880px\" \/><\/a><br \/>\n<a href=\"https:\/\/blog.ruehlemanns.de\/wp-content\/uploads\/2014\/06\/gartenmoebel_1.jpg\"><img decoding=\"async\" class=\"alignnone size-full wp-image-3203\" src=\"https:\/\/blog.ruehlemanns.de\/wp-content\/uploads\/2014\/06\/gartenmoebel_1.jpg\" alt=\"gartenmoebel_1\" width=\"880\" height=\"600\" srcset=\"https:\/\/blog.ruehlemanns.de\/wp-content\/uploads\/2014\/06\/gartenmoebel_1.jpg 880w, https:\/\/blog.ruehlemanns.de\/wp-content\/uploads\/2014\/06\/gartenmoebel_1-300x204.jpg 300w, https:\/\/blog.ruehlemanns.de\/wp-content\/uploads\/2014\/06\/gartenmoebel_1-440x300.jpg 440w\" sizes=\"(max-width: 880px) 100vw, 880px\" \/><\/a><\/p>\n<p>Folgende Kr\u00e4uter und Duftpflanzen fanden darin ein neues Zuhause:<\/p>\n<p><a href=\"https:\/\/www.kraeuter-und-duftpflanzen.de\/Nach-Verwendung\/Duftpflanzen\/Bluetendufter-\/Japanisches-Geissblatt-Pflanze\" target=\"_blank\"><span style=\"text-decoration: underline\"><strong>Japanisches Gei\u00dfblatt<\/strong><\/span><\/a>, <a href=\"https:\/\/www.kraeuter-und-duftpflanzen.de\/Nach-Verwendung\/Essbare-Pflanzen\/Blattgemuese-\/Ewiger-Kohl-Pflanze\" target=\"_blank\"><span style=\"text-decoration: underline\"><strong>Ewiger Kohl<\/strong><\/span><\/a>, <a href=\"https:\/\/www.kraeuter-und-duftpflanzen.de\/search?sSearch= HYS01\" target=\"_blank\"><span style=\"text-decoration: underline\"><strong>blau bl\u00fchender Ysop<\/strong><\/span><\/a>, <a href=\"https:\/\/www.kraeuter-und-duftpflanzen.de\/Nach-Verwendung\/Haengeampeln\/Kaskadenthymian-aromatisch-Pflanze\" target=\"_blank\"><span style=\"text-decoration: underline\"><strong>Kaskadenthymian<\/strong><\/span><\/a>,<br \/>\n<a href=\"https:\/\/www.kraeuter-und-duftpflanzen.de\/search?sSearch= GLE01\" target=\"_blank\"><span style=\"text-decoration: underline\"><strong>Gundelrebe<\/strong><\/span><\/a>, <a href=\"https:\/\/www.kraeuter-und-duftpflanzen.de\/Nach-Verwendung\/Bienen-und-Hummelpflanzen\/Bergbohnenkraut-kriechend-Pflanze\" target=\"_blank\"><span style=\"text-decoration: underline\"><strong>kriechendes Bohnenkraut<\/strong><\/span><\/a>, <a href=\"https:\/\/www.kraeuter-und-duftpflanzen.de\/Nach-Verwendung\/Wuerzkraeuter\/Sonstige-Wuerzkraeuter\/Italienischer-Majoran-Pflanze\" target=\"_blank\"><span style=\"text-decoration: underline\"><strong>Italienischer Majoran<\/strong><\/span><\/a>, <a href=\"https:\/\/www.kraeuter-und-duftpflanzen.de\/Nach-Verwendung\/Kraeuter-fuer-Balkon-u.-Terrasse\/Zwerg-Currystrauch-Pflanze\" target=\"_blank\"><span style=\"text-decoration: underline\"><strong>Zwerg-Currystrauch<\/strong><\/span><\/a>,<a href=\"https:\/\/www.kraeuter-und-duftpflanzen.de\/search?sSearch= ANT02\" target=\"_blank\"><span style=\"text-decoration: underline\"><strong> Englische Rasenkamille<\/strong><\/span><\/a>, <a href=\"https:\/\/www.kraeuter-und-duftpflanzen.de\/Pflanzen-und-Saatgut\/Salbei-Suessholz\/Salbei-\/Purpursalbei-Pflanze\" target=\"_blank\"><span style=\"text-decoration: underline\"><strong>Purpursalbei<\/strong><\/span><\/a>, <a href=\"https:\/\/www.kraeuter-und-duftpflanzen.de\/Pflanzen-und-Saatgut\/Labkraut-Lungenkraut\/Lavendel\/Lavendel-Hidcote-Blue-Pflanze\" target=\"_blank\"><span style=\"text-decoration: underline\"><strong>Lavendel &#8218;Hidcote Blue&#8216;<\/strong><\/span><\/a><strong><br \/>\n<\/strong>und <a href=\"https:\/\/www.kraeuter-und-duftpflanzen.de\/Wuerzkraeuter\/Rosmarin\/Franzoesischer-Rosmarin-Pflanze\" target=\"_blank\"><span style=\"text-decoration: underline\"><strong>Franz\u00f6sischer Rosmarin<\/strong><\/span><\/a>.<\/p>\n<p><a href=\"https:\/\/blog.ruehlemanns.de\/wp-content\/uploads\/2014\/06\/gartenmoebel_4.jpg\"><img decoding=\"async\" class=\"alignnone size-full wp-image-3204\" src=\"https:\/\/blog.ruehlemanns.de\/wp-content\/uploads\/2014\/06\/gartenmoebel_4.jpg\" alt=\"gartenmoebel_4\" width=\"880\" height=\"600\" srcset=\"https:\/\/blog.ruehlemanns.de\/wp-content\/uploads\/2014\/06\/gartenmoebel_4.jpg 880w, https:\/\/blog.ruehlemanns.de\/wp-content\/uploads\/2014\/06\/gartenmoebel_4-300x204.jpg 300w, https:\/\/blog.ruehlemanns.de\/wp-content\/uploads\/2014\/06\/gartenmoebel_4-440x300.jpg 440w\" sizes=\"(max-width: 880px) 100vw, 880px\" \/><\/a><\/p>\n<p>&#8211; \u2026 vielleicht steht ja fortan das eine oder andere M\u00f6belst\u00fcck nicht mehr ausrangiert an der Stra\u00dfe, sondern pflanzlich best\u00fcckt im eigenen Garten \ud83d\ude09<\/p>\n","protected":false},"excerpt":{"rendered":"<p>Ein Sofa der besonderen Art steht seit einiger Zeit im Direktverkauf der G\u00e4rtnerei &#8211; da erscheint der Begriff Gartenm\u00f6bel doch gleich in einem ganz anderen Licht. Nina spendete das urige M\u00f6belst\u00fcck, Bernd verwandelte es in ein wachsendes Kunstwerk, welches noch bis Ende September vor Ort bestaunt werden kann. Wie es dann wohl aussehen wird? Da [&hellip;]<\/p>\n","protected":false},"author":645,"featured_media":0,"comment_status":"open","ping_status":"open","sticky":false,"template":"","format":"standard","meta":{"site-sidebar-layout":"default","site-content-layout":"","ast-site-content-layout":"default","site-content-style":"default","site-sidebar-style":"default","ast-global-header-display":"","ast-banner-title-visibility":"","ast-main-header-display":"","ast-hfb-above-header-display":"","ast-hfb-below-header-display":"","ast-hfb-mobile-header-display":"","site-post-title":"","ast-breadcrumbs-content":"","ast-featured-img":"","footer-sml-layout":"","ast-disable-related-posts":"","theme-transparent-header-meta":"","adv-header-id-meta":"","stick-header-meta":"","header-above-stick-meta":"","header-main-stick-meta":"","header-below-stick-meta":"","astra-migrate-meta-layouts":"default","ast-page-background-enabled":"default","ast-page-background-meta":{"desktop":{"background-color":"var(--ast-global-color-4)","background-image":"","background-repeat":"repeat","background-position":"center center","background-size":"auto","background-attachment":"scroll","background-type":"","background-media":"","overlay-type":"","overlay-color":"","overlay-opacity":"","overlay-gradient":""},"tablet":{"background-color":"","background-image":"","background-repeat":"repeat","background-position":"center center","background-size":"auto","background-attachment":"scroll","background-type":"","background-media":"","overlay-type":"","overlay-color":"","overlay-opacity":"","overlay-gradient":""},"mobile":{"background-color":"","background-image":"","background-repeat":"repeat","background-position":"center center","background-size":"auto","background-attachment":"scroll","background-type":"","background-media":"","overlay-type":"","overlay-color":"","overlay-opacity":"","overlay-gradient":""}},"ast-content-background-meta":{"desktop":{"background-color":"var(--ast-global-color-5)","background-image":"","background-repeat":"repeat","background-position":"center center","background-size":"auto","background-attachment":"scroll","background-type":"","background-media":"","overlay-type":"","overlay-color":"","overlay-opacity":"","overlay-gradient":""},"tablet":{"background-color":"var(--ast-global-color-5)","background-image":"","background-repeat":"repeat","background-position":"center center","background-size":"auto","background-attachment":"scroll","background-type":"","background-media":"","overlay-type":"","overlay-color":"","overlay-opacity":"","overlay-gradient":""},"mobile":{"background-color":"var(--ast-global-color-5)","background-image":"","background-repeat":"repeat","background-position":"center center","background-size":"auto","background-attachment":"scroll","background-type":"","background-media":"","overlay-type":"","overlay-color":"","overlay-opacity":"","overlay-gradient":""}},"footnotes":""},"categories":[3,5,9],"tags":[],"class_list":["post-3201","post","type-post","status-publish","format-standard","hentry","category-duftpflanzen","category-allemein","category-allgemeines"],"_links":{"self":[{"href":"https:\/\/blog.ruehlemanns.de\/index.php?rest_route=\/wp\/v2\/posts\/3201","targetHints":{"allow":["GET"]}}],"collection":[{"href":"https:\/\/blog.ruehlemanns.de\/index.php?rest_route=\/wp\/v2\/posts"}],"about":[{"href":"https:\/\/blog.ruehlemanns.de\/index.php?rest_route=\/wp\/v2\/types\/post"}],"author":[{"embeddable":true,"href":"https:\/\/blog.ruehlemanns.de\/index.php?rest_route=\/wp\/v2\/users\/645"}],"replies":[{"embeddable":true,"href":"https:\/\/blog.ruehlemanns.de\/index.php?rest_route=%2Fwp%2Fv2%2Fcomments&post=3201"}],"version-history":[{"count":0,"href":"https:\/\/blog.ruehlemanns.de\/index.php?rest_route=\/wp\/v2\/posts\/3201\/revisions"}],"wp:attachment":[{"href":"https:\/\/blog.ruehlemanns.de\/index.php?rest_route=%2Fwp%2Fv2%2Fmedia&parent=3201"}],"wp:term":[{"taxonomy":"category","embeddable":true,"href":"https:\/\/blog.ruehlemanns.de\/index.php?rest_route=%2Fwp%2Fv2%2Fcategories&post=3201"},{"taxonomy":"post_tag","embeddable":true,"href":"https:\/\/blog.ruehlemanns.de\/index.php?rest_route=%2Fwp%2Fv2%2Ftags&post=3201"}],"curies":[{"name":"wp","href":"https:\/\/api.w.org\/{rel}","templated":true}]}}