{"id":3128,"date":"2014-05-08T11:16:02","date_gmt":"2014-05-08T10:16:02","guid":{"rendered":"http:\/\/blog.ruehlemanns.de\/?p=3128"},"modified":"2016-12-21T11:54:56","modified_gmt":"2016-12-21T10:54:56","slug":"fruehlingsblueten","status":"publish","type":"post","link":"https:\/\/blog.ruehlemanns.de\/?p=3128","title":{"rendered":"Fr\u00fchlingsbl\u00fcten"},"content":{"rendered":"<p>Bei uns im Norden zeigt der Fr\u00fchling gerade sein schaurig nasses Gesicht. F\u00fcr mich die beste Gelegenheit, um die Fr\u00fchlingsbl\u00fcten der letzten Wochen aus dem Hut zu zaubern.<a href=\"https:\/\/blog.ruehlemanns.de\/wp-content\/uploads\/2014\/05\/Fruehlingsblueten_collage.jpg\"><img fetchpriority=\"high\" decoding=\"async\" class=\"alignnone size-full wp-image-3129\" alt=\"Fruehlingsblueten_collage\" src=\"https:\/\/blog.ruehlemanns.de\/wp-content\/uploads\/2014\/05\/Fruehlingsblueten_collage.jpg\" width=\"880\" height=\"600\" srcset=\"https:\/\/blog.ruehlemanns.de\/wp-content\/uploads\/2014\/05\/Fruehlingsblueten_collage.jpg 880w, https:\/\/blog.ruehlemanns.de\/wp-content\/uploads\/2014\/05\/Fruehlingsblueten_collage-300x204.jpg 300w, https:\/\/blog.ruehlemanns.de\/wp-content\/uploads\/2014\/05\/Fruehlingsblueten_collage-440x300.jpg 440w\" sizes=\"(max-width: 880px) 100vw, 880px\" \/><\/a><\/p>\n<p style=\"text-align: center\">Und nat\u00fcrlich gibt&#8217;s auch wieder den Abspann mit den Einzeldarstellern:<br \/>\n<a href=\"https:\/\/blog.ruehlemanns.de\/wp-content\/uploads\/2014\/05\/fruehlingsblueten_14.jpg\"><img decoding=\"async\" class=\"alignnone size-full wp-image-3130\" alt=\"fruehlingsblueten_14\" src=\"https:\/\/blog.ruehlemanns.de\/wp-content\/uploads\/2014\/05\/fruehlingsblueten_14.jpg\" width=\"880\" height=\"600\" srcset=\"https:\/\/blog.ruehlemanns.de\/wp-content\/uploads\/2014\/05\/fruehlingsblueten_14.jpg 880w, https:\/\/blog.ruehlemanns.de\/wp-content\/uploads\/2014\/05\/fruehlingsblueten_14-300x204.jpg 300w, https:\/\/blog.ruehlemanns.de\/wp-content\/uploads\/2014\/05\/fruehlingsblueten_14-440x300.jpg 440w\" sizes=\"(max-width: 880px) 100vw, 880px\" \/><\/a><br \/>\n<a href=\"https:\/\/www.kraeuter-und-duftpflanzen.de\/Nach-Verwendung\/Haengeampeln\/Kaskadenthymian-aromatisch-Pflanze\" target=\"_blank\"><span style=\"text-decoration: underline\"><strong>Kaskadenthymian, aromatisch<\/strong><\/span><\/a><br \/>\n<a href=\"https:\/\/blog.ruehlemanns.de\/wp-content\/uploads\/2014\/05\/fruehlingsblueten_11.jpg\"><img decoding=\"async\" class=\"alignnone size-full wp-image-3131\" alt=\"fruehlingsblueten_11\" src=\"https:\/\/blog.ruehlemanns.de\/wp-content\/uploads\/2014\/05\/fruehlingsblueten_11.jpg\" width=\"880\" height=\"600\" srcset=\"https:\/\/blog.ruehlemanns.de\/wp-content\/uploads\/2014\/05\/fruehlingsblueten_11.jpg 880w, https:\/\/blog.ruehlemanns.de\/wp-content\/uploads\/2014\/05\/fruehlingsblueten_11-300x204.jpg 300w, https:\/\/blog.ruehlemanns.de\/wp-content\/uploads\/2014\/05\/fruehlingsblueten_11-440x300.jpg 440w\" sizes=\"(max-width: 880px) 100vw, 880px\" \/><\/a><br \/>\n<a href=\"https:\/\/www.kraeuter-und-duftpflanzen.de\/Nach-Verwendung\/Heilkraeuter\/Ayurvedische-Heilkraeuter\/Citraka-Indische-Bleiwurz-Pflanze\" target=\"_blank\"><span style=\"text-decoration: underline\"><strong>Citraka (Indische Bleiwurz)<\/strong><\/span><\/a><br \/>\n<a href=\"https:\/\/blog.ruehlemanns.de\/wp-content\/uploads\/2014\/05\/fruehlingsblueten_6.jpg\"><img loading=\"lazy\" decoding=\"async\" class=\"alignnone size-full wp-image-3132\" alt=\"fruehlingsblueten_6\" src=\"https:\/\/blog.ruehlemanns.de\/wp-content\/uploads\/2014\/05\/fruehlingsblueten_6.jpg\" width=\"880\" height=\"600\" srcset=\"https:\/\/blog.ruehlemanns.de\/wp-content\/uploads\/2014\/05\/fruehlingsblueten_6.jpg 880w, https:\/\/blog.ruehlemanns.de\/wp-content\/uploads\/2014\/05\/fruehlingsblueten_6-300x204.jpg 300w, https:\/\/blog.ruehlemanns.de\/wp-content\/uploads\/2014\/05\/fruehlingsblueten_6-440x300.jpg 440w\" sizes=\"(max-width: 880px) 100vw, 880px\" \/><\/a><br \/>\n<a href=\"https:\/\/www.kraeuter-und-duftpflanzen.de\/Nach-Verwendung\/Kraeuter-fuer-Balkon-u.-Terrasse\/Ananasblume-Saatgut\" target=\"_blank\"><span style=\"text-decoration: underline\"><strong>Ananasblume<\/strong><\/span><\/a><br \/>\n<a href=\"https:\/\/blog.ruehlemanns.de\/wp-content\/uploads\/2014\/05\/fruehlingsblueten_17.jpg\"><img loading=\"lazy\" decoding=\"async\" class=\"alignnone size-full wp-image-3133\" alt=\"fruehlingsblueten_17\" src=\"https:\/\/blog.ruehlemanns.de\/wp-content\/uploads\/2014\/05\/fruehlingsblueten_17.jpg\" width=\"880\" height=\"600\" srcset=\"https:\/\/blog.ruehlemanns.de\/wp-content\/uploads\/2014\/05\/fruehlingsblueten_17.jpg 880w, https:\/\/blog.ruehlemanns.de\/wp-content\/uploads\/2014\/05\/fruehlingsblueten_17-300x204.jpg 300w, https:\/\/blog.ruehlemanns.de\/wp-content\/uploads\/2014\/05\/fruehlingsblueten_17-440x300.jpg 440w\" sizes=\"(max-width: 880px) 100vw, 880px\" \/><\/a><br \/>\n<a href=\"https:\/\/www.kraeuter-und-duftpflanzen.de\/Nach-Verwendung\/Stauden\/mittlere-Stauden\/Agastache-Champagne-Pflanze\" target=\"_blank\"><span style=\"text-decoration: underline\"><strong>Agastache &#8218;Champagne&#8216;<\/strong><\/span><\/a><br \/>\n<a href=\"https:\/\/blog.ruehlemanns.de\/wp-content\/uploads\/2014\/05\/fruehlingsblueten_5.jpg\"><img loading=\"lazy\" decoding=\"async\" class=\"alignnone size-full wp-image-3134\" alt=\"fruehlingsblueten_5\" src=\"https:\/\/blog.ruehlemanns.de\/wp-content\/uploads\/2014\/05\/fruehlingsblueten_5.jpg\" width=\"880\" height=\"600\" srcset=\"https:\/\/blog.ruehlemanns.de\/wp-content\/uploads\/2014\/05\/fruehlingsblueten_5.jpg 880w, https:\/\/blog.ruehlemanns.de\/wp-content\/uploads\/2014\/05\/fruehlingsblueten_5-300x204.jpg 300w, https:\/\/blog.ruehlemanns.de\/wp-content\/uploads\/2014\/05\/fruehlingsblueten_5-440x300.jpg 440w\" sizes=\"(max-width: 880px) 100vw, 880px\" \/><\/a><br \/>\n<span style=\"text-decoration: underline\"><strong>Frauenwurzel<\/strong><\/span><br \/>\n<a href=\"https:\/\/blog.ruehlemanns.de\/wp-content\/uploads\/2014\/05\/fruehlingsblueten_15.jpg\"><img loading=\"lazy\" decoding=\"async\" class=\"alignnone size-full wp-image-3135\" alt=\"fruehlingsblueten_15\" src=\"https:\/\/blog.ruehlemanns.de\/wp-content\/uploads\/2014\/05\/fruehlingsblueten_15.jpg\" width=\"880\" height=\"600\" srcset=\"https:\/\/blog.ruehlemanns.de\/wp-content\/uploads\/2014\/05\/fruehlingsblueten_15.jpg 880w, https:\/\/blog.ruehlemanns.de\/wp-content\/uploads\/2014\/05\/fruehlingsblueten_15-300x204.jpg 300w, https:\/\/blog.ruehlemanns.de\/wp-content\/uploads\/2014\/05\/fruehlingsblueten_15-440x300.jpg 440w\" sizes=\"(max-width: 880px) 100vw, 880px\" \/><\/a><br \/>\n<a href=\"https:\/\/www.kraeuter-und-duftpflanzen.de\/Pflanzen-und-Saatgut\/FangFeng-Forsythie\/F-Einzelsorten\/Australische-Frangipani-Saatgut\" target=\"_blank\"><span style=\"text-decoration: underline\"><strong>Australische Frangipani<\/strong><\/span><\/a><br \/>\n<a href=\"https:\/\/blog.ruehlemanns.de\/wp-content\/uploads\/2014\/05\/fruehlingsblueten_13.jpg\"><img loading=\"lazy\" decoding=\"async\" class=\"alignnone size-full wp-image-3136\" alt=\"fruehlingsblueten_13\" src=\"https:\/\/blog.ruehlemanns.de\/wp-content\/uploads\/2014\/05\/fruehlingsblueten_13.jpg\" width=\"880\" height=\"600\" srcset=\"https:\/\/blog.ruehlemanns.de\/wp-content\/uploads\/2014\/05\/fruehlingsblueten_13.jpg 880w, https:\/\/blog.ruehlemanns.de\/wp-content\/uploads\/2014\/05\/fruehlingsblueten_13-300x204.jpg 300w, https:\/\/blog.ruehlemanns.de\/wp-content\/uploads\/2014\/05\/fruehlingsblueten_13-440x300.jpg 440w\" sizes=\"(max-width: 880px) 100vw, 880px\" \/><\/a><br \/>\n<a href=\"https:\/\/www.kraeuter-und-duftpflanzen.de\/Pflanzen-und-Saatgut\/Gagelstrauch-Guduchi\/Gamander\/Baumgamander-Pflanze\" target=\"_blank\"><span style=\"text-decoration: underline\"><strong>Baumgamander<\/strong><\/span><\/a><br \/>\n<a href=\"https:\/\/blog.ruehlemanns.de\/wp-content\/uploads\/2014\/05\/fruehlingsblueten_10.jpg\"><img loading=\"lazy\" decoding=\"async\" class=\"alignnone size-full wp-image-3137\" alt=\"fruehlingsblueten_10\" src=\"https:\/\/blog.ruehlemanns.de\/wp-content\/uploads\/2014\/05\/fruehlingsblueten_10.jpg\" width=\"880\" height=\"600\" srcset=\"https:\/\/blog.ruehlemanns.de\/wp-content\/uploads\/2014\/05\/fruehlingsblueten_10.jpg 880w, https:\/\/blog.ruehlemanns.de\/wp-content\/uploads\/2014\/05\/fruehlingsblueten_10-300x204.jpg 300w, https:\/\/blog.ruehlemanns.de\/wp-content\/uploads\/2014\/05\/fruehlingsblueten_10-440x300.jpg 440w\" sizes=\"(max-width: 880px) 100vw, 880px\" \/><\/a><br \/>\n<a href=\"https:\/\/www.kraeuter-und-duftpflanzen.de\/search?sSearch= SAN30\" target=\"_blank\"><span style=\"text-decoration: underline\"><strong>Sanikel<\/strong><\/span><\/a><br \/>\n<a href=\"https:\/\/blog.ruehlemanns.de\/wp-content\/uploads\/2014\/05\/fruehlingsblueten_9.jpg\"><img loading=\"lazy\" decoding=\"async\" class=\"alignnone size-full wp-image-3138\" alt=\"fruehlingsblueten_9\" src=\"https:\/\/blog.ruehlemanns.de\/wp-content\/uploads\/2014\/05\/fruehlingsblueten_9.jpg\" width=\"880\" height=\"600\" srcset=\"https:\/\/blog.ruehlemanns.de\/wp-content\/uploads\/2014\/05\/fruehlingsblueten_9.jpg 880w, https:\/\/blog.ruehlemanns.de\/wp-content\/uploads\/2014\/05\/fruehlingsblueten_9-300x204.jpg 300w, https:\/\/blog.ruehlemanns.de\/wp-content\/uploads\/2014\/05\/fruehlingsblueten_9-440x300.jpg 440w\" sizes=\"(max-width: 880px) 100vw, 880px\" \/><\/a><br \/>\n<a href=\"https:\/\/www.kraeuter-und-duftpflanzen.de\/Nach-Verwendung\/Heilkraeuter\/Europaeische-Heilkraeuter-TEM\/Groenlaendischer-Porst-Pflanze\" target=\"_blank\"><span style=\"text-decoration: underline\"><strong>Gr\u00f6nl\u00e4ndischer Porst<\/strong><\/span><\/a><br \/>\n<a href=\"https:\/\/blog.ruehlemanns.de\/wp-content\/uploads\/2014\/05\/fruehlingsblueten_81.jpg\"><img loading=\"lazy\" decoding=\"async\" class=\"alignnone size-full wp-image-3146\" alt=\"fruehlingsblueten_8\" src=\"https:\/\/blog.ruehlemanns.de\/wp-content\/uploads\/2014\/05\/fruehlingsblueten_81.jpg\" width=\"880\" height=\"600\" srcset=\"https:\/\/blog.ruehlemanns.de\/wp-content\/uploads\/2014\/05\/fruehlingsblueten_81.jpg 880w, https:\/\/blog.ruehlemanns.de\/wp-content\/uploads\/2014\/05\/fruehlingsblueten_81-300x204.jpg 300w, https:\/\/blog.ruehlemanns.de\/wp-content\/uploads\/2014\/05\/fruehlingsblueten_81-440x300.jpg 440w\" sizes=\"(max-width: 880px) 100vw, 880px\" \/><\/a><br \/>\n<a href=\"https:\/\/www.kraeuter-und-duftpflanzen.de\/Nach-Verwendung\/Teekraeuter\/Aroma-Teekraeuter\/Schopflavendel-Pflanze\" target=\"_blank\"><span style=\"text-decoration: underline\"><strong>Schopflavendel<\/strong><\/span><\/a><br \/>\n<a href=\"https:\/\/blog.ruehlemanns.de\/wp-content\/uploads\/2014\/05\/fruehlingsblueten_31.jpg\"><img loading=\"lazy\" decoding=\"async\" class=\"alignnone size-full wp-image-3147\" alt=\"fruehlingsblueten_3\" src=\"https:\/\/blog.ruehlemanns.de\/wp-content\/uploads\/2014\/05\/fruehlingsblueten_31.jpg\" width=\"880\" height=\"600\" srcset=\"https:\/\/blog.ruehlemanns.de\/wp-content\/uploads\/2014\/05\/fruehlingsblueten_31.jpg 880w, https:\/\/blog.ruehlemanns.de\/wp-content\/uploads\/2014\/05\/fruehlingsblueten_31-300x204.jpg 300w, https:\/\/blog.ruehlemanns.de\/wp-content\/uploads\/2014\/05\/fruehlingsblueten_31-440x300.jpg 440w\" sizes=\"(max-width: 880px) 100vw, 880px\" \/><\/a><br \/>\n<a href=\"https:\/\/www.kraeuter-und-duftpflanzen.de\/Nach-Verwendung\/Duftpflanzen\/Bluetendufter-\/Turiner-Waldmeister-Pflanze\" target=\"_blank\"><span style=\"text-decoration: underline\"><strong>Turiner Waldmeister<\/strong><\/span><\/a><br \/>\n<a href=\"https:\/\/blog.ruehlemanns.de\/wp-content\/uploads\/2014\/05\/fruehlingsblueten_121.jpg\"><img loading=\"lazy\" decoding=\"async\" class=\"alignnone size-full wp-image-3148\" alt=\"fruehlingsblueten_12\" src=\"https:\/\/blog.ruehlemanns.de\/wp-content\/uploads\/2014\/05\/fruehlingsblueten_121.jpg\" width=\"880\" height=\"600\" srcset=\"https:\/\/blog.ruehlemanns.de\/wp-content\/uploads\/2014\/05\/fruehlingsblueten_121.jpg 880w, https:\/\/blog.ruehlemanns.de\/wp-content\/uploads\/2014\/05\/fruehlingsblueten_121-300x204.jpg 300w, https:\/\/blog.ruehlemanns.de\/wp-content\/uploads\/2014\/05\/fruehlingsblueten_121-440x300.jpg 440w\" sizes=\"(max-width: 880px) 100vw, 880px\" \/><\/a><br \/>\n<a href=\"https:\/\/www.kraeuter-und-duftpflanzen.de\/Pflanzen-und-Saatgut\/Davana-Duftwicke\/Duft-Geranien\/Duftgeranie-Chocolate-Peppermint-Pflanze\" target=\"_blank\"><span style=\"text-decoration: underline\"><strong>Duftgeranie &#8218;Chocolate Peppermint&#8216;<\/strong><\/span><\/a><\/p>\n<p>Fr\u00fchling kann so sch\u00f6n sein!<\/p>\n","protected":false},"excerpt":{"rendered":"<p>Bei uns im Norden zeigt der Fr\u00fchling gerade sein schaurig nasses Gesicht. F\u00fcr mich die beste Gelegenheit, um die Fr\u00fchlingsbl\u00fcten der letzten Wochen aus dem Hut zu zaubern. Und nat\u00fcrlich gibt&#8217;s auch wieder den Abspann mit den Einzeldarstellern: Kaskadenthymian, aromatisch Citraka (Indische Bleiwurz) Ananasblume Agastache &#8218;Champagne&#8216; Frauenwurzel Australische Frangipani Baumgamander Sanikel Gr\u00f6nl\u00e4ndischer Porst Schopflavendel Turiner [&hellip;]<\/p>\n","protected":false},"author":645,"featured_media":0,"comment_status":"open","ping_status":"open","sticky":false,"template":"","format":"standard","meta":{"site-sidebar-layout":"default","site-content-layout":"","ast-site-content-layout":"default","site-content-style":"default","site-sidebar-style":"default","ast-global-header-display":"","ast-banner-title-visibility":"","ast-main-header-display":"","ast-hfb-above-header-display":"","ast-hfb-below-header-display":"","ast-hfb-mobile-header-display":"","site-post-title":"","ast-breadcrumbs-content":"","ast-featured-img":"","footer-sml-layout":"","ast-disable-related-posts":"","theme-transparent-header-meta":"","adv-header-id-meta":"","stick-header-meta":"","header-above-stick-meta":"","header-main-stick-meta":"","header-below-stick-meta":"","astra-migrate-meta-layouts":"default","ast-page-background-enabled":"default","ast-page-background-meta":{"desktop":{"background-color":"var(--ast-global-color-4)","background-image":"","background-repeat":"repeat","background-position":"center center","background-size":"auto","background-attachment":"scroll","background-type":"","background-media":"","overlay-type":"","overlay-color":"","overlay-opacity":"","overlay-gradient":""},"tablet":{"background-color":"","background-image":"","background-repeat":"repeat","background-position":"center center","background-size":"auto","background-attachment":"scroll","background-type":"","background-media":"","overlay-type":"","overlay-color":"","overlay-opacity":"","overlay-gradient":""},"mobile":{"background-color":"","background-image":"","background-repeat":"repeat","background-position":"center center","background-size":"auto","background-attachment":"scroll","background-type":"","background-media":"","overlay-type":"","overlay-color":"","overlay-opacity":"","overlay-gradient":""}},"ast-content-background-meta":{"desktop":{"background-color":"var(--ast-global-color-5)","background-image":"","background-repeat":"repeat","background-position":"center center","background-size":"auto","background-attachment":"scroll","background-type":"","background-media":"","overlay-type":"","overlay-color":"","overlay-opacity":"","overlay-gradient":""},"tablet":{"background-color":"var(--ast-global-color-5)","background-image":"","background-repeat":"repeat","background-position":"center center","background-size":"auto","background-attachment":"scroll","background-type":"","background-media":"","overlay-type":"","overlay-color":"","overlay-opacity":"","overlay-gradient":""},"mobile":{"background-color":"var(--ast-global-color-5)","background-image":"","background-repeat":"repeat","background-position":"center center","background-size":"auto","background-attachment":"scroll","background-type":"","background-media":"","overlay-type":"","overlay-color":"","overlay-opacity":"","overlay-gradient":""}},"footnotes":""},"categories":[3,9],"tags":[],"class_list":["post-3128","post","type-post","status-publish","format-standard","hentry","category-duftpflanzen","category-allgemeines"],"_links":{"self":[{"href":"https:\/\/blog.ruehlemanns.de\/index.php?rest_route=\/wp\/v2\/posts\/3128","targetHints":{"allow":["GET"]}}],"collection":[{"href":"https:\/\/blog.ruehlemanns.de\/index.php?rest_route=\/wp\/v2\/posts"}],"about":[{"href":"https:\/\/blog.ruehlemanns.de\/index.php?rest_route=\/wp\/v2\/types\/post"}],"author":[{"embeddable":true,"href":"https:\/\/blog.ruehlemanns.de\/index.php?rest_route=\/wp\/v2\/users\/645"}],"replies":[{"embeddable":true,"href":"https:\/\/blog.ruehlemanns.de\/index.php?rest_route=%2Fwp%2Fv2%2Fcomments&post=3128"}],"version-history":[{"count":0,"href":"https:\/\/blog.ruehlemanns.de\/index.php?rest_route=\/wp\/v2\/posts\/3128\/revisions"}],"wp:attachment":[{"href":"https:\/\/blog.ruehlemanns.de\/index.php?rest_route=%2Fwp%2Fv2%2Fmedia&parent=3128"}],"wp:term":[{"taxonomy":"category","embeddable":true,"href":"https:\/\/blog.ruehlemanns.de\/index.php?rest_route=%2Fwp%2Fv2%2Fcategories&post=3128"},{"taxonomy":"post_tag","embeddable":true,"href":"https:\/\/blog.ruehlemanns.de\/index.php?rest_route=%2Fwp%2Fv2%2Ftags&post=3128"}],"curies":[{"name":"wp","href":"https:\/\/api.w.org\/{rel}","templated":true}]}}