{"id":3018,"date":"2014-03-19T15:54:13","date_gmt":"2014-03-19T14:54:13","guid":{"rendered":"http:\/\/blog.ruehlemanns.de\/?p=3018"},"modified":"2014-03-19T21:01:06","modified_gmt":"2014-03-19T20:01:06","slug":"blueten-zum-fruehstueck","status":"publish","type":"post","link":"https:\/\/blog.ruehlemanns.de\/?p=3018","title":{"rendered":"Bl\u00fcten zum Fr\u00fchst\u00fcck"},"content":{"rendered":"<p><span style=\"font-family: Arial,sans-serif;\"><a href=\"https:\/\/blog.ruehlemanns.de\/wp-content\/uploads\/2014\/03\/veilchen_2.jpg\"><img fetchpriority=\"high\" decoding=\"async\" class=\"alignnone size-full wp-image-3019\" alt=\"veilchen_2\" src=\"https:\/\/blog.ruehlemanns.de\/wp-content\/uploads\/2014\/03\/veilchen_2.jpg\" width=\"880\" height=\"600\" srcset=\"https:\/\/blog.ruehlemanns.de\/wp-content\/uploads\/2014\/03\/veilchen_2.jpg 880w, https:\/\/blog.ruehlemanns.de\/wp-content\/uploads\/2014\/03\/veilchen_2-300x204.jpg 300w, https:\/\/blog.ruehlemanns.de\/wp-content\/uploads\/2014\/03\/veilchen_2-440x300.jpg 440w\" sizes=\"(max-width: 880px) 100vw, 880px\" \/><\/a><\/span><\/p>\n<p><a href=\"https:\/\/www.kraeuter-und-duftpflanzen.de\/Duftpflanzen\/Veilchen\" target=\"_blank\"><span style=\"text-decoration: underline;\"><strong>Duftveilchen<\/strong><\/span><\/a> machen ihrem Namen alle Ehre. Schon von weitem kann man sie erschnuppern, sobald sie ihre Bl\u00fcten \u00f6ffnen. Aber wussten Sie schon, dass sie auch k\u00f6stlich schmecken? Man kann die ganzen Bl\u00fcten nutzen (z.B. im Obstsalat) oder sie klein geschnitten als w\u00fcrzende Zutat verwenden (z.B. in Veilchenbutter). Ein ungew\u00f6hnlicher Farbtupfer sind sie allemal!<\/p>\n<p><a href=\"https:\/\/blog.ruehlemanns.de\/wp-content\/uploads\/2014\/03\/veilchen_3.jpg\"><img decoding=\"async\" class=\"alignnone size-full wp-image-3020\" alt=\"veilchen_3\" src=\"https:\/\/blog.ruehlemanns.de\/wp-content\/uploads\/2014\/03\/veilchen_3.jpg\" width=\"880\" height=\"600\" srcset=\"https:\/\/blog.ruehlemanns.de\/wp-content\/uploads\/2014\/03\/veilchen_3.jpg 880w, https:\/\/blog.ruehlemanns.de\/wp-content\/uploads\/2014\/03\/veilchen_3-300x204.jpg 300w, https:\/\/blog.ruehlemanns.de\/wp-content\/uploads\/2014\/03\/veilchen_3-440x300.jpg 440w\" sizes=\"(max-width: 880px) 100vw, 880px\" \/><\/a><\/p>\n<p><span style=\"font-family: Arial,sans-serif;\">Daniel konnte nicht widerstehen und zauberte eines Morgens einen bunten Obstsalat mit <a title=\"Parmaveilchen\" href=\"https:\/\/www.kraeuter-und-duftpflanzen.de\/Nach-Verwendung\/Stauden\/niedrige-Stauden\/Parmaveilchen-Pflanze\" target=\"_blank\"><span style=\"text-decoration: underline;\"><strong>Parmaveilchen<\/strong><\/span><span style=\"text-decoration: underline;\"><strong>bl\u00fcten<\/strong><\/span><\/a>:<\/span><\/p>\n<p><iframe src=\"\/\/player.vimeo.com\/video\/89489113\" height=\"326\" width=\"580\" allowfullscreen=\"\" frameborder=\"0\"><\/iframe><\/p>\n<p><strong><span style=\"font-family: Arial,sans-serif;\">D<\/span><span style=\"font-family: Arial,sans-serif;\">ie<\/span><span style=\"font-family: Arial,sans-serif;\"> Rezept<\/span><span style=\"font-family: Arial,sans-serif;\">e<\/span><span style=\"font-family: Arial,sans-serif;\">:<br \/>\nObstsalat mit Parmaveilchenbl\u00fcten <\/span><\/strong><span style=\"font-family: Arial,sans-serif;\">(auch zu finden auf Katalogseite 310)<br \/>\n<a href=\"https:\/\/blog.ruehlemanns.de\/wp-content\/uploads\/2014\/03\/veilchen_5.jpg\"><img decoding=\"async\" class=\"alignnone size-full wp-image-3021\" alt=\"veilchen_5\" src=\"https:\/\/blog.ruehlemanns.de\/wp-content\/uploads\/2014\/03\/veilchen_5.jpg\" width=\"880\" height=\"600\" srcset=\"https:\/\/blog.ruehlemanns.de\/wp-content\/uploads\/2014\/03\/veilchen_5.jpg 880w, https:\/\/blog.ruehlemanns.de\/wp-content\/uploads\/2014\/03\/veilchen_5-300x204.jpg 300w, https:\/\/blog.ruehlemanns.de\/wp-content\/uploads\/2014\/03\/veilchen_5-440x300.jpg 440w\" sizes=\"(max-width: 880px) 100vw, 880px\" \/><\/a><br \/>\n<\/span><\/p>\n<p><span style=\"font-family: Arial,sans-serif;\">Zutaten: 2 gesch\u00e4lte Orangen, 1 Apfel mit Schale (Braeburn), 2 Bananen, ca. 200g kernlose Weintrauben, ca. 300g Honigmelone, 3 Kiwis, 1 ungespritzte Zitrone, Ahornsirup, Orangensaft nach Geschmack, eine handvoll Parmaveilchenbl\u00fcten.<\/span><\/p>\n<p><b>Zubereitung<\/b>: Obst in etwa 2 cm gro\u00dfe St\u00fccke schneiden. Mit Ahornsirup, Orangensaft und dem Saft und der geriebenen Schale einer Zitrone vermengen. Zum Schlu\u00df mit frischen Veilchenbl\u00fcten bestreuen.<br \/>\nDie Veilchenbl\u00fcten toppen den an sich schon leckeren Salat, denn sie haben einen Eigengeschmack, der die Entfaltung der anderen Aromen nicht st\u00f6rt! Falls Reste bleiben, so halten sie sich am besten wenn sie vollst\u00e4ndig mit Orangensaft bedeckt werden.<\/p>\n<p><strong><span style=\"font-family: Arial,sans-serif;\">Veilchenbutter<br \/>\n<a href=\"https:\/\/blog.ruehlemanns.de\/wp-content\/uploads\/2014\/03\/veilchen_6.jpg\"><img loading=\"lazy\" decoding=\"async\" class=\"alignnone size-full wp-image-3022\" alt=\"veilchen_6\" src=\"https:\/\/blog.ruehlemanns.de\/wp-content\/uploads\/2014\/03\/veilchen_6.jpg\" width=\"880\" height=\"600\" srcset=\"https:\/\/blog.ruehlemanns.de\/wp-content\/uploads\/2014\/03\/veilchen_6.jpg 880w, https:\/\/blog.ruehlemanns.de\/wp-content\/uploads\/2014\/03\/veilchen_6-300x204.jpg 300w, https:\/\/blog.ruehlemanns.de\/wp-content\/uploads\/2014\/03\/veilchen_6-440x300.jpg 440w\" sizes=\"(max-width: 880px) 100vw, 880px\" \/><\/a><br \/>\n<\/span><\/strong><\/p>\n<p><span style=\"font-family: Arial,sans-serif;\">Veilchenbl\u00fcten klein schneiden und unter die weiche Butter mengen. Mit Zucker und Salz abschmecken.<br \/>\nGeschmacklich ist die Veilchenbutter nicht mit der Intensit\u00e4t frischer Veilchen zu vergleichen. Es empfiehlt sich von daher, die Butter mit frischen Veilchen zu garnieren.<\/span><\/p>\n<p><strong>Guten Appetit!<\/strong><br \/>\n<a href=\"https:\/\/blog.ruehlemanns.de\/wp-content\/uploads\/2014\/03\/veilchen_8.jpg\"><img loading=\"lazy\" decoding=\"async\" class=\"alignnone size-full wp-image-3023\" alt=\"veilchen_8\" src=\"https:\/\/blog.ruehlemanns.de\/wp-content\/uploads\/2014\/03\/veilchen_8.jpg\" width=\"880\" height=\"600\" srcset=\"https:\/\/blog.ruehlemanns.de\/wp-content\/uploads\/2014\/03\/veilchen_8.jpg 880w, https:\/\/blog.ruehlemanns.de\/wp-content\/uploads\/2014\/03\/veilchen_8-300x204.jpg 300w, https:\/\/blog.ruehlemanns.de\/wp-content\/uploads\/2014\/03\/veilchen_8-440x300.jpg 440w\" sizes=\"(max-width: 880px) 100vw, 880px\" \/><\/a><\/p>\n","protected":false},"excerpt":{"rendered":"<p>Duftveilchen machen ihrem Namen alle Ehre. Schon von weitem kann man sie erschnuppern, sobald sie ihre Bl\u00fcten \u00f6ffnen. Aber wussten Sie schon, dass sie auch k\u00f6stlich schmecken? Man kann die ganzen Bl\u00fcten nutzen (z.B. im Obstsalat) oder sie klein geschnitten als w\u00fcrzende Zutat verwenden (z.B. in Veilchenbutter). Ein ungew\u00f6hnlicher Farbtupfer sind sie allemal! Daniel konnte [&hellip;]<\/p>\n","protected":false},"author":645,"featured_media":0,"comment_status":"open","ping_status":"open","sticky":false,"template":"","format":"standard","meta":{"site-sidebar-layout":"default","site-content-layout":"","ast-site-content-layout":"default","site-content-style":"default","site-sidebar-style":"default","ast-global-header-display":"","ast-banner-title-visibility":"","ast-main-header-display":"","ast-hfb-above-header-display":"","ast-hfb-below-header-display":"","ast-hfb-mobile-header-display":"","site-post-title":"","ast-breadcrumbs-content":"","ast-featured-img":"","footer-sml-layout":"","ast-disable-related-posts":"","theme-transparent-header-meta":"","adv-header-id-meta":"","stick-header-meta":"","header-above-stick-meta":"","header-main-stick-meta":"","header-below-stick-meta":"","astra-migrate-meta-layouts":"default","ast-page-background-enabled":"default","ast-page-background-meta":{"desktop":{"background-color":"var(--ast-global-color-4)","background-image":"","background-repeat":"repeat","background-position":"center center","background-size":"auto","background-attachment":"scroll","background-type":"","background-media":"","overlay-type":"","overlay-color":"","overlay-opacity":"","overlay-gradient":""},"tablet":{"background-color":"","background-image":"","background-repeat":"repeat","background-position":"center center","background-size":"auto","background-attachment":"scroll","background-type":"","background-media":"","overlay-type":"","overlay-color":"","overlay-opacity":"","overlay-gradient":""},"mobile":{"background-color":"","background-image":"","background-repeat":"repeat","background-position":"center center","background-size":"auto","background-attachment":"scroll","background-type":"","background-media":"","overlay-type":"","overlay-color":"","overlay-opacity":"","overlay-gradient":""}},"ast-content-background-meta":{"desktop":{"background-color":"var(--ast-global-color-5)","background-image":"","background-repeat":"repeat","background-position":"center center","background-size":"auto","background-attachment":"scroll","background-type":"","background-media":"","overlay-type":"","overlay-color":"","overlay-opacity":"","overlay-gradient":""},"tablet":{"background-color":"var(--ast-global-color-5)","background-image":"","background-repeat":"repeat","background-position":"center center","background-size":"auto","background-attachment":"scroll","background-type":"","background-media":"","overlay-type":"","overlay-color":"","overlay-opacity":"","overlay-gradient":""},"mobile":{"background-color":"var(--ast-global-color-5)","background-image":"","background-repeat":"repeat","background-position":"center center","background-size":"auto","background-attachment":"scroll","background-type":"","background-media":"","overlay-type":"","overlay-color":"","overlay-opacity":"","overlay-gradient":""}},"footnotes":""},"categories":[3,102,10],"tags":[],"class_list":["post-3018","post","type-post","status-publish","format-standard","hentry","category-duftpflanzen","category-rezepte","category-videos"],"_links":{"self":[{"href":"https:\/\/blog.ruehlemanns.de\/index.php?rest_route=\/wp\/v2\/posts\/3018","targetHints":{"allow":["GET"]}}],"collection":[{"href":"https:\/\/blog.ruehlemanns.de\/index.php?rest_route=\/wp\/v2\/posts"}],"about":[{"href":"https:\/\/blog.ruehlemanns.de\/index.php?rest_route=\/wp\/v2\/types\/post"}],"author":[{"embeddable":true,"href":"https:\/\/blog.ruehlemanns.de\/index.php?rest_route=\/wp\/v2\/users\/645"}],"replies":[{"embeddable":true,"href":"https:\/\/blog.ruehlemanns.de\/index.php?rest_route=%2Fwp%2Fv2%2Fcomments&post=3018"}],"version-history":[{"count":0,"href":"https:\/\/blog.ruehlemanns.de\/index.php?rest_route=\/wp\/v2\/posts\/3018\/revisions"}],"wp:attachment":[{"href":"https:\/\/blog.ruehlemanns.de\/index.php?rest_route=%2Fwp%2Fv2%2Fmedia&parent=3018"}],"wp:term":[{"taxonomy":"category","embeddable":true,"href":"https:\/\/blog.ruehlemanns.de\/index.php?rest_route=%2Fwp%2Fv2%2Fcategories&post=3018"},{"taxonomy":"post_tag","embeddable":true,"href":"https:\/\/blog.ruehlemanns.de\/index.php?rest_route=%2Fwp%2Fv2%2Ftags&post=3018"}],"curies":[{"name":"wp","href":"https:\/\/api.w.org\/{rel}","templated":true}]}}