{"id":2900,"date":"2013-10-31T15:12:22","date_gmt":"2013-10-31T14:12:22","guid":{"rendered":"http:\/\/blog.ruehlemanns.de\/?p=2900"},"modified":"2013-11-01T10:28:37","modified_gmt":"2013-11-01T09:28:37","slug":"das-letzte-paket-ist-gepackt","status":"publish","type":"post","link":"https:\/\/blog.ruehlemanns.de\/?p=2900","title":{"rendered":"Das letzte Paket ist gepackt!"},"content":{"rendered":"<p>Gestern <span style=\"font-family: Arial,sans-serif;\">war es soweit: das letzte Pflanzenpaket der Saison 2013 wurde gepackt und auf den Weg gebracht. Nach dem Direktverkauf verabschiedet sich nun auch der Pflanzen-versand in die wohlverdiente Winterpause.<\/span><\/p>\n<p><a href=\"https:\/\/blog.ruehlemanns.de\/wp-content\/uploads\/2013\/10\/versand_h.jpg\"><img fetchpriority=\"high\" decoding=\"async\" class=\"alignnone size-full wp-image-2901\" alt=\"versand_h\" src=\"https:\/\/blog.ruehlemanns.de\/wp-content\/uploads\/2013\/10\/versand_h.jpg\" width=\"880\" height=\"600\" srcset=\"https:\/\/blog.ruehlemanns.de\/wp-content\/uploads\/2013\/10\/versand_h.jpg 880w, https:\/\/blog.ruehlemanns.de\/wp-content\/uploads\/2013\/10\/versand_h-300x204.jpg 300w, https:\/\/blog.ruehlemanns.de\/wp-content\/uploads\/2013\/10\/versand_h-440x300.jpg 440w\" sizes=\"(max-width: 880px) 100vw, 880px\" \/><\/a><\/p>\n<p>Und wie war sie nun, die erste Saison im neuen Haus? Hier ein kleiner R\u00fcckblick:<\/p>\n<p><span style=\"font-family: Arial,sans-serif;\"><strong>21.M\u00e4rz 2013<\/strong> \u2013 nur noch 5 Tage bis zum Saisonstart! Die Packtische werden in letzter Minute fertig und best\u00fcckt. Parallel dazu f\u00fcllt sich das Versandgew\u00e4chshaus. W\u00e4hrend drau\u00dfen die letzten Schneereste tauen, freuen wir uns drinnen \u00fcber bl\u00fchende Schl\u00fcsselblumen.<\/span><\/p>\n<p><a href=\"https:\/\/blog.ruehlemanns.de\/wp-content\/uploads\/2013\/10\/versand_f.jpg\"><img decoding=\"async\" class=\"alignnone size-full wp-image-2902\" alt=\"versand_f\" src=\"https:\/\/blog.ruehlemanns.de\/wp-content\/uploads\/2013\/10\/versand_f.jpg\" width=\"880\" height=\"600\" srcset=\"https:\/\/blog.ruehlemanns.de\/wp-content\/uploads\/2013\/10\/versand_f.jpg 880w, https:\/\/blog.ruehlemanns.de\/wp-content\/uploads\/2013\/10\/versand_f-300x204.jpg 300w, https:\/\/blog.ruehlemanns.de\/wp-content\/uploads\/2013\/10\/versand_f-440x300.jpg 440w\" sizes=\"(max-width: 880px) 100vw, 880px\" \/><\/a><br \/>\n<a href=\"https:\/\/blog.ruehlemanns.de\/wp-content\/uploads\/2013\/10\/versand_a.jpg\"><img decoding=\"async\" class=\"alignnone size-full wp-image-2903\" alt=\"versand_a\" src=\"https:\/\/blog.ruehlemanns.de\/wp-content\/uploads\/2013\/10\/versand_a.jpg\" width=\"880\" height=\"600\" srcset=\"https:\/\/blog.ruehlemanns.de\/wp-content\/uploads\/2013\/10\/versand_a.jpg 880w, https:\/\/blog.ruehlemanns.de\/wp-content\/uploads\/2013\/10\/versand_a-300x204.jpg 300w, https:\/\/blog.ruehlemanns.de\/wp-content\/uploads\/2013\/10\/versand_a-440x300.jpg 440w\" sizes=\"(max-width: 880px) 100vw, 880px\" \/><\/a><strong><\/strong><\/p>\n<p>4. Juni 2013 \u2013 Hochsaison im Versand! Das Versandteam packt und packt und packt \u2026 und freut sich \u00fcber einen Arbeitsplatz mit Aussicht ins Gr\u00fcne.<\/p>\n<p><a href=\"https:\/\/blog.ruehlemanns.de\/wp-content\/uploads\/2013\/10\/versand_e.jpg\"><img loading=\"lazy\" decoding=\"async\" class=\"alignnone size-full wp-image-2904\" alt=\"versand_e\" src=\"https:\/\/blog.ruehlemanns.de\/wp-content\/uploads\/2013\/10\/versand_e.jpg\" width=\"880\" height=\"600\" srcset=\"https:\/\/blog.ruehlemanns.de\/wp-content\/uploads\/2013\/10\/versand_e.jpg 880w, https:\/\/blog.ruehlemanns.de\/wp-content\/uploads\/2013\/10\/versand_e-300x204.jpg 300w, https:\/\/blog.ruehlemanns.de\/wp-content\/uploads\/2013\/10\/versand_e-440x300.jpg 440w\" sizes=\"(max-width: 880px) 100vw, 880px\" \/><\/a><br \/>\n<a href=\"https:\/\/blog.ruehlemanns.de\/wp-content\/uploads\/2013\/10\/versand_d.jpg\"><img loading=\"lazy\" decoding=\"async\" class=\"alignnone size-full wp-image-2905\" alt=\"versand_d\" src=\"https:\/\/blog.ruehlemanns.de\/wp-content\/uploads\/2013\/10\/versand_d.jpg\" width=\"880\" height=\"600\" srcset=\"https:\/\/blog.ruehlemanns.de\/wp-content\/uploads\/2013\/10\/versand_d.jpg 880w, https:\/\/blog.ruehlemanns.de\/wp-content\/uploads\/2013\/10\/versand_d-300x204.jpg 300w, https:\/\/blog.ruehlemanns.de\/wp-content\/uploads\/2013\/10\/versand_d-440x300.jpg 440w\" sizes=\"(max-width: 880px) 100vw, 880px\" \/><\/a><\/p>\n<p><strong>2. August 2013<\/strong> &#8211; Die Versandabteilung ist deutlich luftiger geworden! W\u00e4hrend die Kolleg(inn)en Runde um Runde drehen, wachsen die ersten Kletterpflanzen im Gew\u00e4chshaus nebenan der Sonne entgegen.<\/p>\n<p><a href=\"https:\/\/blog.ruehlemanns.de\/wp-content\/uploads\/2013\/10\/versand_b.jpg\"><img loading=\"lazy\" decoding=\"async\" class=\"alignnone size-full wp-image-2906\" alt=\"versand_b\" src=\"https:\/\/blog.ruehlemanns.de\/wp-content\/uploads\/2013\/10\/versand_b.jpg\" width=\"880\" height=\"600\" srcset=\"https:\/\/blog.ruehlemanns.de\/wp-content\/uploads\/2013\/10\/versand_b.jpg 880w, https:\/\/blog.ruehlemanns.de\/wp-content\/uploads\/2013\/10\/versand_b-300x204.jpg 300w, https:\/\/blog.ruehlemanns.de\/wp-content\/uploads\/2013\/10\/versand_b-440x300.jpg 440w\" sizes=\"(max-width: 880px) 100vw, 880px\" \/><\/a><br \/>\n<a href=\"https:\/\/blog.ruehlemanns.de\/wp-content\/uploads\/2013\/10\/versand_c.jpg\"><img loading=\"lazy\" decoding=\"async\" class=\"alignnone size-full wp-image-2907\" alt=\"versand_c\" src=\"https:\/\/blog.ruehlemanns.de\/wp-content\/uploads\/2013\/10\/versand_c.jpg\" width=\"880\" height=\"600\" srcset=\"https:\/\/blog.ruehlemanns.de\/wp-content\/uploads\/2013\/10\/versand_c.jpg 880w, https:\/\/blog.ruehlemanns.de\/wp-content\/uploads\/2013\/10\/versand_c-300x204.jpg 300w, https:\/\/blog.ruehlemanns.de\/wp-content\/uploads\/2013\/10\/versand_c-440x300.jpg 440w\" sizes=\"(max-width: 880px) 100vw, 880px\" \/><\/a><\/p>\n<p><strong>28. Oktober 2013<\/strong> \u2013 Auch die neu entstandene Arbeitshalle der Kulturabteilung bietet deutlich mehr Platz und Raum. Nachdem der erste Herbststurm wieder abgezogen ist, entsteht eine fast sommerliche Atmosph\u00e4re \u2013 nur die langen Schatten und das leuchtende Farbenspiel der Pflanzen zeugen vom l\u00e4ngst angekommenen Herbst.<\/p>\n<p><a href=\"https:\/\/blog.ruehlemanns.de\/wp-content\/uploads\/2013\/10\/versand_g.jpg\"><img loading=\"lazy\" decoding=\"async\" class=\"alignnone size-full wp-image-2908\" alt=\"versand_g\" src=\"https:\/\/blog.ruehlemanns.de\/wp-content\/uploads\/2013\/10\/versand_g.jpg\" width=\"880\" height=\"600\" srcset=\"https:\/\/blog.ruehlemanns.de\/wp-content\/uploads\/2013\/10\/versand_g.jpg 880w, https:\/\/blog.ruehlemanns.de\/wp-content\/uploads\/2013\/10\/versand_g-300x204.jpg 300w, https:\/\/blog.ruehlemanns.de\/wp-content\/uploads\/2013\/10\/versand_g-440x300.jpg 440w\" sizes=\"(max-width: 880px) 100vw, 880px\" \/><\/a><br \/>\n<a href=\"https:\/\/blog.ruehlemanns.de\/wp-content\/uploads\/2013\/10\/versand_i.jpg\"><img loading=\"lazy\" decoding=\"async\" class=\"alignnone size-full wp-image-2909\" alt=\"versand_i\" src=\"https:\/\/blog.ruehlemanns.de\/wp-content\/uploads\/2013\/10\/versand_i.jpg\" width=\"880\" height=\"600\" srcset=\"https:\/\/blog.ruehlemanns.de\/wp-content\/uploads\/2013\/10\/versand_i.jpg 880w, https:\/\/blog.ruehlemanns.de\/wp-content\/uploads\/2013\/10\/versand_i-300x204.jpg 300w, https:\/\/blog.ruehlemanns.de\/wp-content\/uploads\/2013\/10\/versand_i-440x300.jpg 440w\" sizes=\"(max-width: 880px) 100vw, 880px\" \/><\/a><\/p>\n<p><strong>31. Oktober 2013<\/strong> &#8211; Ein Tipp f\u00fcr alle, die schon jetzt vom n\u00e4chsten Gartenjahr tr\u00e4umen:<br \/>\nAb sofort werden Pflanzenbestellungen f\u00fcr die Saison 2014 angenommen &#8211; der Versand der Pflanzen startet dann wieder am 24. M\u00e4rz 2014.<\/p>\n<p><span style=\"font-family: Arial,sans-serif;\">Wem das entschieden zu lange dauert &#8230; \u2013 Saatgut wird ganzj\u00e4hrig versandt \ud83d\ude09<\/span><\/p>\n<p>&nbsp;<\/p>\n","protected":false},"excerpt":{"rendered":"<p>Gestern war es soweit: das letzte Pflanzenpaket der Saison 2013 wurde gepackt und auf den Weg gebracht. Nach dem Direktverkauf verabschiedet sich nun auch der Pflanzen-versand in die wohlverdiente Winterpause. Und wie war sie nun, die erste Saison im neuen Haus? Hier ein kleiner R\u00fcckblick: 21.M\u00e4rz 2013 \u2013 nur noch 5 Tage bis zum Saisonstart! [&hellip;]<\/p>\n","protected":false},"author":645,"featured_media":0,"comment_status":"open","ping_status":"open","sticky":false,"template":"","format":"standard","meta":{"site-sidebar-layout":"default","site-content-layout":"","ast-site-content-layout":"default","site-content-style":"default","site-sidebar-style":"default","ast-global-header-display":"","ast-banner-title-visibility":"","ast-main-header-display":"","ast-hfb-above-header-display":"","ast-hfb-below-header-display":"","ast-hfb-mobile-header-display":"","site-post-title":"","ast-breadcrumbs-content":"","ast-featured-img":"","footer-sml-layout":"","ast-disable-related-posts":"","theme-transparent-header-meta":"","adv-header-id-meta":"","stick-header-meta":"","header-above-stick-meta":"","header-main-stick-meta":"","header-below-stick-meta":"","astra-migrate-meta-layouts":"default","ast-page-background-enabled":"default","ast-page-background-meta":{"desktop":{"background-color":"var(--ast-global-color-4)","background-image":"","background-repeat":"repeat","background-position":"center center","background-size":"auto","background-attachment":"scroll","background-type":"","background-media":"","overlay-type":"","overlay-color":"","overlay-opacity":"","overlay-gradient":""},"tablet":{"background-color":"","background-image":"","background-repeat":"repeat","background-position":"center center","background-size":"auto","background-attachment":"scroll","background-type":"","background-media":"","overlay-type":"","overlay-color":"","overlay-opacity":"","overlay-gradient":""},"mobile":{"background-color":"","background-image":"","background-repeat":"repeat","background-position":"center center","background-size":"auto","background-attachment":"scroll","background-type":"","background-media":"","overlay-type":"","overlay-color":"","overlay-opacity":"","overlay-gradient":""}},"ast-content-background-meta":{"desktop":{"background-color":"var(--ast-global-color-5)","background-image":"","background-repeat":"repeat","background-position":"center center","background-size":"auto","background-attachment":"scroll","background-type":"","background-media":"","overlay-type":"","overlay-color":"","overlay-opacity":"","overlay-gradient":""},"tablet":{"background-color":"var(--ast-global-color-5)","background-image":"","background-repeat":"repeat","background-position":"center center","background-size":"auto","background-attachment":"scroll","background-type":"","background-media":"","overlay-type":"","overlay-color":"","overlay-opacity":"","overlay-gradient":""},"mobile":{"background-color":"var(--ast-global-color-5)","background-image":"","background-repeat":"repeat","background-position":"center center","background-size":"auto","background-attachment":"scroll","background-type":"","background-media":"","overlay-type":"","overlay-color":"","overlay-opacity":"","overlay-gradient":""}},"footnotes":""},"categories":[139,5],"tags":[],"class_list":["post-2900","post","type-post","status-publish","format-standard","hentry","category-bauprojekt-2012","category-allemein"],"_links":{"self":[{"href":"https:\/\/blog.ruehlemanns.de\/index.php?rest_route=\/wp\/v2\/posts\/2900","targetHints":{"allow":["GET"]}}],"collection":[{"href":"https:\/\/blog.ruehlemanns.de\/index.php?rest_route=\/wp\/v2\/posts"}],"about":[{"href":"https:\/\/blog.ruehlemanns.de\/index.php?rest_route=\/wp\/v2\/types\/post"}],"author":[{"embeddable":true,"href":"https:\/\/blog.ruehlemanns.de\/index.php?rest_route=\/wp\/v2\/users\/645"}],"replies":[{"embeddable":true,"href":"https:\/\/blog.ruehlemanns.de\/index.php?rest_route=%2Fwp%2Fv2%2Fcomments&post=2900"}],"version-history":[{"count":0,"href":"https:\/\/blog.ruehlemanns.de\/index.php?rest_route=\/wp\/v2\/posts\/2900\/revisions"}],"wp:attachment":[{"href":"https:\/\/blog.ruehlemanns.de\/index.php?rest_route=%2Fwp%2Fv2%2Fmedia&parent=2900"}],"wp:term":[{"taxonomy":"category","embeddable":true,"href":"https:\/\/blog.ruehlemanns.de\/index.php?rest_route=%2Fwp%2Fv2%2Fcategories&post=2900"},{"taxonomy":"post_tag","embeddable":true,"href":"https:\/\/blog.ruehlemanns.de\/index.php?rest_route=%2Fwp%2Fv2%2Ftags&post=2900"}],"curies":[{"name":"wp","href":"https:\/\/api.w.org\/{rel}","templated":true}]}}