{"id":270,"date":"2008-10-01T12:43:33","date_gmt":"2008-10-01T10:43:33","guid":{"rendered":"http:\/\/blog.ruehlemanns.de\/?p=270"},"modified":"2008-10-01T12:43:33","modified_gmt":"2008-10-01T10:43:33","slug":"seminar-duftstrausse-aus-dem-eigenen-garten","status":"publish","type":"post","link":"https:\/\/blog.ruehlemanns.de\/?p=270","title":{"rendered":"Seminar: &#8222;Duftstr\u00e4u\u00dfe aus dem eigenen Garten&#8220;"},"content":{"rendered":"<p>Viele haben es schon einmal probiert und meist ist das Endergebnis sch\u00f6n und bunt, aber doch recht chaotisch. Was ist also der Trick beim Strau\u00dfbinden? Wie verwirkliche ich meine Ideen?<br \/>\nAuf diese Fragen hatte Tobias auf seinem Seminar Antworten parat. <\/p>\n<p>Die &#8211; auf keinen Fall graue &#8211; Theorie ermutigte uns. So ist streng genommen bereits ein B\u00fcndel aus getrocknetem Lavendel ein Strau\u00df, juchuh, das f\u00e4ngt ja sehr gut an :-). Wir lernten eine Menge z.B. \u00fcber m\u00f6gliche Gestaltungsstile.<br \/>\nAuf einem sonnigen Rundgang durch die G\u00e4rtnerei hatte jeder ausgiebig Zeit, sich hier und da mit gen\u00fcgend Material f\u00fcr die Praxis auszustatten. Jeder bekam eine Schere und ruckzuck waren die Eimer gef\u00fcllt mit bunten Farbtupfen am gr\u00fcnen Kraut.<br \/>\nJetzt noch das Schnittgut vor sich auf dem Tisch sortieren, das Gr\u00fcn sehr grossz\u00fcgig vom Stengel entfernen und LOS GEHT`S!<\/p>\n<p><a href='https:\/\/blog.ruehlemanns.de\/wp-content\/uploads\/2008\/10\/seminar-krauterstrauss_20080831-153505-005.jpg'><img fetchpriority=\"high\" decoding=\"async\" src=\"https:\/\/blog.ruehlemanns.de\/wp-content\/uploads\/2008\/10\/seminar-krauterstrauss_20080831-153505-005-450x337.jpg\" alt=\"\" title=\"Emsiges Treiben\" width=\"450\" height=\"337\" class=\"aligncenter size-medium wp-image-271\" \/><\/a><\/p>\n<p><a href='https:\/\/blog.ruehlemanns.de\/wp-content\/uploads\/2008\/10\/seminar-krauterstrauss_20080831-154016-014.jpg'><img decoding=\"async\" src=\"https:\/\/blog.ruehlemanns.de\/wp-content\/uploads\/2008\/10\/seminar-krauterstrauss_20080831-154016-014-450x337.jpg\" alt=\"\" title=\"Mit Spa\u00df bei der Sache\" width=\"450\" height=\"337\" class=\"aligncenter size-medium wp-image-273\" \/><\/a><\/p>\n<p><a href='https:\/\/blog.ruehlemanns.de\/wp-content\/uploads\/2008\/10\/seminar-krauterstrauss_20080831-154132-019.jpg'><img decoding=\"async\" src=\"https:\/\/blog.ruehlemanns.de\/wp-content\/uploads\/2008\/10\/seminar-krauterstrauss_20080831-154132-019-450x600.jpg\" alt=\"\" title=\"Aller Anfang ist bunt\" width=\"450\" height=\"600\" class=\"aligncenter size-medium wp-image-274\" \/><\/a><\/p>\n<p><strong>Die goldene Regel schlechthin:<\/strong> Die Stile werden beim binden immer in eine Richtung gelegt. Da der entstehende Strau\u00df mitgedreht wird, sind die Stile so spiralig angeordnet. Sie d\u00fcrfen sie nie \u00fcberkreuzen. Ich finde, die Handhaltung sieht doch schon echt ge\u00fcbt aus, oder \ud83d\ude09 ?<\/p>\n<p><a href='https:\/\/blog.ruehlemanns.de\/wp-content\/uploads\/2008\/10\/seminar-krauterstrauss_20080831-153754-010.jpg'><img loading=\"lazy\" decoding=\"async\" src=\"https:\/\/blog.ruehlemanns.de\/wp-content\/uploads\/2008\/10\/seminar-krauterstrauss_20080831-153754-010-450x600.jpg\" alt=\"\" title=\"Nur nicht kreuzen!\" width=\"450\" height=\"600\" class=\"aligncenter size-medium wp-image-272\" \/><\/a><\/p>\n<p>Selbstverst\u00e4ndlich stand Tobias allen mit Rat und Tat und super Tips zur Seite. <\/p>\n<p><a href='https:\/\/blog.ruehlemanns.de\/wp-content\/uploads\/2008\/10\/seminar-krauterstrauss_20080831-154755-031.jpg'><img loading=\"lazy\" decoding=\"async\" src=\"https:\/\/blog.ruehlemanns.de\/wp-content\/uploads\/2008\/10\/seminar-krauterstrauss_20080831-154755-031-450x337.jpg\" alt=\"\" title=\"Das sieht schon sehr gut aus!\" width=\"450\" height=\"337\" class=\"aligncenter size-medium wp-image-276\" \/><\/a><br \/>\nEt voil\u00e0:<\/p>\n<p><a href='https:\/\/blog.ruehlemanns.de\/wp-content\/uploads\/2008\/10\/seminar-krauterstrauss_20080831-154327-022.jpg'><img loading=\"lazy\" decoding=\"async\" src=\"https:\/\/blog.ruehlemanns.de\/wp-content\/uploads\/2008\/10\/seminar-krauterstrauss_20080831-154327-022-450x600.jpg\" alt=\"\" title=\"Na, das ist doch wohl ein voller Erfolg!\" width=\"450\" height=\"600\" class=\"aligncenter size-medium wp-image-275\" \/><\/a><\/p>\n<p>Nachdem auch die letzten H\u00e4lmchen erfolgreich ihren Weg in wundersch\u00f6ne Str\u00e4u\u00dfe fanden, bewunderten alle das Gesamtwerk.<\/p>\n<p><a href='https:\/\/blog.ruehlemanns.de\/wp-content\/uploads\/2008\/10\/seminar-krauterstrauss_20080831-160650-072.jpg'><img loading=\"lazy\" decoding=\"async\" src=\"https:\/\/blog.ruehlemanns.de\/wp-content\/uploads\/2008\/10\/seminar-krauterstrauss_20080831-160650-072-450x223.jpg\" alt=\"\" title=\"Die Strau\u00df-Pr\u00e4sentation\" width=\"450\" height=\"223\" class=\"aligncenter size-medium wp-image-277\" \/><\/a><\/p>\n<p>Grosse Str\u00e4u\u00dfe, kleine Str\u00e4u\u00dfe, bunte Str\u00e4u\u00dfe, einfarbige Str\u00e4u\u00dfe&#8230;alles dabei!<\/p>\n<p><a href='https:\/\/blog.ruehlemanns.de\/wp-content\/uploads\/2008\/10\/seminar-krauterstrauss_20080831-162803-110.jpg'><img loading=\"lazy\" decoding=\"async\" src=\"https:\/\/blog.ruehlemanns.de\/wp-content\/uploads\/2008\/10\/seminar-krauterstrauss_20080831-162803-110-450x337.jpg\" alt=\"\" title=\"Viele sch\u00f6ne Strauss-Ideen\" width=\"450\" height=\"337\" class=\"aligncenter size-medium wp-image-282\" \/><\/a><\/p>\n<p>Den Strau\u00df mit Minichilis einzufassen war eine tolle Idee!<\/p>\n<p><a href='https:\/\/blog.ruehlemanns.de\/wp-content\/uploads\/2008\/10\/seminar-krauterstrauss_20080831-161525-080.jpg'><img loading=\"lazy\" decoding=\"async\" src=\"https:\/\/blog.ruehlemanns.de\/wp-content\/uploads\/2008\/10\/seminar-krauterstrauss_20080831-161525-080-450x600.jpg\" alt=\"\" title=\"Ein echt scharfer Strau\u00df!\" width=\"450\" height=\"600\" class=\"aligncenter size-medium wp-image-278\" \/><\/a><\/p>\n<p>Ein s\u00fc\u00dfes kleines, klassisch rund gebundenes Exemplar:<\/p>\n<p><a href='https:\/\/blog.ruehlemanns.de\/wp-content\/uploads\/2008\/10\/seminar-krauterstrauss_20080831-161837-091.jpg'><img loading=\"lazy\" decoding=\"async\" src=\"https:\/\/blog.ruehlemanns.de\/wp-content\/uploads\/2008\/10\/seminar-krauterstrauss_20080831-161837-091-450x600.jpg\" alt=\"\" title=\"Klein, s\u00fc\u00df und orange\" width=\"450\" height=\"600\" class=\"aligncenter size-medium wp-image-279\" \/><\/a><\/p>\n<p>Hier eine moderne Variante:<\/p>\n<p><a href='https:\/\/blog.ruehlemanns.de\/wp-content\/uploads\/2008\/10\/seminar-krauterstrauss_20080831-162008-095.jpg'><img loading=\"lazy\" decoding=\"async\" src=\"https:\/\/blog.ruehlemanns.de\/wp-content\/uploads\/2008\/10\/seminar-krauterstrauss_20080831-162008-095-450x600.jpg\" alt=\"\" title=\"...und hier mal aufgestockt...\" width=\"450\" height=\"600\" class=\"aligncenter size-medium wp-image-280\" \/><\/a><\/p>\n<p>Und es gab auch gleich Anregungen f\u00fcr die Dekoration:<\/p>\n<p><a href='https:\/\/blog.ruehlemanns.de\/wp-content\/uploads\/2008\/10\/seminar-krauterstrauss_20080831-162513-105.jpg'><img loading=\"lazy\" decoding=\"async\" src=\"https:\/\/blog.ruehlemanns.de\/wp-content\/uploads\/2008\/10\/seminar-krauterstrauss_20080831-162513-105-450x600.jpg\" alt=\"\" title=\"Eine Strau\u00df-Idylle\" width=\"450\" height=\"600\" class=\"aligncenter size-medium wp-image-281\" \/><\/a><\/p>\n<p>Wir sind uns einig: Tobias hat uns einen motivierten, inspirierten, kunterbunten, gut gelaunten und sehr erfolgreichen Tag beschert. Vielen Dank!<\/p>\n<p>Ihre Simone<\/p>\n<p class=\"fotonachweis\">Fotos: R\u00fchlemann\u00b4s<\/p>\n","protected":false},"excerpt":{"rendered":"<p>Viele haben es schon einmal probiert und meist ist das Endergebnis sch\u00f6n und bunt, aber doch recht chaotisch. Was ist also der Trick beim Strau\u00dfbinden? Wie verwirkliche ich meine Ideen? Auf diese Fragen hatte Tobias auf seinem Seminar Antworten parat. Die &#8211; auf keinen Fall graue &#8211; Theorie ermutigte uns. So ist streng genommen bereits [&hellip;]<\/p>\n","protected":false},"author":604,"featured_media":0,"comment_status":"open","ping_status":"open","sticky":false,"template":"","format":"standard","meta":{"site-sidebar-layout":"default","site-content-layout":"","ast-site-content-layout":"default","site-content-style":"default","site-sidebar-style":"default","ast-global-header-display":"","ast-banner-title-visibility":"","ast-main-header-display":"","ast-hfb-above-header-display":"","ast-hfb-below-header-display":"","ast-hfb-mobile-header-display":"","site-post-title":"","ast-breadcrumbs-content":"","ast-featured-img":"","footer-sml-layout":"","ast-disable-related-posts":"","theme-transparent-header-meta":"","adv-header-id-meta":"","stick-header-meta":"","header-above-stick-meta":"","header-main-stick-meta":"","header-below-stick-meta":"","astra-migrate-meta-layouts":"default","ast-page-background-enabled":"default","ast-page-background-meta":{"desktop":{"background-color":"var(--ast-global-color-4)","background-image":"","background-repeat":"repeat","background-position":"center center","background-size":"auto","background-attachment":"scroll","background-type":"","background-media":"","overlay-type":"","overlay-color":"","overlay-opacity":"","overlay-gradient":""},"tablet":{"background-color":"","background-image":"","background-repeat":"repeat","background-position":"center center","background-size":"auto","background-attachment":"scroll","background-type":"","background-media":"","overlay-type":"","overlay-color":"","overlay-opacity":"","overlay-gradient":""},"mobile":{"background-color":"","background-image":"","background-repeat":"repeat","background-position":"center center","background-size":"auto","background-attachment":"scroll","background-type":"","background-media":"","overlay-type":"","overlay-color":"","overlay-opacity":"","overlay-gradient":""}},"ast-content-background-meta":{"desktop":{"background-color":"var(--ast-global-color-5)","background-image":"","background-repeat":"repeat","background-position":"center center","background-size":"auto","background-attachment":"scroll","background-type":"","background-media":"","overlay-type":"","overlay-color":"","overlay-opacity":"","overlay-gradient":""},"tablet":{"background-color":"var(--ast-global-color-5)","background-image":"","background-repeat":"repeat","background-position":"center center","background-size":"auto","background-attachment":"scroll","background-type":"","background-media":"","overlay-type":"","overlay-color":"","overlay-opacity":"","overlay-gradient":""},"mobile":{"background-color":"var(--ast-global-color-5)","background-image":"","background-repeat":"repeat","background-position":"center center","background-size":"auto","background-attachment":"scroll","background-type":"","background-media":"","overlay-type":"","overlay-color":"","overlay-opacity":"","overlay-gradient":""}},"footnotes":""},"categories":[3,9],"tags":[37,110],"class_list":["post-270","post","type-post","status-publish","format-standard","hentry","category-duftpflanzen","category-allgemeines","tag-duftstrausse","tag-seminare"],"_links":{"self":[{"href":"https:\/\/blog.ruehlemanns.de\/index.php?rest_route=\/wp\/v2\/posts\/270","targetHints":{"allow":["GET"]}}],"collection":[{"href":"https:\/\/blog.ruehlemanns.de\/index.php?rest_route=\/wp\/v2\/posts"}],"about":[{"href":"https:\/\/blog.ruehlemanns.de\/index.php?rest_route=\/wp\/v2\/types\/post"}],"author":[{"embeddable":true,"href":"https:\/\/blog.ruehlemanns.de\/index.php?rest_route=\/wp\/v2\/users\/604"}],"replies":[{"embeddable":true,"href":"https:\/\/blog.ruehlemanns.de\/index.php?rest_route=%2Fwp%2Fv2%2Fcomments&post=270"}],"version-history":[{"count":0,"href":"https:\/\/blog.ruehlemanns.de\/index.php?rest_route=\/wp\/v2\/posts\/270\/revisions"}],"wp:attachment":[{"href":"https:\/\/blog.ruehlemanns.de\/index.php?rest_route=%2Fwp%2Fv2%2Fmedia&parent=270"}],"wp:term":[{"taxonomy":"category","embeddable":true,"href":"https:\/\/blog.ruehlemanns.de\/index.php?rest_route=%2Fwp%2Fv2%2Fcategories&post=270"},{"taxonomy":"post_tag","embeddable":true,"href":"https:\/\/blog.ruehlemanns.de\/index.php?rest_route=%2Fwp%2Fv2%2Ftags&post=270"}],"curies":[{"name":"wp","href":"https:\/\/api.w.org\/{rel}","templated":true}]}}