{"id":2698,"date":"2013-05-23T10:19:55","date_gmt":"2013-05-23T09:19:55","guid":{"rendered":"http:\/\/blog.ruehlemanns.de\/?p=2698"},"modified":"2016-03-29T13:41:19","modified_gmt":"2016-03-29T12:41:19","slug":"wolf-dieter-storl-am-krautertag-in-horstedt","status":"publish","type":"post","link":"https:\/\/blog.ruehlemanns.de\/?p=2698","title":{"rendered":"Wolf-Dieter Storl am Kr\u00e4utertag in Horstedt"},"content":{"rendered":"<p>Zum Kr\u00e4utertag in Horstedt am 16. Juni 2013 freuen wir uns auf einen ganz besonderen Gast: Der Ethnologe und Botaniker Wolf-Dieter Storl wird von 16.00 &#8211; 17.30 Uhr einen Vortrag zum Thema <strong>&#8222;Der Mensch und seine heilenden Pflanzen&#8220;<\/strong> im Gew\u00e4chshaus-Neubau unserer G\u00e4rtnerei halten.<br \/>\n<a href=\"https:\/\/blog.ruehlemanns.de\/wp-content\/uploads\/2013\/05\/storl_1.jpg\"><img fetchpriority=\"high\" decoding=\"async\" class=\"alignnone size-full wp-image-2699\" alt=\"storl_1\" src=\"https:\/\/blog.ruehlemanns.de\/wp-content\/uploads\/2013\/05\/storl_1.jpg\" width=\"880\" height=\"600\" srcset=\"https:\/\/blog.ruehlemanns.de\/wp-content\/uploads\/2013\/05\/storl_1.jpg 880w, https:\/\/blog.ruehlemanns.de\/wp-content\/uploads\/2013\/05\/storl_1-300x204.jpg 300w, https:\/\/blog.ruehlemanns.de\/wp-content\/uploads\/2013\/05\/storl_1-440x300.jpg 440w\" sizes=\"(max-width: 880px) 100vw, 880px\" \/><\/a><\/p>\n<p><a href=\"https:\/\/storl.de\" target=\"_blank\"><span style=\"text-decoration: underline\"><strong>Wolf-Dieter Storl<\/strong><\/span><\/a> ist der ganz gro\u00dfe Kenner der einheimischen aber auch &#8222;internationalen&#8220; Heilpflanzen, die sich z.T. aus fernen L\u00e4ndern bei uns angesiedelt haben. Er wei\u00df um die Eigenschaften und Heilkr\u00e4fte der Kr\u00e4uter, kennt ihre Bedeutung in der Volksmedizin, ihre Rolle in Mythen, Sagen und M\u00e4rchen. Davon wird er uns an diesem Tag berichten.<br \/>\nDie Natur ist die Grundlage und die n\u00e4hrende Quelle unseres Lebens. Sie spricht mit unserer Seele, ob der Verstand dies nun mitbekommt oder nicht. Sie liefert uns die Kraft und das Gleichgewicht, das wir zum Leben brauchen.<br \/>\nPflanzen ern\u00e4hren uns und geben uns den Sauerstoff zum Atmen. Sie wandern durch K\u00f6rper, Geist und Seele und schenken uns Inspirationen und Tr\u00e4ume. Pflanzen k\u00f6nnen uns wieder mit der Natur verbinden, da sie selbst ganz tief verbunden sind. Sie k\u00f6nnen uns mitnehmen zu unseren Wurzeln und uns heilen. Daf\u00fcr allerdings m\u00fcssen wir sie kennenlernen, m\u00fcssen uns auf sie einlassen, sie als Wesen und Pers\u00f6nlichkeit begreifen und nicht nur als Beh\u00e4lter chemischer Wirkstoffe.<\/p>\n<p><strong>Viele Pflanzen des Vortrags sind in unserer G\u00e4rtnerei zu finden &#8211; wir freuen uns auf einen inspirierenden Nachmittag!<\/strong><\/p>\n<p><strong>Ort:<\/strong>\u00a0 R\u00fchlemann&#8217;s Kr\u00e4uter &amp; Duftpflanzen, Auf dem Berg 2, 27367 Horstedt\/ROW<br \/>\n<strong>Termin:<\/strong>\u00a0 16. Juni 2013, 16.00 &#8211; 17.30 Uhr<br \/>\n<strong>Kosten:<\/strong>\u00a0 Tickets mit Anmeldung\/Reservierung: 8,- Euro; Veranstaltungskasse vor Veranstaltungsbeginn: Ticket 9,- Euro.<\/p>\n<p><em>Freie Platzwahl! Bitte beachten Sie, dass es nur begrenzte und improvisierte Sitzplatzangebote gibt (ca. 90 Pl\u00e4tze). Ggf. m\u00fcssen Sie mit einem Stehplatz vorliebnehmen. Nach dem Vortrag k\u00f6nnen B\u00fccher und DVDs des Autoren erworben werden. Eine Signierzeit ist eingeplant.<\/em><\/p>\n<p><strong>Anmeldung \/ Reservierung <span style=\"text-decoration: underline\">NUR<\/span><\/strong> <strong>beim Veranstalter:<\/strong><br \/>\n<span style=\"text-decoration: underline\"><strong>www.seitenpfade.de<\/strong><\/span><\/p>\n<p>&nbsp;<\/p>\n","protected":false},"excerpt":{"rendered":"<p>Zum Kr\u00e4utertag in Horstedt am 16. Juni 2013 freuen wir uns auf einen ganz besonderen Gast: Der Ethnologe und Botaniker Wolf-Dieter Storl wird von 16.00 &#8211; 17.30 Uhr einen Vortrag zum Thema &#8222;Der Mensch und seine heilenden Pflanzen&#8220; im Gew\u00e4chshaus-Neubau unserer G\u00e4rtnerei halten. Wolf-Dieter Storl ist der ganz gro\u00dfe Kenner der einheimischen aber auch &#8222;internationalen&#8220; [&hellip;]<\/p>\n","protected":false},"author":645,"featured_media":0,"comment_status":"open","ping_status":"open","sticky":false,"template":"","format":"standard","meta":{"site-sidebar-layout":"default","site-content-layout":"","ast-site-content-layout":"default","site-content-style":"default","site-sidebar-style":"default","ast-global-header-display":"","ast-banner-title-visibility":"","ast-main-header-display":"","ast-hfb-above-header-display":"","ast-hfb-below-header-display":"","ast-hfb-mobile-header-display":"","site-post-title":"","ast-breadcrumbs-content":"","ast-featured-img":"","footer-sml-layout":"","ast-disable-related-posts":"","theme-transparent-header-meta":"","adv-header-id-meta":"","stick-header-meta":"","header-above-stick-meta":"","header-main-stick-meta":"","header-below-stick-meta":"","astra-migrate-meta-layouts":"default","ast-page-background-enabled":"default","ast-page-background-meta":{"desktop":{"background-color":"var(--ast-global-color-4)","background-image":"","background-repeat":"repeat","background-position":"center center","background-size":"auto","background-attachment":"scroll","background-type":"","background-media":"","overlay-type":"","overlay-color":"","overlay-opacity":"","overlay-gradient":""},"tablet":{"background-color":"","background-image":"","background-repeat":"repeat","background-position":"center center","background-size":"auto","background-attachment":"scroll","background-type":"","background-media":"","overlay-type":"","overlay-color":"","overlay-opacity":"","overlay-gradient":""},"mobile":{"background-color":"","background-image":"","background-repeat":"repeat","background-position":"center center","background-size":"auto","background-attachment":"scroll","background-type":"","background-media":"","overlay-type":"","overlay-color":"","overlay-opacity":"","overlay-gradient":""}},"ast-content-background-meta":{"desktop":{"background-color":"var(--ast-global-color-5)","background-image":"","background-repeat":"repeat","background-position":"center center","background-size":"auto","background-attachment":"scroll","background-type":"","background-media":"","overlay-type":"","overlay-color":"","overlay-opacity":"","overlay-gradient":""},"tablet":{"background-color":"var(--ast-global-color-5)","background-image":"","background-repeat":"repeat","background-position":"center center","background-size":"auto","background-attachment":"scroll","background-type":"","background-media":"","overlay-type":"","overlay-color":"","overlay-opacity":"","overlay-gradient":""},"mobile":{"background-color":"var(--ast-global-color-5)","background-image":"","background-repeat":"repeat","background-position":"center center","background-size":"auto","background-attachment":"scroll","background-type":"","background-media":"","overlay-type":"","overlay-color":"","overlay-opacity":"","overlay-gradient":""}},"footnotes":""},"categories":[5,9],"tags":[],"class_list":["post-2698","post","type-post","status-publish","format-standard","hentry","category-allemein","category-allgemeines"],"_links":{"self":[{"href":"https:\/\/blog.ruehlemanns.de\/index.php?rest_route=\/wp\/v2\/posts\/2698","targetHints":{"allow":["GET"]}}],"collection":[{"href":"https:\/\/blog.ruehlemanns.de\/index.php?rest_route=\/wp\/v2\/posts"}],"about":[{"href":"https:\/\/blog.ruehlemanns.de\/index.php?rest_route=\/wp\/v2\/types\/post"}],"author":[{"embeddable":true,"href":"https:\/\/blog.ruehlemanns.de\/index.php?rest_route=\/wp\/v2\/users\/645"}],"replies":[{"embeddable":true,"href":"https:\/\/blog.ruehlemanns.de\/index.php?rest_route=%2Fwp%2Fv2%2Fcomments&post=2698"}],"version-history":[{"count":0,"href":"https:\/\/blog.ruehlemanns.de\/index.php?rest_route=\/wp\/v2\/posts\/2698\/revisions"}],"wp:attachment":[{"href":"https:\/\/blog.ruehlemanns.de\/index.php?rest_route=%2Fwp%2Fv2%2Fmedia&parent=2698"}],"wp:term":[{"taxonomy":"category","embeddable":true,"href":"https:\/\/blog.ruehlemanns.de\/index.php?rest_route=%2Fwp%2Fv2%2Fcategories&post=2698"},{"taxonomy":"post_tag","embeddable":true,"href":"https:\/\/blog.ruehlemanns.de\/index.php?rest_route=%2Fwp%2Fv2%2Ftags&post=2698"}],"curies":[{"name":"wp","href":"https:\/\/api.w.org\/{rel}","templated":true}]}}