{"id":2598,"date":"2013-05-16T13:03:43","date_gmt":"2013-05-16T12:03:43","guid":{"rendered":"http:\/\/blog.ruehlemanns.de\/?p=2598"},"modified":"2015-02-25T11:57:13","modified_gmt":"2015-02-25T10:57:13","slug":"kochkurs-ruhlemanns-fruhlingskrauter","status":"publish","type":"post","link":"https:\/\/blog.ruehlemanns.de\/?p=2598","title":{"rendered":"Kochkurs R\u00fchlemann&#8217;s Fr\u00fchlingskr\u00e4uter"},"content":{"rendered":"<p>\u201eDer Papst kommt nach Verden\u201c hatte Wolfgang Pade (bekannter Koch aus Verden\/A. und Buchautor \u201eEine Prise Wahnsinn\u201c) auf seiner Seite<span style=\"text-decoration: underline;\"><a title=\"www.pades.de\" href=\"https:\/\/www.pades.de\" target=\"_blank\"><strong> www.pades.de<\/strong> <\/a><\/span>geschrieben und damit zugleich zu einem Kochkurs der besonderen Art eingeladen.<\/p>\n<p><a href=\"https:\/\/blog.ruehlemanns.de\/wp-content\/uploads\/2013\/05\/Padekurs.jpg\"><img fetchpriority=\"high\" decoding=\"async\" class=\"aligncenter size-full wp-image-2654\" alt=\"Padekurs\" src=\"https:\/\/blog.ruehlemanns.de\/wp-content\/uploads\/2013\/05\/Padekurs.jpg\" width=\"880\" height=\"797\" srcset=\"https:\/\/blog.ruehlemanns.de\/wp-content\/uploads\/2013\/05\/Padekurs.jpg 880w, https:\/\/blog.ruehlemanns.de\/wp-content\/uploads\/2013\/05\/Padekurs-300x271.jpg 300w, https:\/\/blog.ruehlemanns.de\/wp-content\/uploads\/2013\/05\/Padekurs-331x300.jpg 331w\" sizes=\"(max-width: 880px) 100vw, 880px\" \/><\/a>Wolfgang Pade, vielen bekannt aus &#8222;Herdbesuche&#8220; von Radio Bremen TV und Daniel kennen sich schon lange. Eine Zusammenarbeit war seit letztes Jahr im Gespr\u00e4ch und wurde jetzt umgesetzt.<\/p>\n<p><a href=\"https:\/\/blog.ruehlemanns.de\/wp-content\/uploads\/2013\/05\/Daniel.jpg\"><img decoding=\"async\" class=\"aligncenter size-full wp-image-2606\" alt=\"Daniel\" src=\"https:\/\/blog.ruehlemanns.de\/wp-content\/uploads\/2013\/05\/Daniel.jpg\" width=\"880\" height=\"1173\" srcset=\"https:\/\/blog.ruehlemanns.de\/wp-content\/uploads\/2013\/05\/Daniel.jpg 880w, https:\/\/blog.ruehlemanns.de\/wp-content\/uploads\/2013\/05\/Daniel-225x300.jpg 225w, https:\/\/blog.ruehlemanns.de\/wp-content\/uploads\/2013\/05\/Daniel-768x1024.jpg 768w\" sizes=\"(max-width: 880px) 100vw, 880px\" \/><\/a>Mein Mann lie\u00df Kr\u00e4uter herumgehen und erz\u00e4hlte \u00fcber die Hemmungen, die Menschen im Erstkontakt mit ihnen haben. Er erkl\u00e4rte\u00a0ihre Verwendung, gab Anregungen zum Anbau und zur Pflege<\/p>\n<p><em id=\"__mceDel\"><a href=\"https:\/\/blog.ruehlemanns.de\/wp-content\/uploads\/2013\/05\/Teilnehmer.jpg\"><img decoding=\"async\" class=\"aligncenter size-full wp-image-2608\" alt=\"Teilnehmer\" src=\"https:\/\/blog.ruehlemanns.de\/wp-content\/uploads\/2013\/05\/Teilnehmer.jpg\" width=\"880\" height=\"660\" srcset=\"https:\/\/blog.ruehlemanns.de\/wp-content\/uploads\/2013\/05\/Teilnehmer.jpg 880w, https:\/\/blog.ruehlemanns.de\/wp-content\/uploads\/2013\/05\/Teilnehmer-300x224.jpg 300w, https:\/\/blog.ruehlemanns.de\/wp-content\/uploads\/2013\/05\/Teilnehmer-400x300.jpg 400w\" sizes=\"(max-width: 880px) 100vw, 880px\" \/><\/a><\/em><\/p>\n<p>und erg\u00e4nzte so hervorragend die Kochanregungen, die Wolfgang Pade seinen G\u00e4sten vermittelte.<br \/>\n<a href=\"https:\/\/blog.ruehlemanns.de\/wp-content\/uploads\/2013\/05\/Padeteam.jpg\"><img loading=\"lazy\" decoding=\"async\" class=\"aligncenter size-full wp-image-2613\" alt=\"Padeteam\" src=\"https:\/\/blog.ruehlemanns.de\/wp-content\/uploads\/2013\/05\/Padeteam.jpg\" width=\"880\" height=\"660\" srcset=\"https:\/\/blog.ruehlemanns.de\/wp-content\/uploads\/2013\/05\/Padeteam.jpg 880w, https:\/\/blog.ruehlemanns.de\/wp-content\/uploads\/2013\/05\/Padeteam-300x224.jpg 300w, https:\/\/blog.ruehlemanns.de\/wp-content\/uploads\/2013\/05\/Padeteam-400x300.jpg 400w\" sizes=\"(max-width: 880px) 100vw, 880px\" \/><\/a><\/p>\n<p>Wolfgang Pade und sein Team haben gekocht, w\u00e4hrend ihnen die Teilnehmer \u00fcber die Schulter schauten, Fragen stellten und sich die entstanden Kreationen munden lie\u00dfen.<br \/>\nEs war eine lockere Atmosph\u00e4re, die ich und Daniel sehr genossen haben.<\/p>\n<p><a href=\"https:\/\/blog.ruehlemanns.de\/wp-content\/uploads\/2013\/05\/203-oelsardine.jpg\"><img loading=\"lazy\" decoding=\"async\" class=\"size-full wp-image-2632\" alt=\"Basilikum Zanzibar, Oci 95, Wildes Rotes Basilikum, Bohnen, Pinien, Oelsardine, Bio-Kartoffel mit Risottosauce und Pesto aus &quot;Fino Verde&quot;\" src=\"https:\/\/blog.ruehlemanns.de\/wp-content\/uploads\/2013\/05\/203-oelsardine.jpg\" width=\"880\" height=\"660\" srcset=\"https:\/\/blog.ruehlemanns.de\/wp-content\/uploads\/2013\/05\/203-oelsardine.jpg 880w, https:\/\/blog.ruehlemanns.de\/wp-content\/uploads\/2013\/05\/203-oelsardine-300x224.jpg 300w, https:\/\/blog.ruehlemanns.de\/wp-content\/uploads\/2013\/05\/203-oelsardine-400x300.jpg 400w\" sizes=\"(max-width: 880px) 100vw, 880px\" \/><\/a><\/p>\n<p><span style=\"text-decoration: underline;\"><strong><a title=\"Basilikum Zanzibar\" href=\"https:\/\/www.kraeuter-und-duftpflanzen.de\/Pflanzen-und-Saatgut\/Babantsi-Bruchkraut\/Basilikum\/Basilikum-Zanzibar-Pflanze\" target=\"_blank\">Basilikum &#8222;Zanzibar<\/a>&#8222;<\/strong><\/span>, <a href=\"https:\/\/www.kraeuter-und-duftpflanzen.de\/Pflanzen-und-Saatgut\/Babantsi-Bruchkraut\/Basilikum\/Basilikum-Pesto-Perpetuo-PBR-Pflanze\"><span style=\"text-decoration: underline;\"><strong>Basilikum &#8222;Pesto Perpetuo&#8220; (PBR)<\/strong><\/span><\/a>, <a href=\"https:\/\/www.kraeuter-und-duftpflanzen.de\/Pflanzen-und-Saatgut\/Babantsi-Bruchkraut\/Basilikum\/Basilikum-Wildes-Purpur-Pflanze\" target=\"_blank\"><span style=\"text-decoration: underline;\"><strong>Basilikum &#8222;Wildes Purpur&#8220;<\/strong><\/span><\/a>, Bohnen, Pinien, Oelsardine, Bio-Kartoffel mit Risottosauce und Pesto aus\u00a0<a href=\"https:\/\/www.kraeuter-und-duftpflanzen.de\/Pflanzen-und-Saatgut\/Babantsi-Bruchkraut\/Basilikum\/Russisches-Strauchbasilikum-Pflanze\" target=\"_blank\"><span style=\"text-decoration: underline;\"><strong>Russischem Strauchbasilikum<\/strong><\/span><\/a><\/p>\n<p><a href=\"https:\/\/blog.ruehlemanns.de\/wp-content\/uploads\/2013\/05\/Seeteufel-mit-Fenchel.jpg\"><img loading=\"lazy\" decoding=\"async\" class=\"size-full wp-image-2630\" alt=\"Seeteufel mit Sizilianischem Fenchel auf Biospargel u. Artischocken vom Holzkohlegrill. \" src=\"https:\/\/blog.ruehlemanns.de\/wp-content\/uploads\/2013\/05\/Seeteufel-mit-Fenchel.jpg\" width=\"880\" height=\"748\" srcset=\"https:\/\/blog.ruehlemanns.de\/wp-content\/uploads\/2013\/05\/Seeteufel-mit-Fenchel.jpg 880w, https:\/\/blog.ruehlemanns.de\/wp-content\/uploads\/2013\/05\/Seeteufel-mit-Fenchel-300x254.jpg 300w, https:\/\/blog.ruehlemanns.de\/wp-content\/uploads\/2013\/05\/Seeteufel-mit-Fenchel-352x300.jpg 352w\" sizes=\"(max-width: 880px) 100vw, 880px\" \/><\/a><\/p>\n<p>Seeteufel mit <a href=\"https:\/\/www.kraeuter-und-duftpflanzen.de\/Pflanzen-und-Saatgut\/FangFeng-Forsythie\/Fenchel\/Sizilianischer-Gewuerzfenchel-Pflanze\" target=\"_blank\"><span style=\"text-decoration: underline;\"><strong>Sizilianischem Fenchel<\/strong><\/span><\/a> auf Biospargel u. Artischocken vom Holzkohlegrill.<\/p>\n<p><a href=\"https:\/\/blog.ruehlemanns.de\/wp-content\/uploads\/2013\/05\/Hauptgericht.jpg\"><img loading=\"lazy\" decoding=\"async\" class=\"size-full wp-image-2627\" alt=\"B\u00fcrgermeisterst\u00fcck mit Wildkresse-Kartoffelstampf, Lauchgem\u00fcse mit Zaatar, junger Knoblauch und Zimmerknoblauch\" src=\"https:\/\/blog.ruehlemanns.de\/wp-content\/uploads\/2013\/05\/Hauptgericht.jpg\" width=\"880\" height=\"585\" srcset=\"https:\/\/blog.ruehlemanns.de\/wp-content\/uploads\/2013\/05\/Hauptgericht.jpg 880w, https:\/\/blog.ruehlemanns.de\/wp-content\/uploads\/2013\/05\/Hauptgericht-300x199.jpg 300w, https:\/\/blog.ruehlemanns.de\/wp-content\/uploads\/2013\/05\/Hauptgericht-451x300.jpg 451w\" sizes=\"(max-width: 880px) 100vw, 880px\" \/><\/a><\/p>\n<p>B\u00fcrgermeisterst\u00fcck mit <a href=\"https:\/\/www.kraeuter-und-duftpflanzen.de\/Pflanzen-und-Saatgut\/Kalmegh-Kuechenschelle\/Kresse\/Wildkresse-Pflanze\" target=\"_blank\"><span style=\"text-decoration: underline;\"><strong>Wildkresse<\/strong><\/span><\/a>-Kartoffelstampf, Lauchgem\u00fcse mit <a href=\"https:\/\/www.kraeuter-und-duftpflanzen.de\/Pflanzen-und-Saatgut\/Zatar-Zuckerwurzel\/Zatar-\/Zatar-Sahrawi-Pflanze\" target=\"_blank\"><span style=\"text-decoration: underline;\"><strong>Zaatar Sahrawi<\/strong><\/span><\/a>, junger Knoblauch und <a href=\"https:\/\/www.kraeuter-und-duftpflanzen.de\/Pflanzen-und-Saatgut\/Labkraut-Lungenkraut\/Lauch-und-Laeuche\/Zimmerknoblauch-gruen-Pflanze\" target=\"_blank\"><span style=\"text-decoration: underline;\"><strong>Zimmerknoblauch<\/strong><\/span><\/a><\/p>\n<p>Dieser spannende Kr\u00e4uterkochkurs mit einem extrem leckeren Essen gefiel beiden \u201eMeistern ihres Fachs\u201c so \u00a0gut, da\u00df es h\u00f6chst wahrscheinlich im Herbst 2013 eine Fortsetzung geben wird. Ich w\u00fcrde mich freuen.<\/p>\n","protected":false},"excerpt":{"rendered":"<p>\u201eDer Papst kommt nach Verden\u201c hatte Wolfgang Pade (bekannter Koch aus Verden\/A. und Buchautor \u201eEine Prise Wahnsinn\u201c) auf seiner Seite www.pades.de geschrieben und damit zugleich zu einem Kochkurs der besonderen Art eingeladen. Wolfgang Pade, vielen bekannt aus &#8222;Herdbesuche&#8220; von Radio Bremen TV und Daniel kennen sich schon lange. Eine Zusammenarbeit war seit letztes Jahr im [&hellip;]<\/p>\n","protected":false},"author":605,"featured_media":0,"comment_status":"open","ping_status":"open","sticky":false,"template":"","format":"standard","meta":{"site-sidebar-layout":"default","site-content-layout":"","ast-site-content-layout":"default","site-content-style":"default","site-sidebar-style":"default","ast-global-header-display":"","ast-banner-title-visibility":"","ast-main-header-display":"","ast-hfb-above-header-display":"","ast-hfb-below-header-display":"","ast-hfb-mobile-header-display":"","site-post-title":"","ast-breadcrumbs-content":"","ast-featured-img":"","footer-sml-layout":"","ast-disable-related-posts":"","theme-transparent-header-meta":"","adv-header-id-meta":"","stick-header-meta":"","header-above-stick-meta":"","header-main-stick-meta":"","header-below-stick-meta":"","astra-migrate-meta-layouts":"default","ast-page-background-enabled":"default","ast-page-background-meta":{"desktop":{"background-color":"var(--ast-global-color-4)","background-image":"","background-repeat":"repeat","background-position":"center center","background-size":"auto","background-attachment":"scroll","background-type":"","background-media":"","overlay-type":"","overlay-color":"","overlay-opacity":"","overlay-gradient":""},"tablet":{"background-color":"","background-image":"","background-repeat":"repeat","background-position":"center center","background-size":"auto","background-attachment":"scroll","background-type":"","background-media":"","overlay-type":"","overlay-color":"","overlay-opacity":"","overlay-gradient":""},"mobile":{"background-color":"","background-image":"","background-repeat":"repeat","background-position":"center center","background-size":"auto","background-attachment":"scroll","background-type":"","background-media":"","overlay-type":"","overlay-color":"","overlay-opacity":"","overlay-gradient":""}},"ast-content-background-meta":{"desktop":{"background-color":"var(--ast-global-color-5)","background-image":"","background-repeat":"repeat","background-position":"center center","background-size":"auto","background-attachment":"scroll","background-type":"","background-media":"","overlay-type":"","overlay-color":"","overlay-opacity":"","overlay-gradient":""},"tablet":{"background-color":"var(--ast-global-color-5)","background-image":"","background-repeat":"repeat","background-position":"center center","background-size":"auto","background-attachment":"scroll","background-type":"","background-media":"","overlay-type":"","overlay-color":"","overlay-opacity":"","overlay-gradient":""},"mobile":{"background-color":"var(--ast-global-color-5)","background-image":"","background-repeat":"repeat","background-position":"center center","background-size":"auto","background-attachment":"scroll","background-type":"","background-media":"","overlay-type":"","overlay-color":"","overlay-opacity":"","overlay-gradient":""}},"footnotes":""},"categories":[9],"tags":[20,144,155,143,146,110,145],"class_list":["post-2598","post","type-post","status-publish","format-standard","hentry","category-allgemeines","tag-basilikum","tag-daniel","tag-allgemeines","tag-pade","tag-sauerklee","tag-seminare","tag-wildkresse"],"_links":{"self":[{"href":"https:\/\/blog.ruehlemanns.de\/index.php?rest_route=\/wp\/v2\/posts\/2598","targetHints":{"allow":["GET"]}}],"collection":[{"href":"https:\/\/blog.ruehlemanns.de\/index.php?rest_route=\/wp\/v2\/posts"}],"about":[{"href":"https:\/\/blog.ruehlemanns.de\/index.php?rest_route=\/wp\/v2\/types\/post"}],"author":[{"embeddable":true,"href":"https:\/\/blog.ruehlemanns.de\/index.php?rest_route=\/wp\/v2\/users\/605"}],"replies":[{"embeddable":true,"href":"https:\/\/blog.ruehlemanns.de\/index.php?rest_route=%2Fwp%2Fv2%2Fcomments&post=2598"}],"version-history":[{"count":0,"href":"https:\/\/blog.ruehlemanns.de\/index.php?rest_route=\/wp\/v2\/posts\/2598\/revisions"}],"wp:attachment":[{"href":"https:\/\/blog.ruehlemanns.de\/index.php?rest_route=%2Fwp%2Fv2%2Fmedia&parent=2598"}],"wp:term":[{"taxonomy":"category","embeddable":true,"href":"https:\/\/blog.ruehlemanns.de\/index.php?rest_route=%2Fwp%2Fv2%2Fcategories&post=2598"},{"taxonomy":"post_tag","embeddable":true,"href":"https:\/\/blog.ruehlemanns.de\/index.php?rest_route=%2Fwp%2Fv2%2Ftags&post=2598"}],"curies":[{"name":"wp","href":"https:\/\/api.w.org\/{rel}","templated":true}]}}