{"id":2517,"date":"2013-01-29T15:40:12","date_gmt":"2013-01-29T14:40:12","guid":{"rendered":"http:\/\/blog.ruehlemanns.de\/?p=2517"},"modified":"2013-01-29T15:40:12","modified_gmt":"2013-01-29T14:40:12","slug":"die-farben-des-winters","status":"publish","type":"post","link":"https:\/\/blog.ruehlemanns.de\/?p=2517","title":{"rendered":"Die Farben des Winters"},"content":{"rendered":"<p>Es ist Ende Januar, drau\u00dfen ist es kalt und ungem\u00fctlich. Die Sehnsucht nach Licht und Farben wird immer gr\u00f6\u00dfer. Auf meinem Streifzug durch die warmen Gew\u00e4chsh\u00e4user bin ich f\u00fcndig geworden &#8211; Bl\u00fcten und Farben in H\u00fclle und F\u00fclle.<\/p>\n<p style=\"text-align: left\">H\u00e4tten Sie das vermutet &#8211; an einem 28.Januar?<br \/>\n<a href=\"https:\/\/blog.ruehlemanns.de\/wp-content\/uploads\/2013\/01\/collage1.jpg\"><img fetchpriority=\"high\" decoding=\"async\" class=\"alignnone size-full wp-image-2519\" src=\"https:\/\/blog.ruehlemanns.de\/wp-content\/uploads\/2013\/01\/collage1.jpg\" alt=\"\" width=\"880\" height=\"600\" srcset=\"https:\/\/blog.ruehlemanns.de\/wp-content\/uploads\/2013\/01\/collage1.jpg 880w, https:\/\/blog.ruehlemanns.de\/wp-content\/uploads\/2013\/01\/collage1-300x204.jpg 300w, https:\/\/blog.ruehlemanns.de\/wp-content\/uploads\/2013\/01\/collage1-440x300.jpg 440w\" sizes=\"(max-width: 880px) 100vw, 880px\" \/><\/a>Die Hauptdarsteller dieser Collage sind folgende:<\/p>\n<p style=\"text-align: center\"><a href=\"https:\/\/blog.ruehlemanns.de\/wp-content\/uploads\/2013\/01\/parakresseafrikanisch.jpg\"><img decoding=\"async\" class=\"alignnone size-full wp-image-2520\" src=\"https:\/\/blog.ruehlemanns.de\/wp-content\/uploads\/2013\/01\/parakresseafrikanisch.jpg\" alt=\"\" width=\"880\" height=\"600\" srcset=\"https:\/\/blog.ruehlemanns.de\/wp-content\/uploads\/2013\/01\/parakresseafrikanisch.jpg 880w, https:\/\/blog.ruehlemanns.de\/wp-content\/uploads\/2013\/01\/parakresseafrikanisch-300x204.jpg 300w, https:\/\/blog.ruehlemanns.de\/wp-content\/uploads\/2013\/01\/parakresseafrikanisch-440x300.jpg 440w\" sizes=\"(max-width: 880px) 100vw, 880px\" \/><\/a><br \/>\n<a href=\"https:\/\/www.kraeuter-und-duftpflanzen.de\/Pflanzen-und-Saatgut\/Kalmegh-Kuechenschelle\/Kresse\/Parakresse-afrikanisch-Pflanze\" target=\"_blank\"><span style=\"text-decoration: underline\"><strong>Parakresse, afrikanisch<\/strong><\/span><\/a><\/p>\n<p style=\"text-align: center\"><a href=\"https:\/\/blog.ruehlemanns.de\/wp-content\/uploads\/2013\/01\/heliotrop_iowa.jpg\"><img decoding=\"async\" class=\"alignnone size-full wp-image-2521\" src=\"https:\/\/blog.ruehlemanns.de\/wp-content\/uploads\/2013\/01\/heliotrop_iowa.jpg\" alt=\"\" width=\"880\" height=\"600\" srcset=\"https:\/\/blog.ruehlemanns.de\/wp-content\/uploads\/2013\/01\/heliotrop_iowa.jpg 880w, https:\/\/blog.ruehlemanns.de\/wp-content\/uploads\/2013\/01\/heliotrop_iowa-300x204.jpg 300w, https:\/\/blog.ruehlemanns.de\/wp-content\/uploads\/2013\/01\/heliotrop_iowa-440x300.jpg 440w\" sizes=\"(max-width: 880px) 100vw, 880px\" \/><\/a><br \/>\n<a href=\"https:\/\/www.kraeuter-und-duftpflanzen.de\/Pflanzen-und-Saatgut\/Haarstrang-Hundszunge\/Heliotrop\/Heliotrop-Iowa-Pflanze\" target=\"_blank\"><span style=\"text-decoration: underline\"><strong>Heliotrop Iowa<\/strong><\/span><\/a><\/p>\n<p style=\"text-align: center\"><a href=\"https:\/\/blog.ruehlemanns.de\/wp-content\/uploads\/2013\/01\/damiana_schmalblaettrig.jpg\"><img loading=\"lazy\" decoding=\"async\" class=\"alignnone size-full wp-image-2522\" src=\"https:\/\/blog.ruehlemanns.de\/wp-content\/uploads\/2013\/01\/damiana_schmalblaettrig.jpg\" alt=\"\" width=\"880\" height=\"600\" srcset=\"https:\/\/blog.ruehlemanns.de\/wp-content\/uploads\/2013\/01\/damiana_schmalblaettrig.jpg 880w, https:\/\/blog.ruehlemanns.de\/wp-content\/uploads\/2013\/01\/damiana_schmalblaettrig-300x204.jpg 300w, https:\/\/blog.ruehlemanns.de\/wp-content\/uploads\/2013\/01\/damiana_schmalblaettrig-440x300.jpg 440w\" sizes=\"(max-width: 880px) 100vw, 880px\" \/><\/a><br \/>\n<a href=\"https:\/\/www.kraeuter-und-duftpflanzen.de\/Pflanzen-und-Saatgut\/Davana-Duftwicke\/Damiana\/Damiana-schmalblaettrig-Pflanze\" target=\"_blank\"><span style=\"text-decoration: underline\"><strong>Damiana, schmalbl\u00e4ttrig<\/strong><\/span><\/a><\/p>\n<p style=\"text-align: center\"><a href=\"https:\/\/blog.ruehlemanns.de\/wp-content\/uploads\/2013\/01\/moringa.jpg\"><img loading=\"lazy\" decoding=\"async\" class=\"alignnone size-full wp-image-2523\" src=\"https:\/\/blog.ruehlemanns.de\/wp-content\/uploads\/2013\/01\/moringa.jpg\" alt=\"\" width=\"880\" height=\"600\" srcset=\"https:\/\/blog.ruehlemanns.de\/wp-content\/uploads\/2013\/01\/moringa.jpg 880w, https:\/\/blog.ruehlemanns.de\/wp-content\/uploads\/2013\/01\/moringa-300x204.jpg 300w, https:\/\/blog.ruehlemanns.de\/wp-content\/uploads\/2013\/01\/moringa-440x300.jpg 440w\" sizes=\"(max-width: 880px) 100vw, 880px\" \/><\/a><br \/>\n<a href=\"https:\/\/www.kraeuter-und-duftpflanzen.de\/Pflanzen-und-Saatgut\/Maca-Myrte\/M-Einzelsorten\/Asiatische-Moringa-Saatgut\" target=\"_blank\"><span style=\"text-decoration: underline\"><strong>Asiatische Moringa<\/strong><\/span><\/a><\/p>\n<p style=\"text-align: center\"><a href=\"https:\/\/blog.ruehlemanns.de\/wp-content\/uploads\/2013\/01\/ananas_salbei.jpg\"><img loading=\"lazy\" decoding=\"async\" class=\"alignnone size-full wp-image-2524\" src=\"https:\/\/blog.ruehlemanns.de\/wp-content\/uploads\/2013\/01\/ananas_salbei.jpg\" alt=\"\" width=\"880\" height=\"600\" srcset=\"https:\/\/blog.ruehlemanns.de\/wp-content\/uploads\/2013\/01\/ananas_salbei.jpg 880w, https:\/\/blog.ruehlemanns.de\/wp-content\/uploads\/2013\/01\/ananas_salbei-300x204.jpg 300w, https:\/\/blog.ruehlemanns.de\/wp-content\/uploads\/2013\/01\/ananas_salbei-440x300.jpg 440w\" sizes=\"(max-width: 880px) 100vw, 880px\" \/><\/a><br \/>\n<a href=\"https:\/\/www.kraeuter-und-duftpflanzen.de\/Pflanzen-und-Saatgut\/Salbei-Suessholz\/Salbei-\/Ananassalbei-Pflanze\" target=\"_blank\"><span style=\"text-decoration: underline\"><strong>Ananassalbei<\/strong><\/span><\/a><\/p>\n<p style=\"text-align: center\"><a href=\"https:\/\/blog.ruehlemanns.de\/wp-content\/uploads\/2013\/01\/fruchtsalbei.jpg\"><img loading=\"lazy\" decoding=\"async\" class=\"alignnone size-full wp-image-2525\" src=\"https:\/\/blog.ruehlemanns.de\/wp-content\/uploads\/2013\/01\/fruchtsalbei.jpg\" alt=\"\" width=\"880\" height=\"600\" srcset=\"https:\/\/blog.ruehlemanns.de\/wp-content\/uploads\/2013\/01\/fruchtsalbei.jpg 880w, https:\/\/blog.ruehlemanns.de\/wp-content\/uploads\/2013\/01\/fruchtsalbei-300x204.jpg 300w, https:\/\/blog.ruehlemanns.de\/wp-content\/uploads\/2013\/01\/fruchtsalbei-440x300.jpg 440w\" sizes=\"(max-width: 880px) 100vw, 880px\" \/><\/a><br \/>\n<a href=\"https:\/\/www.kraeuter-und-duftpflanzen.de\/Pflanzen-und-Saatgut\/Salbei-Suessholz\/Salbei-\/Fruchtsalbei-Pflanze\" target=\"_blank\"><span style=\"text-decoration: underline\"><strong>Fruchtsalbei<\/strong><\/span><\/a><\/p>\n<p style=\"text-align: center\"><a href=\"https:\/\/blog.ruehlemanns.de\/wp-content\/uploads\/2013\/01\/kanna.jpg\"><img loading=\"lazy\" decoding=\"async\" class=\"alignnone size-full wp-image-2526\" src=\"https:\/\/blog.ruehlemanns.de\/wp-content\/uploads\/2013\/01\/kanna.jpg\" alt=\"\" width=\"880\" height=\"600\" srcset=\"https:\/\/blog.ruehlemanns.de\/wp-content\/uploads\/2013\/01\/kanna.jpg 880w, https:\/\/blog.ruehlemanns.de\/wp-content\/uploads\/2013\/01\/kanna-300x204.jpg 300w, https:\/\/blog.ruehlemanns.de\/wp-content\/uploads\/2013\/01\/kanna-440x300.jpg 440w\" sizes=\"(max-width: 880px) 100vw, 880px\" \/><\/a><br \/>\n<a href=\"https:\/\/www.kraeuter-und-duftpflanzen.de\/Pflanzen-und-Saatgut\/Kalmegh-Kuechenschelle\/K-Einzelsorten\/Kanna-Kougoed-Pflanze\" target=\"_blank\"><strong><span style=\"text-decoration: underline\">Kanna<\/span><\/strong><\/a><\/p>\n<p style=\"text-align: center\"><a href=\"https:\/\/blog.ruehlemanns.de\/wp-content\/uploads\/2013\/01\/vaille_pestwurz.jpg\"><img loading=\"lazy\" decoding=\"async\" class=\"alignnone size-full wp-image-2527\" src=\"https:\/\/blog.ruehlemanns.de\/wp-content\/uploads\/2013\/01\/vaille_pestwurz.jpg\" alt=\"\" width=\"880\" height=\"600\" srcset=\"https:\/\/blog.ruehlemanns.de\/wp-content\/uploads\/2013\/01\/vaille_pestwurz.jpg 880w, https:\/\/blog.ruehlemanns.de\/wp-content\/uploads\/2013\/01\/vaille_pestwurz-300x204.jpg 300w, https:\/\/blog.ruehlemanns.de\/wp-content\/uploads\/2013\/01\/vaille_pestwurz-440x300.jpg 440w\" sizes=\"(max-width: 880px) 100vw, 880px\" \/><\/a><br \/>\n<strong>Vanille-Pestwurz<\/strong><br \/>\n(zur Zeit nicht im Sortiment)<\/p>\n<p style=\"text-align: center\"><a href=\"https:\/\/blog.ruehlemanns.de\/wp-content\/uploads\/2013\/01\/bienenwachs_duftgeranie.jpg\"><img loading=\"lazy\" decoding=\"async\" class=\"alignnone size-full wp-image-2528\" src=\"https:\/\/blog.ruehlemanns.de\/wp-content\/uploads\/2013\/01\/bienenwachs_duftgeranie.jpg\" alt=\"\" width=\"880\" height=\"600\" srcset=\"https:\/\/blog.ruehlemanns.de\/wp-content\/uploads\/2013\/01\/bienenwachs_duftgeranie.jpg 880w, https:\/\/blog.ruehlemanns.de\/wp-content\/uploads\/2013\/01\/bienenwachs_duftgeranie-300x204.jpg 300w, https:\/\/blog.ruehlemanns.de\/wp-content\/uploads\/2013\/01\/bienenwachs_duftgeranie-440x300.jpg 440w\" sizes=\"(max-width: 880px) 100vw, 880px\" \/><\/a><br \/>\n<a href=\"https:\/\/www.kraeuter-und-duftpflanzen.de\/Pflanzen-und-Saatgut\/Davana-Duftwicke\/Duft-Geranien\/Bienenwachs-Duftgeranie-Pflanze\" target=\"_blank\"><span style=\"text-decoration: underline\"><strong>Bienenwachs-Duftgeranie<\/strong><\/span><\/a><\/p>\n<p style=\"text-align: center\"><a href=\"https:\/\/blog.ruehlemanns.de\/wp-content\/uploads\/2013\/01\/herzblattsalat_cordifole.jpg\"><img loading=\"lazy\" decoding=\"async\" class=\"alignnone size-full wp-image-2529\" src=\"https:\/\/blog.ruehlemanns.de\/wp-content\/uploads\/2013\/01\/herzblattsalat_cordifole.jpg\" alt=\"\" width=\"880\" height=\"600\" srcset=\"https:\/\/blog.ruehlemanns.de\/wp-content\/uploads\/2013\/01\/herzblattsalat_cordifole.jpg 880w, https:\/\/blog.ruehlemanns.de\/wp-content\/uploads\/2013\/01\/herzblattsalat_cordifole-300x204.jpg 300w, https:\/\/blog.ruehlemanns.de\/wp-content\/uploads\/2013\/01\/herzblattsalat_cordifole-440x300.jpg 440w\" sizes=\"(max-width: 880px) 100vw, 880px\" \/><\/a><br \/>\n<a href=\"https:\/\/www.kraeuter-und-duftpflanzen.de\/Pflanzen-und-Saatgut\/Echinacea-Eukalyptus\/Eiskraut\/Herzblattsalat-Cordifole-Pflanze\" target=\"_blank\"><span style=\"text-decoration: underline\"><strong>Herzblatt-Salat, Cordifole<\/strong><\/span><\/a><\/p>\n<p style=\"text-align: center\"><a href=\"https:\/\/blog.ruehlemanns.de\/wp-content\/uploads\/2013\/01\/pita_bhringaraj.jpg\"><img loading=\"lazy\" decoding=\"async\" class=\"alignnone size-full wp-image-2530\" src=\"https:\/\/blog.ruehlemanns.de\/wp-content\/uploads\/2013\/01\/pita_bhringaraj.jpg\" alt=\"\" width=\"880\" height=\"600\" srcset=\"https:\/\/blog.ruehlemanns.de\/wp-content\/uploads\/2013\/01\/pita_bhringaraj.jpg 880w, https:\/\/blog.ruehlemanns.de\/wp-content\/uploads\/2013\/01\/pita_bhringaraj-300x204.jpg 300w, https:\/\/blog.ruehlemanns.de\/wp-content\/uploads\/2013\/01\/pita_bhringaraj-440x300.jpg 440w\" sizes=\"(max-width: 880px) 100vw, 880px\" \/><\/a><br \/>\n<a href=\"https:\/\/www.kraeuter-und-duftpflanzen.de\/Pflanzen-und-Saatgut\/Papaya-Prachtscharte\/P-Einzelsorten\/Pita-Bhringaraj-Pflanze\" target=\"_blank\"><span style=\"text-decoration: underline\"><strong>Pita Bhringaraj<\/strong><\/span><\/a><\/p>\n<p style=\"text-align: center\"><a href=\"https:\/\/blog.ruehlemanns.de\/wp-content\/uploads\/2013\/01\/japanische_bluetenkresse.jpg\"><img loading=\"lazy\" decoding=\"async\" class=\"alignnone size-full wp-image-2531\" src=\"https:\/\/blog.ruehlemanns.de\/wp-content\/uploads\/2013\/01\/japanische_bluetenkresse.jpg\" alt=\"\" width=\"880\" height=\"600\" srcset=\"https:\/\/blog.ruehlemanns.de\/wp-content\/uploads\/2013\/01\/japanische_bluetenkresse.jpg 880w, https:\/\/blog.ruehlemanns.de\/wp-content\/uploads\/2013\/01\/japanische_bluetenkresse-300x204.jpg 300w, https:\/\/blog.ruehlemanns.de\/wp-content\/uploads\/2013\/01\/japanische_bluetenkresse-440x300.jpg 440w\" sizes=\"(max-width: 880px) 100vw, 880px\" \/><\/a><br \/>\n<a href=\"https:\/\/www.kraeuter-und-duftpflanzen.de\/Pflanzen-und-Saatgut\/Kalmegh-Kuechenschelle\/Kresse\/Japanische-Bluetenkresse-Saatgut\" target=\"_blank\"><span style=\"text-decoration: underline\"><strong>Japanische Bl\u00fctenkresse<\/strong><\/span><\/a><\/p>\n<p style=\"text-align: center\"><a href=\"https:\/\/blog.ruehlemanns.de\/wp-content\/uploads\/2013\/01\/ayahuasca_yage.jpg\"><img loading=\"lazy\" decoding=\"async\" class=\"alignnone size-full wp-image-2532\" src=\"https:\/\/blog.ruehlemanns.de\/wp-content\/uploads\/2013\/01\/ayahuasca_yage.jpg\" alt=\"\" width=\"880\" height=\"600\" srcset=\"https:\/\/blog.ruehlemanns.de\/wp-content\/uploads\/2013\/01\/ayahuasca_yage.jpg 880w, https:\/\/blog.ruehlemanns.de\/wp-content\/uploads\/2013\/01\/ayahuasca_yage-300x204.jpg 300w, https:\/\/blog.ruehlemanns.de\/wp-content\/uploads\/2013\/01\/ayahuasca_yage-440x300.jpg 440w\" sizes=\"(max-width: 880px) 100vw, 880px\" \/><\/a><br \/>\n<a href=\"https:\/\/www.kraeuter-und-duftpflanzen.de\/Pflanzen-und-Saatgut\/Abelie-Augentrost\/A-Einzelsorten\/Ayahuasca-Yage-Pflanze\" target=\"_blank\"><span style=\"text-decoration: underline\"><strong>Ayahuasca, Yage<\/strong><\/span><\/a><\/p>\n<p style=\"text-align: center\"><a href=\"https:\/\/blog.ruehlemanns.de\/wp-content\/uploads\/2013\/01\/baumchili_rot.jpg\"><img loading=\"lazy\" decoding=\"async\" class=\"alignnone size-full wp-image-2533\" src=\"https:\/\/blog.ruehlemanns.de\/wp-content\/uploads\/2013\/01\/baumchili_rot.jpg\" alt=\"\" width=\"880\" height=\"600\" srcset=\"https:\/\/blog.ruehlemanns.de\/wp-content\/uploads\/2013\/01\/baumchili_rot.jpg 880w, https:\/\/blog.ruehlemanns.de\/wp-content\/uploads\/2013\/01\/baumchili_rot-300x204.jpg 300w, https:\/\/blog.ruehlemanns.de\/wp-content\/uploads\/2013\/01\/baumchili_rot-440x300.jpg 440w\" sizes=\"(max-width: 880px) 100vw, 880px\" \/><\/a><br \/>\n<a href=\"https:\/\/www.kraeuter-und-duftpflanzen.de\/Pflanzen-und-Saatgut\/Gagelstrauch-Guduchi\/Gewuerzpaprika-und-Chili-\/Baumchili-rot-Pflanze\" target=\"_blank\"><strong><span style=\"text-decoration: underline\">Baumchili, rot<\/span><\/strong><\/a><\/p>\n<p style=\"text-align: center\"><a href=\"https:\/\/blog.ruehlemanns.de\/wp-content\/uploads\/2013\/01\/iboza.jpg\"><img loading=\"lazy\" decoding=\"async\" class=\"alignnone size-full wp-image-2534\" src=\"https:\/\/blog.ruehlemanns.de\/wp-content\/uploads\/2013\/01\/iboza.jpg\" alt=\"\" width=\"880\" height=\"600\" srcset=\"https:\/\/blog.ruehlemanns.de\/wp-content\/uploads\/2013\/01\/iboza.jpg 880w, https:\/\/blog.ruehlemanns.de\/wp-content\/uploads\/2013\/01\/iboza-300x204.jpg 300w, https:\/\/blog.ruehlemanns.de\/wp-content\/uploads\/2013\/01\/iboza-440x300.jpg 440w\" sizes=\"(max-width: 880px) 100vw, 880px\" \/><\/a><br \/>\n<a href=\"https:\/\/www.kraeuter-und-duftpflanzen.de\/Pflanzen-und-Saatgut\/Iboza-Indigo\/I-Einzelsorten\/Iboza-Pflanze\" target=\"_blank\"><span style=\"text-decoration: underline\"><strong>Iboza<\/strong><\/span><\/a><\/p>\n<p style=\"text-align: left\">In diesem Sinne w\u00fcnschen wir einen farbenfrohen Winter!<\/p>\n<p style=\"text-align: center\">\n","protected":false},"excerpt":{"rendered":"<p>Es ist Ende Januar, drau\u00dfen ist es kalt und ungem\u00fctlich. Die Sehnsucht nach Licht und Farben wird immer gr\u00f6\u00dfer. Auf meinem Streifzug durch die warmen Gew\u00e4chsh\u00e4user bin ich f\u00fcndig geworden &#8211; Bl\u00fcten und Farben in H\u00fclle und F\u00fclle. H\u00e4tten Sie das vermutet &#8211; an einem 28.Januar? Die Hauptdarsteller dieser Collage sind folgende: Parakresse, afrikanisch Heliotrop [&hellip;]<\/p>\n","protected":false},"author":645,"featured_media":0,"comment_status":"open","ping_status":"open","sticky":false,"template":"","format":"standard","meta":{"site-sidebar-layout":"default","site-content-layout":"","ast-site-content-layout":"default","site-content-style":"default","site-sidebar-style":"default","ast-global-header-display":"","ast-banner-title-visibility":"","ast-main-header-display":"","ast-hfb-above-header-display":"","ast-hfb-below-header-display":"","ast-hfb-mobile-header-display":"","site-post-title":"","ast-breadcrumbs-content":"","ast-featured-img":"","footer-sml-layout":"","ast-disable-related-posts":"","theme-transparent-header-meta":"","adv-header-id-meta":"","stick-header-meta":"","header-above-stick-meta":"","header-main-stick-meta":"","header-below-stick-meta":"","astra-migrate-meta-layouts":"default","ast-page-background-enabled":"default","ast-page-background-meta":{"desktop":{"background-color":"var(--ast-global-color-4)","background-image":"","background-repeat":"repeat","background-position":"center center","background-size":"auto","background-attachment":"scroll","background-type":"","background-media":"","overlay-type":"","overlay-color":"","overlay-opacity":"","overlay-gradient":""},"tablet":{"background-color":"","background-image":"","background-repeat":"repeat","background-position":"center center","background-size":"auto","background-attachment":"scroll","background-type":"","background-media":"","overlay-type":"","overlay-color":"","overlay-opacity":"","overlay-gradient":""},"mobile":{"background-color":"","background-image":"","background-repeat":"repeat","background-position":"center center","background-size":"auto","background-attachment":"scroll","background-type":"","background-media":"","overlay-type":"","overlay-color":"","overlay-opacity":"","overlay-gradient":""}},"ast-content-background-meta":{"desktop":{"background-color":"var(--ast-global-color-5)","background-image":"","background-repeat":"repeat","background-position":"center center","background-size":"auto","background-attachment":"scroll","background-type":"","background-media":"","overlay-type":"","overlay-color":"","overlay-opacity":"","overlay-gradient":""},"tablet":{"background-color":"var(--ast-global-color-5)","background-image":"","background-repeat":"repeat","background-position":"center center","background-size":"auto","background-attachment":"scroll","background-type":"","background-media":"","overlay-type":"","overlay-color":"","overlay-opacity":"","overlay-gradient":""},"mobile":{"background-color":"var(--ast-global-color-5)","background-image":"","background-repeat":"repeat","background-position":"center center","background-size":"auto","background-attachment":"scroll","background-type":"","background-media":"","overlay-type":"","overlay-color":"","overlay-opacity":"","overlay-gradient":""}},"footnotes":""},"categories":[3,5,9],"tags":[],"class_list":["post-2517","post","type-post","status-publish","format-standard","hentry","category-duftpflanzen","category-allemein","category-allgemeines"],"_links":{"self":[{"href":"https:\/\/blog.ruehlemanns.de\/index.php?rest_route=\/wp\/v2\/posts\/2517","targetHints":{"allow":["GET"]}}],"collection":[{"href":"https:\/\/blog.ruehlemanns.de\/index.php?rest_route=\/wp\/v2\/posts"}],"about":[{"href":"https:\/\/blog.ruehlemanns.de\/index.php?rest_route=\/wp\/v2\/types\/post"}],"author":[{"embeddable":true,"href":"https:\/\/blog.ruehlemanns.de\/index.php?rest_route=\/wp\/v2\/users\/645"}],"replies":[{"embeddable":true,"href":"https:\/\/blog.ruehlemanns.de\/index.php?rest_route=%2Fwp%2Fv2%2Fcomments&post=2517"}],"version-history":[{"count":0,"href":"https:\/\/blog.ruehlemanns.de\/index.php?rest_route=\/wp\/v2\/posts\/2517\/revisions"}],"wp:attachment":[{"href":"https:\/\/blog.ruehlemanns.de\/index.php?rest_route=%2Fwp%2Fv2%2Fmedia&parent=2517"}],"wp:term":[{"taxonomy":"category","embeddable":true,"href":"https:\/\/blog.ruehlemanns.de\/index.php?rest_route=%2Fwp%2Fv2%2Fcategories&post=2517"},{"taxonomy":"post_tag","embeddable":true,"href":"https:\/\/blog.ruehlemanns.de\/index.php?rest_route=%2Fwp%2Fv2%2Ftags&post=2517"}],"curies":[{"name":"wp","href":"https:\/\/api.w.org\/{rel}","templated":true}]}}