{"id":249,"date":"2008-07-03T08:38:03","date_gmt":"2008-07-03T06:38:03","guid":{"rendered":"http:\/\/blog.ruehlemanns.de\/?p=249"},"modified":"2008-07-03T08:38:03","modified_gmt":"2008-07-03T06:38:03","slug":"ruhlemanns-im-ndr","status":"publish","type":"post","link":"https:\/\/blog.ruehlemanns.de\/?p=249","title":{"rendered":"R\u00fchlemann`s im NDR"},"content":{"rendered":"<p>Vier Tage lang wurden einige meiner Kollegen auf Schritt und Tritt verfolgt.<br \/>\nWarum? Von Wem?<br \/>\nGanz einfach: Claudia Puzik drehte mit Kameraman Olaf und Tontechniker Hagen im Auftrag des NDR eine Reportage \u00fcber R\u00fchlemann`s.<\/p>\n<p><a href=\"https:\/\/blog.ruehlemanns.de\/wp-content\/uploads\/2008\/07\/kraeutertag2008_20080615-142758-041b.jpg\" title=\"{ndr} Redakteurin Claudia Puzik mit Kameramann Olaf und Tontechniker Hagen\"><img fetchpriority=\"high\" decoding=\"async\" src=\"https:\/\/blog.ruehlemanns.de\/wp-content\/uploads\/2008\/07\/kraeutertag2008_20080615-142758-041b-450x337.jpg\" alt=\"\" title=\"Redakteurin Claudia Puzik mit Kameramann Olaf und Tontechniker Hagen\" width=\"450\" height=\"337\" class=\"alignnone size-medium wp-image-258\" \/><\/a><\/p>\n<p>Unter anderem auf den Spuren von Versandleiter Klaus und Verkaufsleiterin Nancy bekamen sie lebendige Eindr\u00fccke vor und hinter den Kulissen.<\/p>\n<p>Nat\u00fcrlich haben sie sich auch den Kr\u00e4utertag nicht entgehen lassen. So wurden z.B. Boris und ich beim Filmen gefilmt \ud83d\ude42<\/p>\n<p><a href=\"https:\/\/blog.ruehlemanns.de\/wp-content\/uploads\/2008\/06\/kraeutertag2008_20080615-142350-035.jpg\" title=\"{ndr} Das NDR-Team filmt Simone und Boris im Interview mit dem B\u00fcrgermeister\"><img decoding=\"async\" src=\"https:\/\/blog.ruehlemanns.de\/wp-content\/uploads\/2008\/06\/kraeutertag2008_20080615-142350-035-450x280.jpg\" alt=\"\" title=\"Das NDR-Team filmt Simone und Boris im Interview mit dem B\u00fcrgermeister\" width=\"450\" height=\"280\" class=\"alignnone size-medium wp-image-256\" \/><\/a><\/p>\n<p>Zu sehen war diese Sendung &#8222;Im Kr\u00e4uterparadies&#8220; im NDR am 07.07.2008 von 18:15 bis 18:45. <\/p>\n<p>Ihre Simone<\/p>\n<p class=\"fotonachweis\">Fotos: R\u00fchlemann\u00b4s<\/p>\n","protected":false},"excerpt":{"rendered":"<p>Vier Tage lang wurden einige meiner Kollegen auf Schritt und Tritt verfolgt. Warum? Von Wem? Ganz einfach: Claudia Puzik drehte mit Kameraman Olaf und Tontechniker Hagen im Auftrag des NDR eine Reportage \u00fcber R\u00fchlemann`s. Unter anderem auf den Spuren von Versandleiter Klaus und Verkaufsleiterin Nancy bekamen sie lebendige Eindr\u00fccke vor und hinter den Kulissen. Nat\u00fcrlich [&hellip;]<\/p>\n","protected":false},"author":604,"featured_media":0,"comment_status":"open","ping_status":"open","sticky":false,"template":"","format":"standard","meta":{"site-sidebar-layout":"default","site-content-layout":"","ast-site-content-layout":"default","site-content-style":"default","site-sidebar-style":"default","ast-global-header-display":"","ast-banner-title-visibility":"","ast-main-header-display":"","ast-hfb-above-header-display":"","ast-hfb-below-header-display":"","ast-hfb-mobile-header-display":"","site-post-title":"","ast-breadcrumbs-content":"","ast-featured-img":"","footer-sml-layout":"","ast-disable-related-posts":"","theme-transparent-header-meta":"","adv-header-id-meta":"","stick-header-meta":"","header-above-stick-meta":"","header-main-stick-meta":"","header-below-stick-meta":"","astra-migrate-meta-layouts":"default","ast-page-background-enabled":"default","ast-page-background-meta":{"desktop":{"background-color":"var(--ast-global-color-4)","background-image":"","background-repeat":"repeat","background-position":"center center","background-size":"auto","background-attachment":"scroll","background-type":"","background-media":"","overlay-type":"","overlay-color":"","overlay-opacity":"","overlay-gradient":""},"tablet":{"background-color":"","background-image":"","background-repeat":"repeat","background-position":"center center","background-size":"auto","background-attachment":"scroll","background-type":"","background-media":"","overlay-type":"","overlay-color":"","overlay-opacity":"","overlay-gradient":""},"mobile":{"background-color":"","background-image":"","background-repeat":"repeat","background-position":"center center","background-size":"auto","background-attachment":"scroll","background-type":"","background-media":"","overlay-type":"","overlay-color":"","overlay-opacity":"","overlay-gradient":""}},"ast-content-background-meta":{"desktop":{"background-color":"var(--ast-global-color-5)","background-image":"","background-repeat":"repeat","background-position":"center center","background-size":"auto","background-attachment":"scroll","background-type":"","background-media":"","overlay-type":"","overlay-color":"","overlay-opacity":"","overlay-gradient":""},"tablet":{"background-color":"var(--ast-global-color-5)","background-image":"","background-repeat":"repeat","background-position":"center center","background-size":"auto","background-attachment":"scroll","background-type":"","background-media":"","overlay-type":"","overlay-color":"","overlay-opacity":"","overlay-gradient":""},"mobile":{"background-color":"var(--ast-global-color-5)","background-image":"","background-repeat":"repeat","background-position":"center center","background-size":"auto","background-attachment":"scroll","background-type":"","background-media":"","overlay-type":"","overlay-color":"","overlay-opacity":"","overlay-gradient":""}},"footnotes":""},"categories":[9],"tags":[57],"class_list":["post-249","post","type-post","status-publish","format-standard","hentry","category-allgemeines","tag-im-fernsehen"],"_links":{"self":[{"href":"https:\/\/blog.ruehlemanns.de\/index.php?rest_route=\/wp\/v2\/posts\/249","targetHints":{"allow":["GET"]}}],"collection":[{"href":"https:\/\/blog.ruehlemanns.de\/index.php?rest_route=\/wp\/v2\/posts"}],"about":[{"href":"https:\/\/blog.ruehlemanns.de\/index.php?rest_route=\/wp\/v2\/types\/post"}],"author":[{"embeddable":true,"href":"https:\/\/blog.ruehlemanns.de\/index.php?rest_route=\/wp\/v2\/users\/604"}],"replies":[{"embeddable":true,"href":"https:\/\/blog.ruehlemanns.de\/index.php?rest_route=%2Fwp%2Fv2%2Fcomments&post=249"}],"version-history":[{"count":0,"href":"https:\/\/blog.ruehlemanns.de\/index.php?rest_route=\/wp\/v2\/posts\/249\/revisions"}],"wp:attachment":[{"href":"https:\/\/blog.ruehlemanns.de\/index.php?rest_route=%2Fwp%2Fv2%2Fmedia&parent=249"}],"wp:term":[{"taxonomy":"category","embeddable":true,"href":"https:\/\/blog.ruehlemanns.de\/index.php?rest_route=%2Fwp%2Fv2%2Fcategories&post=249"},{"taxonomy":"post_tag","embeddable":true,"href":"https:\/\/blog.ruehlemanns.de\/index.php?rest_route=%2Fwp%2Fv2%2Ftags&post=249"}],"curies":[{"name":"wp","href":"https:\/\/api.w.org\/{rel}","templated":true}]}}