{"id":2202,"date":"2012-09-28T13:53:00","date_gmt":"2012-09-28T12:53:00","guid":{"rendered":"http:\/\/blog.ruehlemanns.de\/?p=2202"},"modified":"2012-09-28T13:53:00","modified_gmt":"2012-09-28T12:53:00","slug":"der-grundstein-ist-gelegt","status":"publish","type":"post","link":"https:\/\/blog.ruehlemanns.de\/?p=2202","title":{"rendered":"Der Grundstein ist gelegt"},"content":{"rendered":"<p>Am Vormittag des 19. September 2012 war es soweit &#8211; eine bis oben hin mit W\u00fcnschen gef\u00fcllte Zeitkapsel &#8230;<br \/>\n<a href=\"https:\/\/blog.ruehlemanns.de\/wp-content\/uploads\/2012\/09\/Bau_3n.jpg\"><img fetchpriority=\"high\" decoding=\"async\" class=\"alignnone size-full wp-image-2203\" src=\"https:\/\/blog.ruehlemanns.de\/wp-content\/uploads\/2012\/09\/Bau_3n.jpg\" alt=\"\" width=\"880\" height=\"600\" srcset=\"https:\/\/blog.ruehlemanns.de\/wp-content\/uploads\/2012\/09\/Bau_3n.jpg 880w, https:\/\/blog.ruehlemanns.de\/wp-content\/uploads\/2012\/09\/Bau_3n-300x204.jpg 300w, https:\/\/blog.ruehlemanns.de\/wp-content\/uploads\/2012\/09\/Bau_3n-440x300.jpg 440w\" sizes=\"(max-width: 880px) 100vw, 880px\" \/><\/a><\/p>\n<p>&#8230; wurde von Daniel im Beisein zahlreicher Fachleute und der versammelten Belegschaft am Fundament des sp\u00e4teren B\u00fcrogeb\u00e4udes eingemauert.<br \/>\n<a href=\"https:\/\/blog.ruehlemanns.de\/wp-content\/uploads\/2012\/09\/Bau_3p.jpg\"><img decoding=\"async\" class=\"alignnone size-full wp-image-2204\" src=\"https:\/\/blog.ruehlemanns.de\/wp-content\/uploads\/2012\/09\/Bau_3p.jpg\" alt=\"\" width=\"880\" height=\"600\" srcset=\"https:\/\/blog.ruehlemanns.de\/wp-content\/uploads\/2012\/09\/Bau_3p.jpg 880w, https:\/\/blog.ruehlemanns.de\/wp-content\/uploads\/2012\/09\/Bau_3p-300x204.jpg 300w, https:\/\/blog.ruehlemanns.de\/wp-content\/uploads\/2012\/09\/Bau_3p-440x300.jpg 440w\" sizes=\"(max-width: 880px) 100vw, 880px\" \/><\/a><\/p>\n<p>In den zur\u00fcckliegenden Sommerwochen haben nicht nur unsere Pflanzen kr\u00e4ftig zugelegt<br \/>\n<a href=\"https:\/\/blog.ruehlemanns.de\/wp-content\/uploads\/2012\/09\/Bau_3t.jpg\"><img decoding=\"async\" class=\"alignnone size-full wp-image-2205\" src=\"https:\/\/blog.ruehlemanns.de\/wp-content\/uploads\/2012\/09\/Bau_3t.jpg\" alt=\"\" width=\"880\" height=\"600\" srcset=\"https:\/\/blog.ruehlemanns.de\/wp-content\/uploads\/2012\/09\/Bau_3t.jpg 880w, https:\/\/blog.ruehlemanns.de\/wp-content\/uploads\/2012\/09\/Bau_3t-300x204.jpg 300w, https:\/\/blog.ruehlemanns.de\/wp-content\/uploads\/2012\/09\/Bau_3t-440x300.jpg 440w\" sizes=\"(max-width: 880px) 100vw, 880px\" \/><\/a><\/p>\n<p>&#8211; auch auf der Baustelle ist inzwischen wieder einiges passiert.<br \/>\nAuf Punktfundamente folgten Streifenfundamente &#8230;<br \/>\n<a href=\"https:\/\/blog.ruehlemanns.de\/wp-content\/uploads\/2012\/09\/Bau_3a.jpg\"><img loading=\"lazy\" decoding=\"async\" class=\"alignnone size-full wp-image-2206\" src=\"https:\/\/blog.ruehlemanns.de\/wp-content\/uploads\/2012\/09\/Bau_3a.jpg\" alt=\"\" width=\"880\" height=\"600\" srcset=\"https:\/\/blog.ruehlemanns.de\/wp-content\/uploads\/2012\/09\/Bau_3a.jpg 880w, https:\/\/blog.ruehlemanns.de\/wp-content\/uploads\/2012\/09\/Bau_3a-300x204.jpg 300w, https:\/\/blog.ruehlemanns.de\/wp-content\/uploads\/2012\/09\/Bau_3a-440x300.jpg 440w\" sizes=\"(max-width: 880px) 100vw, 880px\" \/><\/a><\/p>\n<p>&#8230; und Bodenfundamente, aus denen wie Spielfiguren die Anschl\u00fcsse der Entsorgungsleitungen schauen.<br \/>\n<a href=\"https:\/\/blog.ruehlemanns.de\/wp-content\/uploads\/2012\/09\/Bau_3b.jpg\"><img loading=\"lazy\" decoding=\"async\" class=\"alignnone size-full wp-image-2207\" src=\"https:\/\/blog.ruehlemanns.de\/wp-content\/uploads\/2012\/09\/Bau_3b.jpg\" alt=\"\" width=\"880\" height=\"600\" srcset=\"https:\/\/blog.ruehlemanns.de\/wp-content\/uploads\/2012\/09\/Bau_3b.jpg 880w, https:\/\/blog.ruehlemanns.de\/wp-content\/uploads\/2012\/09\/Bau_3b-300x204.jpg 300w, https:\/\/blog.ruehlemanns.de\/wp-content\/uploads\/2012\/09\/Bau_3b-440x300.jpg 440w\" sizes=\"(max-width: 880px) 100vw, 880px\" \/><\/a><\/p>\n<p>Das Baugel\u00e4nde bot immer wieder \u00dcberraschungen:<br \/>\nGab es auf der einen Seite im Ablaufplan unvorhergesehene Verz\u00f6gerungen, so entstand an anderer Stelle Ungeplantes &#8211; wie dieser &#8218;Palmenhain&#8216; &#8211; scheinbar \u00fcber Nacht &#8230; \ud83d\ude09<br \/>\n<a href=\"https:\/\/blog.ruehlemanns.de\/wp-content\/uploads\/2012\/09\/Bau_3c.jpg\"><img loading=\"lazy\" decoding=\"async\" class=\"alignnone size-full wp-image-2208\" src=\"https:\/\/blog.ruehlemanns.de\/wp-content\/uploads\/2012\/09\/Bau_3c.jpg\" alt=\"\" width=\"880\" height=\"600\" srcset=\"https:\/\/blog.ruehlemanns.de\/wp-content\/uploads\/2012\/09\/Bau_3c.jpg 880w, https:\/\/blog.ruehlemanns.de\/wp-content\/uploads\/2012\/09\/Bau_3c-300x204.jpg 300w, https:\/\/blog.ruehlemanns.de\/wp-content\/uploads\/2012\/09\/Bau_3c-440x300.jpg 440w\" sizes=\"(max-width: 880px) 100vw, 880px\" \/><\/a><\/p>\n<p>Der September hatte rasante Ver\u00e4nderungen im Gep\u00e4ck:<br \/>\nDie ersten Steine wurden gemauert &#8230;<br \/>\n<a href=\"https:\/\/blog.ruehlemanns.de\/wp-content\/uploads\/2012\/09\/Bau_3d.jpg\"><img loading=\"lazy\" decoding=\"async\" class=\"alignnone size-full wp-image-2209\" src=\"https:\/\/blog.ruehlemanns.de\/wp-content\/uploads\/2012\/09\/Bau_3d.jpg\" alt=\"\" width=\"880\" height=\"600\" srcset=\"https:\/\/blog.ruehlemanns.de\/wp-content\/uploads\/2012\/09\/Bau_3d.jpg 880w, https:\/\/blog.ruehlemanns.de\/wp-content\/uploads\/2012\/09\/Bau_3d-300x204.jpg 300w, https:\/\/blog.ruehlemanns.de\/wp-content\/uploads\/2012\/09\/Bau_3d-440x300.jpg 440w\" sizes=\"(max-width: 880px) 100vw, 880px\" \/><\/a><\/p>\n<p>&#8230; und am 12. September, kurz nach 8.00 Uhr morgens, stand der erste Tr\u00e4ger der 6,50m hohen Gew\u00e4chshauskonstruktion!<br \/>\n<a href=\"https:\/\/blog.ruehlemanns.de\/wp-content\/uploads\/2012\/09\/Bau_3e.jpg\"><img loading=\"lazy\" decoding=\"async\" class=\"alignnone size-full wp-image-2210\" src=\"https:\/\/blog.ruehlemanns.de\/wp-content\/uploads\/2012\/09\/Bau_3e.jpg\" alt=\"\" width=\"880\" height=\"600\" srcset=\"https:\/\/blog.ruehlemanns.de\/wp-content\/uploads\/2012\/09\/Bau_3e.jpg 880w, https:\/\/blog.ruehlemanns.de\/wp-content\/uploads\/2012\/09\/Bau_3e-300x204.jpg 300w, https:\/\/blog.ruehlemanns.de\/wp-content\/uploads\/2012\/09\/Bau_3e-440x300.jpg 440w\" sizes=\"(max-width: 880px) 100vw, 880px\" \/><\/a><\/p>\n<p>Ab diesem Zeitpunkt wuchs alles gleichzeitig in die H\u00f6he &#8230;<br \/>\n<a href=\"https:\/\/blog.ruehlemanns.de\/wp-content\/uploads\/2012\/09\/Bau_3g.jpg\"><img loading=\"lazy\" decoding=\"async\" class=\"alignnone size-full wp-image-2211\" src=\"https:\/\/blog.ruehlemanns.de\/wp-content\/uploads\/2012\/09\/Bau_3g.jpg\" alt=\"\" width=\"880\" height=\"600\" srcset=\"https:\/\/blog.ruehlemanns.de\/wp-content\/uploads\/2012\/09\/Bau_3g.jpg 880w, https:\/\/blog.ruehlemanns.de\/wp-content\/uploads\/2012\/09\/Bau_3g-300x204.jpg 300w, https:\/\/blog.ruehlemanns.de\/wp-content\/uploads\/2012\/09\/Bau_3g-440x300.jpg 440w\" sizes=\"(max-width: 880px) 100vw, 880px\" \/><\/a><\/p>\n<p>&#8230; und nur eine Woche sp\u00e4ter, am Tag der Grundsteinlegung, sah das Ganze dann schon so aus:<br \/>\n<a href=\"https:\/\/blog.ruehlemanns.de\/wp-content\/uploads\/2012\/09\/Bau_3j.jpg\"><img loading=\"lazy\" decoding=\"async\" class=\"alignnone size-full wp-image-2212\" src=\"https:\/\/blog.ruehlemanns.de\/wp-content\/uploads\/2012\/09\/Bau_3j.jpg\" alt=\"\" width=\"880\" height=\"600\" srcset=\"https:\/\/blog.ruehlemanns.de\/wp-content\/uploads\/2012\/09\/Bau_3j.jpg 880w, https:\/\/blog.ruehlemanns.de\/wp-content\/uploads\/2012\/09\/Bau_3j-300x204.jpg 300w, https:\/\/blog.ruehlemanns.de\/wp-content\/uploads\/2012\/09\/Bau_3j-440x300.jpg 440w\" sizes=\"(max-width: 880px) 100vw, 880px\" \/><\/a><br \/>\n<a href=\"https:\/\/blog.ruehlemanns.de\/wp-content\/uploads\/2012\/09\/Bau_3k.jpg\"><img loading=\"lazy\" decoding=\"async\" class=\"alignnone size-full wp-image-2213\" src=\"https:\/\/blog.ruehlemanns.de\/wp-content\/uploads\/2012\/09\/Bau_3k.jpg\" alt=\"\" width=\"880\" height=\"600\" srcset=\"https:\/\/blog.ruehlemanns.de\/wp-content\/uploads\/2012\/09\/Bau_3k.jpg 880w, https:\/\/blog.ruehlemanns.de\/wp-content\/uploads\/2012\/09\/Bau_3k-300x204.jpg 300w, https:\/\/blog.ruehlemanns.de\/wp-content\/uploads\/2012\/09\/Bau_3k-440x300.jpg 440w\" sizes=\"(max-width: 880px) 100vw, 880px\" \/><\/a><\/p>\n<p>Bis die ersten Pflanzen einziehen k\u00f6nnen, werden noch einige Schrauben den Weg zu ihrem neuen Bestimmungsort finden m\u00fcssen &#8230;<br \/>\n<a href=\"https:\/\/blog.ruehlemanns.de\/wp-content\/uploads\/2012\/09\/Bau_3m.jpg\"><img loading=\"lazy\" decoding=\"async\" class=\"alignnone size-full wp-image-2214\" src=\"https:\/\/blog.ruehlemanns.de\/wp-content\/uploads\/2012\/09\/Bau_3m.jpg\" alt=\"\" width=\"880\" height=\"600\" srcset=\"https:\/\/blog.ruehlemanns.de\/wp-content\/uploads\/2012\/09\/Bau_3m.jpg 880w, https:\/\/blog.ruehlemanns.de\/wp-content\/uploads\/2012\/09\/Bau_3m-300x204.jpg 300w, https:\/\/blog.ruehlemanns.de\/wp-content\/uploads\/2012\/09\/Bau_3m-440x300.jpg 440w\" sizes=\"(max-width: 880px) 100vw, 880px\" \/><\/a><\/p>\n<p>&#8230; aber ab Ende Oktober soll der erste Gew\u00e4chshausabschnitt fix und fertig sein.<\/p>\n<p><strong>Wir dr\u00fccken die Daumen!<\/p>\n<p><a href=\"https:\/\/blog.ruehlemanns.de\/wp-content\/uploads\/2012\/09\/Bau_3s.jpg\"><img loading=\"lazy\" decoding=\"async\" class=\"alignnone size-full wp-image-2215\" src=\"https:\/\/blog.ruehlemanns.de\/wp-content\/uploads\/2012\/09\/Bau_3s.jpg\" alt=\"\" width=\"880\" height=\"600\" srcset=\"https:\/\/blog.ruehlemanns.de\/wp-content\/uploads\/2012\/09\/Bau_3s.jpg 880w, https:\/\/blog.ruehlemanns.de\/wp-content\/uploads\/2012\/09\/Bau_3s-300x204.jpg 300w, https:\/\/blog.ruehlemanns.de\/wp-content\/uploads\/2012\/09\/Bau_3s-440x300.jpg 440w\" sizes=\"(max-width: 880px) 100vw, 880px\" \/><\/a><\/strong><\/p>\n<p>&nbsp;<\/p>\n<p>&nbsp;<\/p>\n","protected":false},"excerpt":{"rendered":"<p>Am Vormittag des 19. September 2012 war es soweit &#8211; eine bis oben hin mit W\u00fcnschen gef\u00fcllte Zeitkapsel &#8230; &#8230; wurde von Daniel im Beisein zahlreicher Fachleute und der versammelten Belegschaft am Fundament des sp\u00e4teren B\u00fcrogeb\u00e4udes eingemauert. In den zur\u00fcckliegenden Sommerwochen haben nicht nur unsere Pflanzen kr\u00e4ftig zugelegt &#8211; auch auf der Baustelle ist inzwischen [&hellip;]<\/p>\n","protected":false},"author":645,"featured_media":0,"comment_status":"open","ping_status":"open","sticky":false,"template":"","format":"standard","meta":{"site-sidebar-layout":"default","site-content-layout":"","ast-site-content-layout":"default","site-content-style":"default","site-sidebar-style":"default","ast-global-header-display":"","ast-banner-title-visibility":"","ast-main-header-display":"","ast-hfb-above-header-display":"","ast-hfb-below-header-display":"","ast-hfb-mobile-header-display":"","site-post-title":"","ast-breadcrumbs-content":"","ast-featured-img":"","footer-sml-layout":"","ast-disable-related-posts":"","theme-transparent-header-meta":"","adv-header-id-meta":"","stick-header-meta":"","header-above-stick-meta":"","header-main-stick-meta":"","header-below-stick-meta":"","astra-migrate-meta-layouts":"default","ast-page-background-enabled":"default","ast-page-background-meta":{"desktop":{"background-color":"var(--ast-global-color-4)","background-image":"","background-repeat":"repeat","background-position":"center center","background-size":"auto","background-attachment":"scroll","background-type":"","background-media":"","overlay-type":"","overlay-color":"","overlay-opacity":"","overlay-gradient":""},"tablet":{"background-color":"","background-image":"","background-repeat":"repeat","background-position":"center center","background-size":"auto","background-attachment":"scroll","background-type":"","background-media":"","overlay-type":"","overlay-color":"","overlay-opacity":"","overlay-gradient":""},"mobile":{"background-color":"","background-image":"","background-repeat":"repeat","background-position":"center center","background-size":"auto","background-attachment":"scroll","background-type":"","background-media":"","overlay-type":"","overlay-color":"","overlay-opacity":"","overlay-gradient":""}},"ast-content-background-meta":{"desktop":{"background-color":"var(--ast-global-color-5)","background-image":"","background-repeat":"repeat","background-position":"center center","background-size":"auto","background-attachment":"scroll","background-type":"","background-media":"","overlay-type":"","overlay-color":"","overlay-opacity":"","overlay-gradient":""},"tablet":{"background-color":"var(--ast-global-color-5)","background-image":"","background-repeat":"repeat","background-position":"center center","background-size":"auto","background-attachment":"scroll","background-type":"","background-media":"","overlay-type":"","overlay-color":"","overlay-opacity":"","overlay-gradient":""},"mobile":{"background-color":"var(--ast-global-color-5)","background-image":"","background-repeat":"repeat","background-position":"center center","background-size":"auto","background-attachment":"scroll","background-type":"","background-media":"","overlay-type":"","overlay-color":"","overlay-opacity":"","overlay-gradient":""}},"footnotes":""},"categories":[139],"tags":[],"class_list":["post-2202","post","type-post","status-publish","format-standard","hentry","category-bauprojekt-2012"],"_links":{"self":[{"href":"https:\/\/blog.ruehlemanns.de\/index.php?rest_route=\/wp\/v2\/posts\/2202","targetHints":{"allow":["GET"]}}],"collection":[{"href":"https:\/\/blog.ruehlemanns.de\/index.php?rest_route=\/wp\/v2\/posts"}],"about":[{"href":"https:\/\/blog.ruehlemanns.de\/index.php?rest_route=\/wp\/v2\/types\/post"}],"author":[{"embeddable":true,"href":"https:\/\/blog.ruehlemanns.de\/index.php?rest_route=\/wp\/v2\/users\/645"}],"replies":[{"embeddable":true,"href":"https:\/\/blog.ruehlemanns.de\/index.php?rest_route=%2Fwp%2Fv2%2Fcomments&post=2202"}],"version-history":[{"count":0,"href":"https:\/\/blog.ruehlemanns.de\/index.php?rest_route=\/wp\/v2\/posts\/2202\/revisions"}],"wp:attachment":[{"href":"https:\/\/blog.ruehlemanns.de\/index.php?rest_route=%2Fwp%2Fv2%2Fmedia&parent=2202"}],"wp:term":[{"taxonomy":"category","embeddable":true,"href":"https:\/\/blog.ruehlemanns.de\/index.php?rest_route=%2Fwp%2Fv2%2Fcategories&post=2202"},{"taxonomy":"post_tag","embeddable":true,"href":"https:\/\/blog.ruehlemanns.de\/index.php?rest_route=%2Fwp%2Fv2%2Ftags&post=2202"}],"curies":[{"name":"wp","href":"https:\/\/api.w.org\/{rel}","templated":true}]}}