{"id":1714,"date":"2012-02-05T18:35:03","date_gmt":"2012-02-05T17:35:03","guid":{"rendered":"http:\/\/blog.ruehlemanns.de\/?p=1714"},"modified":"2017-01-02T12:18:58","modified_gmt":"2017-01-02T11:18:58","slug":"rundgang-durch-die-gartnerei","status":"publish","type":"post","link":"https:\/\/blog.ruehlemanns.de\/?p=1714","title":{"rendered":"Rundgang durch die G\u00e4rtnerei"},"content":{"rendered":"<p>Heute, am Sonntag, ist es richtig kalt draussen, und trotzdem stehen wir in den Startl\u00f6chern f\u00fcr das kommende Fr\u00fchjahr. Aussaaten m\u00fcssen gemacht werden, Pflanzen zur\u00fcckgeschnitten werden, und die Stecklingsvermehrung kommt jetzt im Februar auch wieder richtig auf Touren.<\/p>\n<p>Zeit also, um sich mal wieder einen ausf\u00fchrlichen \u00dcberblick zu verschaffen. Zumindest in den Gew\u00e4chsh\u00e4usern.<\/p>\n<p>Dieser Streifzug durch die Gew\u00e4chsh\u00e4user hat auch immer wieder einige \u00dcberraschungen parat. Pflanzen, die jetzt ausgerechnet in voller Bl\u00fcte stehen, wie der <strong><a title=\"Fruchtsalbei (Salvia dorisiana)\" href=\"https:\/\/www.kraeuter-und-duftpflanzen.de\/Pflanzen-und-Saatgut\/Salbei-Suessholz\/Salbei-\/Fruchtsalbei-Pflanze\" target=\"_blank\">Fruchtsalbei (Salvia dorisiana)<\/a><\/strong>, der mir heute &#8222;\u00fcber den Weg&#8220; gelaufen ist.<\/p>\n<figure id=\"attachment_1720\" aria-describedby=\"caption-attachment-1720\" style=\"width: 880px\" class=\"wp-caption alignnone\"><a href=\"https:\/\/blog.ruehlemanns.de\/wp-content\/uploads\/2012\/02\/sal10IMG_8709.jpg\"><img fetchpriority=\"high\" decoding=\"async\" class=\"size-full wp-image-1720\" title=\"Fruchtsalbei (Salvia dorisiana)\" src=\"https:\/\/blog.ruehlemanns.de\/wp-content\/uploads\/2012\/02\/sal10IMG_8709.jpg\" alt=\"Fruchtsalbei (Salvia dorisiana)\" width=\"880\" height=\"550\" srcset=\"https:\/\/blog.ruehlemanns.de\/wp-content\/uploads\/2012\/02\/sal10IMG_8709.jpg 880w, https:\/\/blog.ruehlemanns.de\/wp-content\/uploads\/2012\/02\/sal10IMG_8709-300x187.jpg 300w, https:\/\/blog.ruehlemanns.de\/wp-content\/uploads\/2012\/02\/sal10IMG_8709-479x300.jpg 479w\" sizes=\"(max-width: 880px) 100vw, 880px\" \/><\/a><figcaption id=\"caption-attachment-1720\" class=\"wp-caption-text\">Fruchtsalbei (Salvia dorisiana)<\/figcaption><\/figure>\n<p>Dieser Salbei bl\u00fcht wirklich absolut nur im Winter! Diese Bl\u00fcten sind genauso aromatisch wie die gro\u00dfen hellgr\u00fcnen Bl\u00e4tter, und geben eine fantastische essbare Deko in Obstsalaten.<\/p>\n<figure id=\"attachment_1717\" aria-describedby=\"caption-attachment-1717\" style=\"width: 880px\" class=\"wp-caption alignnone\"><a href=\"https:\/\/blog.ruehlemanns.de\/wp-content\/uploads\/2012\/02\/thu01IMG_8694.jpg\"><img decoding=\"async\" class=\"size-full wp-image-1717\" title=\"Rang Jued (Thunbergia laurifolia)\" src=\"https:\/\/blog.ruehlemanns.de\/wp-content\/uploads\/2012\/02\/thu01IMG_8694.jpg\" alt=\"Rang Jued (Thunbergia laurifolia)\" width=\"880\" height=\"550\" srcset=\"https:\/\/blog.ruehlemanns.de\/wp-content\/uploads\/2012\/02\/thu01IMG_8694.jpg 880w, https:\/\/blog.ruehlemanns.de\/wp-content\/uploads\/2012\/02\/thu01IMG_8694-300x187.jpg 300w, https:\/\/blog.ruehlemanns.de\/wp-content\/uploads\/2012\/02\/thu01IMG_8694-479x300.jpg 479w\" sizes=\"(max-width: 880px) 100vw, 880px\" \/><\/a><figcaption id=\"caption-attachment-1717\" class=\"wp-caption-text\">Rang Jued (Thunbergia laurifolia)<\/figcaption><\/figure>\n<p>Auch <strong><a title=\"Rang Jued (Thunbergia laurifolia)\" href=\"https:\/\/www.kraeuter-und-duftpflanzen.de\/Heilkraeuter\/Andere-Heilkraeuter\/Rang-Jued-Pflanze\" target=\"_blank\">Rang Jued (Thunbergia laurifolia)<\/a><\/strong> bl\u00fcht im Winter bevorzugt. In der w\u00e4rmeren Jahreszeit zeigen sich aber gelegentlich auch ein paar Bl\u00fcten. Aber jetzt im Winter sind die leuchtend azurblauen Bl\u00fcten nat\u00fcrlich noch mehr ein Hingucker.<\/p>\n<figure id=\"attachment_1722\" aria-describedby=\"caption-attachment-1722\" style=\"width: 880px\" class=\"wp-caption alignnone\"><a href=\"https:\/\/blog.ruehlemanns.de\/wp-content\/uploads\/2012\/02\/sar01IMG_8698.jpg\"><img decoding=\"async\" class=\"size-full wp-image-1722\" title=\"Fleischbeere (Sarcococca humulis)\" src=\"https:\/\/blog.ruehlemanns.de\/wp-content\/uploads\/2012\/02\/sar01IMG_8698.jpg\" alt=\"Fleischbeere (Sarcococca humulis)\" width=\"880\" height=\"550\" srcset=\"https:\/\/blog.ruehlemanns.de\/wp-content\/uploads\/2012\/02\/sar01IMG_8698.jpg 880w, https:\/\/blog.ruehlemanns.de\/wp-content\/uploads\/2012\/02\/sar01IMG_8698-300x187.jpg 300w, https:\/\/blog.ruehlemanns.de\/wp-content\/uploads\/2012\/02\/sar01IMG_8698-479x300.jpg 479w\" sizes=\"(max-width: 880px) 100vw, 880px\" \/><\/a><figcaption id=\"caption-attachment-1722\" class=\"wp-caption-text\">Fleischbeere (Sarcococca humulis)<\/figcaption><\/figure>\n<p>Im Kalthaus liegt heute wieder ein wunderbar erfrischender Duft in der Luft. Die <strong>Fleischbeere (Sarcococca humulis)<\/strong> ist \u00fcber und \u00fcber mit kleinen wei\u00dfen Bl\u00fcten besetzt und parf\u00fcmiert schon seit ein paar Wochen die kalt-feuchte Gew\u00e4chshausluft.<\/p>\n<figure id=\"attachment_1725\" aria-describedby=\"caption-attachment-1725\" style=\"width: 880px\" class=\"wp-caption alignnone\"><a href=\"https:\/\/blog.ruehlemanns.de\/wp-content\/uploads\/2012\/02\/pip05IMG_8706.jpg\"><img loading=\"lazy\" decoding=\"async\" class=\"size-full wp-image-1725\" title=\"Schwarzer Pfeffer (Piper nigrum)\" src=\"https:\/\/blog.ruehlemanns.de\/wp-content\/uploads\/2012\/02\/pip05IMG_8706.jpg\" alt=\"Schwarzer Pfeffer (Piper nigrum)\" width=\"880\" height=\"550\" srcset=\"https:\/\/blog.ruehlemanns.de\/wp-content\/uploads\/2012\/02\/pip05IMG_8706.jpg 880w, https:\/\/blog.ruehlemanns.de\/wp-content\/uploads\/2012\/02\/pip05IMG_8706-300x187.jpg 300w, https:\/\/blog.ruehlemanns.de\/wp-content\/uploads\/2012\/02\/pip05IMG_8706-479x300.jpg 479w\" sizes=\"(max-width: 880px) 100vw, 880px\" \/><\/a><figcaption id=\"caption-attachment-1725\" class=\"wp-caption-text\">Schwarzer Pfeffer (Piper nigrum)<\/figcaption><\/figure>\n<p>Dann im Warmhaus. Gro\u00dfe \u00dcberraschung! Eine unserer noch ganz kleinen <strong>Pfefferpflanzen (Piper nigrum)<\/strong> hat Fr\u00fcchte angesetzt! Diese Pflanze ist noch nicht einmal ein Jahr alt und tr\u00e4gt schon gr\u00fcne Pfefferbeeren. Fr\u00fcher hatten wir verschiedenste Herk\u00fcnfte von Schwarzem Pfeffer ausprobiert, die nur ganz selten, und schon gar nicht mitten im Winter gefruchtet haben.<\/p>\n<figure id=\"attachment_1731\" aria-describedby=\"caption-attachment-1731\" style=\"width: 880px\" class=\"wp-caption alignnone\"><a href=\"https:\/\/blog.ruehlemanns.de\/wp-content\/uploads\/2012\/02\/phy13IMG_8696.jpg\"><img loading=\"lazy\" decoding=\"async\" class=\"size-full wp-image-1731\" title=\"Andenbeeren (Physalis peruviana)\" src=\"https:\/\/blog.ruehlemanns.de\/wp-content\/uploads\/2012\/02\/phy13IMG_8696.jpg\" alt=\"Andenbeeren (Physalis peruviana)\" width=\"880\" height=\"550\" srcset=\"https:\/\/blog.ruehlemanns.de\/wp-content\/uploads\/2012\/02\/phy13IMG_8696.jpg 880w, https:\/\/blog.ruehlemanns.de\/wp-content\/uploads\/2012\/02\/phy13IMG_8696-300x187.jpg 300w, https:\/\/blog.ruehlemanns.de\/wp-content\/uploads\/2012\/02\/phy13IMG_8696-479x300.jpg 479w\" sizes=\"(max-width: 880px) 100vw, 880px\" \/><\/a><figcaption id=\"caption-attachment-1731\" class=\"wp-caption-text\">Andenbeeren (Physalis peruviana)<\/figcaption><\/figure>\n<p>Und wo wir grad bei Fr\u00fcchten sind&#8230;. Auch die <strong><a title=\"Andenbeeren (Physalis peruviana)\" href=\"https:\/\/www.kraeuter-und-duftpflanzen.de\/Pflanzen-und-Saatgut\/Abelie-Augentrost\/A-Einzelsorten\/Andenbeere-Pflanze\" target=\"_blank\">Andenbeeren (Physalis peruviana)<\/a><\/strong> reifen sogar noch im Winter. Hier bei uns stehen Sie im &#8211; sagen wir mal &#8222;Lauwarmhaus&#8220; &#8211; bei ca. 16-18\u00b0C. \u00dcbrigens sind die Andenbeeren wirklich ausdauernd, und nicht einj\u00e4hrig, wie ich schon oft in B\u00fcchern gelesen habe. Wir vermehren unsere seit vielen Jahren nur noch per Steckling.<\/p>\n<figure id=\"attachment_1728\" aria-describedby=\"caption-attachment-1728\" style=\"width: 880px\" class=\"wp-caption alignnone\"><a href=\"https:\/\/blog.ruehlemanns.de\/wp-content\/uploads\/2012\/02\/ull01IMG_8688.jpg\"><img loading=\"lazy\" decoding=\"async\" class=\"size-full wp-image-1728\" title=\"Melloco (Ullucus tuberosus)\" src=\"https:\/\/blog.ruehlemanns.de\/wp-content\/uploads\/2012\/02\/ull01IMG_8688.jpg\" alt=\"Melloco (Ullucus tuberosus)\" width=\"880\" height=\"550\" srcset=\"https:\/\/blog.ruehlemanns.de\/wp-content\/uploads\/2012\/02\/ull01IMG_8688.jpg 880w, https:\/\/blog.ruehlemanns.de\/wp-content\/uploads\/2012\/02\/ull01IMG_8688-300x187.jpg 300w, https:\/\/blog.ruehlemanns.de\/wp-content\/uploads\/2012\/02\/ull01IMG_8688-479x300.jpg 479w\" sizes=\"(max-width: 880px) 100vw, 880px\" \/><\/a><figcaption id=\"caption-attachment-1728\" class=\"wp-caption-text\">Melloco (Ullucus tuberosus)<\/figcaption><\/figure>\n<p>Erst im Winter wurden in der G\u00e4rtnerei auch zwei knollenbildende Arten geerntet. Heute leuchteten sie mich in der Februarsonne richtig an. <strong><a title=\"Melloco (Ullucus tuberosus)\" href=\"https:\/\/www.kraeuter-und-duftpflanzen.de\/Pflanzen-und-Saatgut\/Maca-Myrte\/M-Einzelsorten\/Melloco-Pflanze\" target=\"_blank\">Melloco (Ullucus tuberosus)<\/a><\/strong> und <strong><a title=\"Peruanischer Sauerklee (Oxalis tuberosa)\" href=\"https:\/\/www.kraeuter-und-duftpflanzen.de\/Pflanzen-und-Saatgut\/Salbei-Suessholz\/S-Einzelsorten\/Peruanischer-Sauerklee-Oca-Pflanze\" target=\"_blank\">Peruanischer Sauerklee (Oxalis tuberosa)<\/a><\/strong>. Beide haben quasi Doppelnutzen. Im Sommer sind die Sauerkleebl\u00e4tter toll am Salat oder in Kr\u00e4utertee, und Melloco ist ein leckerer milder Spinat. Und jetzt kann man die Knollen beider Arten als Gem\u00fcse verzehren. Wie praktisch!<\/p>\n<figure id=\"attachment_1730\" aria-describedby=\"caption-attachment-1730\" style=\"width: 880px\" class=\"wp-caption alignnone\"><a href=\"https:\/\/blog.ruehlemanns.de\/wp-content\/uploads\/2012\/02\/oxa01IMG_8677.jpg\"><img loading=\"lazy\" decoding=\"async\" class=\"size-full wp-image-1730\" title=\"Peruanischer Sauerklee (Oxalis tuberosa)\" src=\"https:\/\/blog.ruehlemanns.de\/wp-content\/uploads\/2012\/02\/oxa01IMG_8677.jpg\" alt=\"Peruanischer Sauerklee (Oxalis tuberosa)\" width=\"880\" height=\"550\" srcset=\"https:\/\/blog.ruehlemanns.de\/wp-content\/uploads\/2012\/02\/oxa01IMG_8677.jpg 880w, https:\/\/blog.ruehlemanns.de\/wp-content\/uploads\/2012\/02\/oxa01IMG_8677-300x187.jpg 300w, https:\/\/blog.ruehlemanns.de\/wp-content\/uploads\/2012\/02\/oxa01IMG_8677-479x300.jpg 479w\" sizes=\"(max-width: 880px) 100vw, 880px\" \/><\/a><figcaption id=\"caption-attachment-1730\" class=\"wp-caption-text\">Peruanischer Sauerklee (Oxalis tuberosa)<\/figcaption><\/figure>\n","protected":false},"excerpt":{"rendered":"<p>Heute, am Sonntag, ist es richtig kalt draussen, und trotzdem stehen wir in den Startl\u00f6chern f\u00fcr das kommende Fr\u00fchjahr. Aussaaten m\u00fcssen gemacht werden, Pflanzen zur\u00fcckgeschnitten werden, und die Stecklingsvermehrung kommt jetzt im Februar auch wieder richtig auf Touren. Zeit also, um sich mal wieder einen ausf\u00fchrlichen \u00dcberblick zu verschaffen. Zumindest in den Gew\u00e4chsh\u00e4usern. Dieser Streifzug [&hellip;]<\/p>\n","protected":false},"author":604,"featured_media":0,"comment_status":"open","ping_status":"open","sticky":false,"template":"","format":"standard","meta":{"site-sidebar-layout":"default","site-content-layout":"","ast-site-content-layout":"default","site-content-style":"default","site-sidebar-style":"default","ast-global-header-display":"","ast-banner-title-visibility":"","ast-main-header-display":"","ast-hfb-above-header-display":"","ast-hfb-below-header-display":"","ast-hfb-mobile-header-display":"","site-post-title":"","ast-breadcrumbs-content":"","ast-featured-img":"","footer-sml-layout":"","ast-disable-related-posts":"","theme-transparent-header-meta":"","adv-header-id-meta":"","stick-header-meta":"","header-above-stick-meta":"","header-main-stick-meta":"","header-below-stick-meta":"","astra-migrate-meta-layouts":"default","ast-page-background-enabled":"default","ast-page-background-meta":{"desktop":{"background-color":"var(--ast-global-color-4)","background-image":"","background-repeat":"repeat","background-position":"center center","background-size":"auto","background-attachment":"scroll","background-type":"","background-media":"","overlay-type":"","overlay-color":"","overlay-opacity":"","overlay-gradient":""},"tablet":{"background-color":"","background-image":"","background-repeat":"repeat","background-position":"center center","background-size":"auto","background-attachment":"scroll","background-type":"","background-media":"","overlay-type":"","overlay-color":"","overlay-opacity":"","overlay-gradient":""},"mobile":{"background-color":"","background-image":"","background-repeat":"repeat","background-position":"center center","background-size":"auto","background-attachment":"scroll","background-type":"","background-media":"","overlay-type":"","overlay-color":"","overlay-opacity":"","overlay-gradient":""}},"ast-content-background-meta":{"desktop":{"background-color":"var(--ast-global-color-5)","background-image":"","background-repeat":"repeat","background-position":"center center","background-size":"auto","background-attachment":"scroll","background-type":"","background-media":"","overlay-type":"","overlay-color":"","overlay-opacity":"","overlay-gradient":""},"tablet":{"background-color":"var(--ast-global-color-5)","background-image":"","background-repeat":"repeat","background-position":"center center","background-size":"auto","background-attachment":"scroll","background-type":"","background-media":"","overlay-type":"","overlay-color":"","overlay-opacity":"","overlay-gradient":""},"mobile":{"background-color":"var(--ast-global-color-5)","background-image":"","background-repeat":"repeat","background-position":"center center","background-size":"auto","background-attachment":"scroll","background-type":"","background-media":"","overlay-type":"","overlay-color":"","overlay-opacity":"","overlay-gradient":""}},"footnotes":""},"categories":[5,9],"tags":[137],"class_list":["post-1714","post","type-post","status-publish","format-standard","hentry","category-allemein","category-allgemeines","tag-winter"],"_links":{"self":[{"href":"https:\/\/blog.ruehlemanns.de\/index.php?rest_route=\/wp\/v2\/posts\/1714","targetHints":{"allow":["GET"]}}],"collection":[{"href":"https:\/\/blog.ruehlemanns.de\/index.php?rest_route=\/wp\/v2\/posts"}],"about":[{"href":"https:\/\/blog.ruehlemanns.de\/index.php?rest_route=\/wp\/v2\/types\/post"}],"author":[{"embeddable":true,"href":"https:\/\/blog.ruehlemanns.de\/index.php?rest_route=\/wp\/v2\/users\/604"}],"replies":[{"embeddable":true,"href":"https:\/\/blog.ruehlemanns.de\/index.php?rest_route=%2Fwp%2Fv2%2Fcomments&post=1714"}],"version-history":[{"count":0,"href":"https:\/\/blog.ruehlemanns.de\/index.php?rest_route=\/wp\/v2\/posts\/1714\/revisions"}],"wp:attachment":[{"href":"https:\/\/blog.ruehlemanns.de\/index.php?rest_route=%2Fwp%2Fv2%2Fmedia&parent=1714"}],"wp:term":[{"taxonomy":"category","embeddable":true,"href":"https:\/\/blog.ruehlemanns.de\/index.php?rest_route=%2Fwp%2Fv2%2Fcategories&post=1714"},{"taxonomy":"post_tag","embeddable":true,"href":"https:\/\/blog.ruehlemanns.de\/index.php?rest_route=%2Fwp%2Fv2%2Ftags&post=1714"}],"curies":[{"name":"wp","href":"https:\/\/api.w.org\/{rel}","templated":true}]}}