{"id":15653,"date":"2025-10-10T07:35:26","date_gmt":"2025-10-10T06:35:26","guid":{"rendered":"https:\/\/blog.ruehlemanns.de\/?p=15653"},"modified":"2025-10-10T07:40:17","modified_gmt":"2025-10-10T06:40:17","slug":"kraeuter-trocknen","status":"publish","type":"post","link":"https:\/\/blog.ruehlemanns.de\/?p=15653","title":{"rendered":"Kr\u00e4uter trocknen"},"content":{"rendered":"\t\t<div data-elementor-type=\"wp-post\" data-elementor-id=\"15653\" class=\"elementor elementor-15653\">\n\t\t\t\t<div class=\"elementor-element elementor-element-14128a8 e-flex e-con-boxed e-con e-parent\" data-id=\"14128a8\" data-element_type=\"container\" data-e-type=\"container\">\n\t\t\t\t\t<div class=\"e-con-inner\">\n\t\t\t\t<div class=\"elementor-element elementor-element-e8f1fc8 elementor-widget elementor-widget-text-editor\" data-id=\"e8f1fc8\" data-element_type=\"widget\" data-e-type=\"widget\" data-widget_type=\"text-editor.default\">\n\t\t\t\t<div class=\"elementor-widget-container\">\n\t\t\t\t\t\t\t\t\t<p>Um im Winter nicht auf die wertvollen Kr\u00e4uter verzichten zu m\u00fcssen, gibt es tolle M\u00f6glichkeiten, diese zu konservieren, wobei das Trocknen, vorausgesetzt man beachtet einige Regeln, die einfachste Methode ist.<\/p>\t\t\t\t\t\t\t\t<\/div>\n\t\t\t\t<\/div>\n\t\t\t\t<div class=\"elementor-element elementor-element-7a1eb86 elementor-widget elementor-widget-image\" data-id=\"7a1eb86\" data-element_type=\"widget\" data-e-type=\"widget\" data-widget_type=\"image.default\">\n\t\t\t\t<div class=\"elementor-widget-container\">\n\t\t\t\t\t\t\t\t\t\t\t\t\t\t\t<img fetchpriority=\"high\" decoding=\"async\" width=\"1024\" height=\"683\" src=\"https:\/\/blog.ruehlemanns.de\/wp-content\/uploads\/2025\/10\/DSC03240.jpg\" class=\"attachment-large size-large wp-image-15655\" alt=\"\" srcset=\"https:\/\/blog.ruehlemanns.de\/wp-content\/uploads\/2025\/10\/DSC03240.jpg 1024w, https:\/\/blog.ruehlemanns.de\/wp-content\/uploads\/2025\/10\/DSC03240-300x200.jpg 300w, https:\/\/blog.ruehlemanns.de\/wp-content\/uploads\/2025\/10\/DSC03240-768x512.jpg 768w\" sizes=\"(max-width: 1024px) 100vw, 1024px\" \/>\t\t\t\t\t\t\t\t\t\t\t\t\t\t\t<\/div>\n\t\t\t\t<\/div>\n\t\t\t\t<div class=\"elementor-element elementor-element-5d8ac8f elementor-widget elementor-widget-text-editor\" data-id=\"5d8ac8f\" data-element_type=\"widget\" data-e-type=\"widget\" data-widget_type=\"text-editor.default\">\n\t\t\t\t<div class=\"elementor-widget-container\">\n\t\t\t\t\t\t\t\t\t<p>Auf gr\u00fcndliches Waschen am besten verzichten, dies f\u00f6rdert die Schimmelbildung.<\/p><p>Schonendes Trocknen im Schatten oder einem luftigen Raum erh\u00e4lt die Aromen, Farbe und Inhaltsstoffe.<\/p>\t\t\t\t\t\t\t\t<\/div>\n\t\t\t\t<\/div>\n\t\t\t\t<div class=\"elementor-element elementor-element-cac8863 elementor-widget elementor-widget-image\" data-id=\"cac8863\" data-element_type=\"widget\" data-e-type=\"widget\" data-widget_type=\"image.default\">\n\t\t\t\t<div class=\"elementor-widget-container\">\n\t\t\t\t\t\t\t\t\t\t\t\t\t\t\t<img decoding=\"async\" width=\"1024\" height=\"683\" src=\"https:\/\/blog.ruehlemanns.de\/wp-content\/uploads\/2025\/10\/DSC02239.jpg\" class=\"attachment-large size-large wp-image-15657\" alt=\"\" srcset=\"https:\/\/blog.ruehlemanns.de\/wp-content\/uploads\/2025\/10\/DSC02239.jpg 1024w, https:\/\/blog.ruehlemanns.de\/wp-content\/uploads\/2025\/10\/DSC02239-300x200.jpg 300w, https:\/\/blog.ruehlemanns.de\/wp-content\/uploads\/2025\/10\/DSC02239-768x512.jpg 768w\" sizes=\"(max-width: 1024px) 100vw, 1024px\" \/>\t\t\t\t\t\t\t\t\t\t\t\t\t\t\t<\/div>\n\t\t\t\t<\/div>\n\t\t\t\t<div class=\"elementor-element elementor-element-88840fd elementor-widget elementor-widget-text-editor\" data-id=\"88840fd\" data-element_type=\"widget\" data-e-type=\"widget\" data-widget_type=\"text-editor.default\">\n\t\t\t\t<div class=\"elementor-widget-container\">\n\t\t\t\t\t\t\t\t\t<p>Kleinbl\u00e4ttrige Kr\u00e4uter, wie zB. Thymian, Oregano oder Ysop, k\u00f6nnen in kleinen B\u00fcscheln geb\u00fcndelt und an einer Leine getrocknet werden. Gro\u00dfbl\u00e4ttrige Kr\u00e4uter, wie beispielsweise Salbei oder Lorbeer, trocknen wunderbar auf einem Gitter.<\/p>\t\t\t\t\t\t\t\t<\/div>\n\t\t\t\t<\/div>\n\t\t\t\t<div class=\"elementor-element elementor-element-2b8a982 elementor-widget elementor-widget-image\" data-id=\"2b8a982\" data-element_type=\"widget\" data-e-type=\"widget\" data-widget_type=\"image.default\">\n\t\t\t\t<div class=\"elementor-widget-container\">\n\t\t\t\t\t\t\t\t\t\t\t\t\t\t\t<img decoding=\"async\" width=\"1024\" height=\"683\" src=\"https:\/\/blog.ruehlemanns.de\/wp-content\/uploads\/2025\/10\/DSC02274.jpg\" class=\"attachment-large size-large wp-image-15656\" alt=\"\" srcset=\"https:\/\/blog.ruehlemanns.de\/wp-content\/uploads\/2025\/10\/DSC02274.jpg 1024w, https:\/\/blog.ruehlemanns.de\/wp-content\/uploads\/2025\/10\/DSC02274-300x200.jpg 300w, https:\/\/blog.ruehlemanns.de\/wp-content\/uploads\/2025\/10\/DSC02274-768x512.jpg 768w\" sizes=\"(max-width: 1024px) 100vw, 1024px\" \/>\t\t\t\t\t\t\t\t\t\t\t\t\t\t\t<\/div>\n\t\t\t\t<\/div>\n\t\t\t\t<div class=\"elementor-element elementor-element-df2006c elementor-widget elementor-widget-text-editor\" data-id=\"df2006c\" data-element_type=\"widget\" data-e-type=\"widget\" data-widget_type=\"text-editor.default\">\n\t\t\t\t<div class=\"elementor-widget-container\">\n\t\t\t\t\t\t\t\t\t<p>Ein sp\u00e4ter, sonniger Vormittag ist ideal f\u00fcr die Ernte. Die Kr\u00e4uter sind jetzt voller Aromen. Vor der Bl\u00fcte stecken die meisten Inhaltsstoffe in den Pflanzen und es k\u00f6nnen auch ganze Triebe geerntet werden.<br \/>Beim Basilikum, dem nachgesagt wird, es verl\u00f6re beim Trocknen sein Aroma, kann man auch die Bl\u00fcten miternten. Diese sind oft besonders aromatisch.<\/p>\t\t\t\t\t\t\t\t<\/div>\n\t\t\t\t<\/div>\n\t\t\t\t<div class=\"elementor-element elementor-element-9ca95c1 elementor-widget elementor-widget-image\" data-id=\"9ca95c1\" data-element_type=\"widget\" data-e-type=\"widget\" data-widget_type=\"image.default\">\n\t\t\t\t<div class=\"elementor-widget-container\">\n\t\t\t\t\t\t\t\t\t\t\t\t\t\t\t<img loading=\"lazy\" decoding=\"async\" width=\"1024\" height=\"683\" src=\"https:\/\/blog.ruehlemanns.de\/wp-content\/uploads\/2025\/10\/DSC02292.jpg\" class=\"attachment-large size-large wp-image-15658\" alt=\"\" srcset=\"https:\/\/blog.ruehlemanns.de\/wp-content\/uploads\/2025\/10\/DSC02292.jpg 1024w, https:\/\/blog.ruehlemanns.de\/wp-content\/uploads\/2025\/10\/DSC02292-300x200.jpg 300w, https:\/\/blog.ruehlemanns.de\/wp-content\/uploads\/2025\/10\/DSC02292-768x512.jpg 768w\" sizes=\"(max-width: 1024px) 100vw, 1024px\" \/>\t\t\t\t\t\t\t\t\t\t\t\t\t\t\t<\/div>\n\t\t\t\t<\/div>\n\t\t\t\t<div class=\"elementor-element elementor-element-6689e8e elementor-widget elementor-widget-text-editor\" data-id=\"6689e8e\" data-element_type=\"widget\" data-e-type=\"widget\" data-widget_type=\"text-editor.default\">\n\t\t\t\t<div class=\"elementor-widget-container\">\n\t\t\t\t\t\t\t\t\t<p>Ganz wichtig ist die richtige Aufbewahrung der getrockneten Sch\u00e4tze. Wer sie k\u00fchl und dunkel lagert, macht alles richtig. Dunkles Glas oder Keramik sind daf\u00fcr besonders gut geeignet. Versehen mit einem Datum, k\u00f6nnen die Kr\u00e4uter dann problemlos f\u00fcr ihren Einsatz in der K\u00fcche aufbewahrt werden.<\/p><div class=\"elementor-element elementor-element-4226884 elementor-widget elementor-widget-text-editor\" data-id=\"4226884\" data-element_type=\"widget\" data-widget_type=\"text-editor.default\"><div class=\"elementor-widget-container\"><div class=\"elementor-element elementor-element-33db52d e-flex e-con-boxed e-con e-parent e-lazyloaded\" data-id=\"33db52d\" data-element_type=\"container\"><div class=\"e-con-inner\"><div class=\"elementor-element elementor-element-8691bd2 elementor-widget elementor-widget-text-editor\" data-id=\"8691bd2\" data-element_type=\"widget\" data-widget_type=\"text-editor.default\"><div class=\"elementor-widget-container\"><p>Idee und Rezept: Eva Brendel<\/p><p>Fotos: Andr\u00e9 Wieding<\/p><\/div><\/div><\/div><\/div><\/div><\/div>\t\t\t\t\t\t\t\t<\/div>\n\t\t\t\t<\/div>\n\t\t\t\t\t<\/div>\n\t\t\t\t<\/div>\n\t\t\t\t<\/div>\n\t\t","protected":false},"excerpt":{"rendered":"<p>Um im Winter nicht auf die wertvollen Kr\u00e4uter verzichten zu m\u00fcssen, gibt es tolle M\u00f6glichkeiten, diese zu konservieren, wobei das Trocknen, vorausgesetzt man beachtet einige Regeln, die einfachste Methode ist. Auf gr\u00fcndliches Waschen am besten verzichten, dies f\u00f6rdert die Schimmelbildung. Schonendes Trocknen im Schatten oder einem luftigen Raum erh\u00e4lt die Aromen, Farbe und Inhaltsstoffe. Kleinbl\u00e4ttrige [&hellip;]<\/p>\n","protected":false},"author":662,"featured_media":15654,"comment_status":"open","ping_status":"open","sticky":false,"template":"","format":"standard","meta":{"site-sidebar-layout":"default","site-content-layout":"","ast-site-content-layout":"default","site-content-style":"default","site-sidebar-style":"default","ast-global-header-display":"","ast-banner-title-visibility":"","ast-main-header-display":"","ast-hfb-above-header-display":"","ast-hfb-below-header-display":"","ast-hfb-mobile-header-display":"","site-post-title":"","ast-breadcrumbs-content":"","ast-featured-img":"","footer-sml-layout":"","ast-disable-related-posts":"","theme-transparent-header-meta":"","adv-header-id-meta":"","stick-header-meta":"","header-above-stick-meta":"","header-main-stick-meta":"","header-below-stick-meta":"","astra-migrate-meta-layouts":"default","ast-page-background-enabled":"default","ast-page-background-meta":{"desktop":{"background-color":"var(--ast-global-color-4)","background-image":"","background-repeat":"repeat","background-position":"center center","background-size":"auto","background-attachment":"scroll","background-type":"","background-media":"","overlay-type":"","overlay-color":"","overlay-opacity":"","overlay-gradient":""},"tablet":{"background-color":"","background-image":"","background-repeat":"repeat","background-position":"center center","background-size":"auto","background-attachment":"scroll","background-type":"","background-media":"","overlay-type":"","overlay-color":"","overlay-opacity":"","overlay-gradient":""},"mobile":{"background-color":"","background-image":"","background-repeat":"repeat","background-position":"center center","background-size":"auto","background-attachment":"scroll","background-type":"","background-media":"","overlay-type":"","overlay-color":"","overlay-opacity":"","overlay-gradient":""}},"ast-content-background-meta":{"desktop":{"background-color":"var(--ast-global-color-5)","background-image":"","background-repeat":"repeat","background-position":"center center","background-size":"auto","background-attachment":"scroll","background-type":"","background-media":"","overlay-type":"","overlay-color":"","overlay-opacity":"","overlay-gradient":""},"tablet":{"background-color":"var(--ast-global-color-5)","background-image":"","background-repeat":"repeat","background-position":"center center","background-size":"auto","background-attachment":"scroll","background-type":"","background-media":"","overlay-type":"","overlay-color":"","overlay-opacity":"","overlay-gradient":""},"mobile":{"background-color":"var(--ast-global-color-5)","background-image":"","background-repeat":"repeat","background-position":"center center","background-size":"auto","background-attachment":"scroll","background-type":"","background-media":"","overlay-type":"","overlay-color":"","overlay-opacity":"","overlay-gradient":""}},"footnotes":""},"categories":[138,102],"tags":[],"class_list":["post-15653","post","type-post","status-publish","format-standard","has-post-thumbnail","hentry","category-mitarbeiter","category-rezepte"],"_links":{"self":[{"href":"https:\/\/blog.ruehlemanns.de\/index.php?rest_route=\/wp\/v2\/posts\/15653","targetHints":{"allow":["GET"]}}],"collection":[{"href":"https:\/\/blog.ruehlemanns.de\/index.php?rest_route=\/wp\/v2\/posts"}],"about":[{"href":"https:\/\/blog.ruehlemanns.de\/index.php?rest_route=\/wp\/v2\/types\/post"}],"author":[{"embeddable":true,"href":"https:\/\/blog.ruehlemanns.de\/index.php?rest_route=\/wp\/v2\/users\/662"}],"replies":[{"embeddable":true,"href":"https:\/\/blog.ruehlemanns.de\/index.php?rest_route=%2Fwp%2Fv2%2Fcomments&post=15653"}],"version-history":[{"count":6,"href":"https:\/\/blog.ruehlemanns.de\/index.php?rest_route=\/wp\/v2\/posts\/15653\/revisions"}],"predecessor-version":[{"id":15664,"href":"https:\/\/blog.ruehlemanns.de\/index.php?rest_route=\/wp\/v2\/posts\/15653\/revisions\/15664"}],"wp:featuredmedia":[{"embeddable":true,"href":"https:\/\/blog.ruehlemanns.de\/index.php?rest_route=\/wp\/v2\/media\/15654"}],"wp:attachment":[{"href":"https:\/\/blog.ruehlemanns.de\/index.php?rest_route=%2Fwp%2Fv2%2Fmedia&parent=15653"}],"wp:term":[{"taxonomy":"category","embeddable":true,"href":"https:\/\/blog.ruehlemanns.de\/index.php?rest_route=%2Fwp%2Fv2%2Fcategories&post=15653"},{"taxonomy":"post_tag","embeddable":true,"href":"https:\/\/blog.ruehlemanns.de\/index.php?rest_route=%2Fwp%2Fv2%2Ftags&post=15653"}],"curies":[{"name":"wp","href":"https:\/\/api.w.org\/{rel}","templated":true}]}}