{"id":15080,"date":"2025-03-06T14:01:08","date_gmt":"2025-03-06T13:01:08","guid":{"rendered":"https:\/\/blog.ruehlemanns.de\/?p=15080"},"modified":"2025-03-06T14:01:48","modified_gmt":"2025-03-06T13:01:48","slug":"fruchtige-yuzu-kuchenschnitten","status":"publish","type":"post","link":"https:\/\/blog.ruehlemanns.de\/?p=15080","title":{"rendered":"Fruchtige Yuzu Kuchenschnitten"},"content":{"rendered":"\t\t<div data-elementor-type=\"wp-post\" data-elementor-id=\"15080\" class=\"elementor elementor-15080\">\n\t\t\t\t<div class=\"elementor-element elementor-element-e26af64 e-flex e-con-boxed e-con e-parent\" data-id=\"e26af64\" data-element_type=\"container\" data-e-type=\"container\">\n\t\t\t\t\t<div class=\"e-con-inner\">\n\t\t\t\t<div class=\"elementor-element elementor-element-9acfaa4 elementor-widget elementor-widget-text-editor\" data-id=\"9acfaa4\" data-element_type=\"widget\" data-e-type=\"widget\" data-widget_type=\"text-editor.default\">\n\t\t\t\t<div class=\"elementor-widget-container\">\n\t\t\t\t\t\t\t\t\t<div class=\"x11i5rnm xat24cr x1mh8g0r x1vvkbs xtlvy1s x126k92a\"><div dir=\"auto\">F\u00fcr den M\u00fcrbeteigboden:<\/div><div dir=\"auto\">170g Dinkelmehl 630<\/div><div dir=\"auto\">85g Zucker<\/div><div dir=\"auto\">135g Butter<\/div><div dir=\"auto\">\u00a0<\/div><\/div><div class=\"x11i5rnm xat24cr x1mh8g0r x1vvkbs xtlvy1s x126k92a\"><div dir=\"auto\">F\u00fcr die Fruchtschicht:<\/div><div dir=\"auto\">5 gro\u00dfe Eier<\/div><div dir=\"auto\">440g Zucker<\/div><div dir=\"auto\">1-2 TL <a href=\"https:\/\/www.kraeuter-und-duftpflanzen.de\/pflanzen-saatgut\/canna-cystus\/citrus\/yuzu-pflanze\" target=\"_blank\" rel=\"noopener\">Yuzu<\/a> Schale<\/div><div dir=\"auto\">180ml Yuzu Saft<\/div><div dir=\"auto\">60g Dinkelmehl<\/div><div dir=\"auto\">\u00a0<\/div><\/div><div class=\"x11i5rnm xat24cr x1mh8g0r x1vvkbs xtlvy1s x126k92a\"><div dir=\"auto\">2-3 EL Puderzucker f\u00fcrs Topping<\/div><\/div>\t\t\t\t\t\t\t\t<\/div>\n\t\t\t\t<\/div>\n\t\t\t\t<div class=\"elementor-element elementor-element-3b3a22e elementor-widget elementor-widget-image\" data-id=\"3b3a22e\" data-element_type=\"widget\" data-e-type=\"widget\" data-widget_type=\"image.default\">\n\t\t\t\t<div class=\"elementor-widget-container\">\n\t\t\t\t\t\t\t\t\t\t\t\t\t\t\t<img fetchpriority=\"high\" decoding=\"async\" width=\"1024\" height=\"683\" src=\"https:\/\/blog.ruehlemanns.de\/wp-content\/uploads\/2025\/03\/cit03_DSC01790.jpg\" class=\"attachment-large size-large wp-image-15082\" alt=\"\" srcset=\"https:\/\/blog.ruehlemanns.de\/wp-content\/uploads\/2025\/03\/cit03_DSC01790.jpg 1024w, https:\/\/blog.ruehlemanns.de\/wp-content\/uploads\/2025\/03\/cit03_DSC01790-300x200.jpg 300w, https:\/\/blog.ruehlemanns.de\/wp-content\/uploads\/2025\/03\/cit03_DSC01790-768x512.jpg 768w\" sizes=\"(max-width: 1024px) 100vw, 1024px\" \/>\t\t\t\t\t\t\t\t\t\t\t\t\t\t\t<\/div>\n\t\t\t\t<\/div>\n\t\t\t\t<div class=\"elementor-element elementor-element-0ef08e4 elementor-widget elementor-widget-text-editor\" data-id=\"0ef08e4\" data-element_type=\"widget\" data-e-type=\"widget\" data-widget_type=\"text-editor.default\">\n\t\t\t\t<div class=\"elementor-widget-container\">\n\t\t\t\t\t\t\t\t\t<div dir=\"auto\">Heize den Backofen auf 180 Grad Ober\/Unterhitze vor und leg eine 24&#215;24 cm Backform mit Backpapier aus.<\/div><div dir=\"auto\">\u00a0<\/div><div dir=\"auto\">F\u00fcr den M\u00fcrbeteig schneidest du nun die kalte Butter in kleine W\u00fcrfel und knetest, zusammen mit den restlichen Zutaten, alles mit den H\u00e4nden zu einem festen Teig.<\/div><div dir=\"auto\">\u00a0<\/div><div dir=\"auto\">Anschlie\u00dfend gibst du den Teig in deine vorbereitete Backform, verteilst alles gut und dr\u00fcckst den Teig sch\u00f6n fest an damit eine gleichm\u00e4\u00dfige Schicht entsteht.<\/div><div dir=\"auto\">Den Teig nun f\u00fcr 15 Minuten im hei\u00dfen Ofen backen bis die R\u00e4nder leicht gebr\u00e4unt sind. Aus dem Ofen herausnehmen und auf Zimmertemperatur abk\u00fchlen lassen.<\/div><div dir=\"auto\">\u00a0<\/div><div dir=\"auto\">Die Ofentemperatur auf 165 Grad herunter reduzieren. F\u00fcr die Yuzu Schicht die Eier mit dem Zucker in einer gro\u00dfen Sch\u00fcssel kurz und kr\u00e4ftig verquirlen. Danach die restlichen Zutaten hinzugeben und erneut verr\u00fchren bis keine Kl\u00fcmpchen mehr da sind.<\/div>\t\t\t\t\t\t\t\t<\/div>\n\t\t\t\t<\/div>\n\t\t\t\t\t<\/div>\n\t\t\t\t<\/div>\n\t\t<div class=\"elementor-element elementor-element-2182f1c e-flex e-con-boxed e-con e-parent\" data-id=\"2182f1c\" data-element_type=\"container\" data-e-type=\"container\">\n\t\t\t\t\t<div class=\"e-con-inner\">\n\t\t\t\t<div class=\"elementor-element elementor-element-5b4212a elementor-widget elementor-widget-image\" data-id=\"5b4212a\" data-element_type=\"widget\" data-e-type=\"widget\" data-widget_type=\"image.default\">\n\t\t\t\t<div class=\"elementor-widget-container\">\n\t\t\t\t\t\t\t\t\t\t\t\t\t\t\t<img decoding=\"async\" width=\"1024\" height=\"640\" src=\"https:\/\/blog.ruehlemanns.de\/wp-content\/uploads\/2025\/03\/cit03_DSC01430.jpg\" class=\"attachment-large size-large wp-image-15083\" alt=\"\" srcset=\"https:\/\/blog.ruehlemanns.de\/wp-content\/uploads\/2025\/03\/cit03_DSC01430.jpg 1024w, https:\/\/blog.ruehlemanns.de\/wp-content\/uploads\/2025\/03\/cit03_DSC01430-300x188.jpg 300w, https:\/\/blog.ruehlemanns.de\/wp-content\/uploads\/2025\/03\/cit03_DSC01430-768x480.jpg 768w\" sizes=\"(max-width: 1024px) 100vw, 1024px\" \/>\t\t\t\t\t\t\t\t\t\t\t\t\t\t\t<\/div>\n\t\t\t\t<\/div>\n\t\t\t\t<div class=\"elementor-element elementor-element-74727c4 elementor-widget elementor-widget-text-editor\" data-id=\"74727c4\" data-element_type=\"widget\" data-e-type=\"widget\" data-widget_type=\"text-editor.default\">\n\t\t\t\t<div class=\"elementor-widget-container\">\n\t\t\t\t\t\t\t\t\t<div dir=\"auto\">Jetzt einfach die F\u00fcllung auf den abgek\u00fchlten Boden gie\u00dfen und circa 30-35 Minuten backen. Die Mitte sollte fest sein und nicht mehr wackeln wenn du die Form bewegst.<\/div><div dir=\"auto\">\u00a0<\/div><div dir=\"auto\">Zum Schluss die Kuchenschnitten auf Zimmertemperatur in der Form abk\u00fchlen lassen und mindestens 2 Stunden, besser noch \u00fcber Nacht, in den K\u00fchlschrank stellen.<\/div><div dir=\"auto\">\u00a0<\/div><div dir=\"auto\">Zum Servieren den Kuchen vorsichtig aus der Form nehmen, mit einem scharfen Messer in Schnitten schneiden und mit Puderzucker best\u00e4uben.<\/div><div dir=\"auto\">Luftdicht verpackt halten sich die Yuzu Schnitten im K\u00fchlschrank mindestens eine Woche.<\/div>\t\t\t\t\t\t\t\t<\/div>\n\t\t\t\t<\/div>\n\t\t\t\t\t<\/div>\n\t\t\t\t<\/div>\n\t\t<div class=\"elementor-element elementor-element-c847186 e-flex e-con-boxed e-con e-parent\" data-id=\"c847186\" data-element_type=\"container\" data-e-type=\"container\">\n\t\t\t\t\t<div class=\"e-con-inner\">\n\t\t\t\t<div class=\"elementor-element elementor-element-d8a6941 elementor-widget elementor-widget-image\" data-id=\"d8a6941\" data-element_type=\"widget\" data-e-type=\"widget\" data-widget_type=\"image.default\">\n\t\t\t\t<div class=\"elementor-widget-container\">\n\t\t\t\t\t\t\t\t\t\t\t\t\t\t\t<img decoding=\"async\" width=\"1024\" height=\"683\" src=\"https:\/\/blog.ruehlemanns.de\/wp-content\/uploads\/2025\/03\/cit03_DSC01785.jpg\" class=\"attachment-large size-large wp-image-15084\" alt=\"\" srcset=\"https:\/\/blog.ruehlemanns.de\/wp-content\/uploads\/2025\/03\/cit03_DSC01785.jpg 1024w, https:\/\/blog.ruehlemanns.de\/wp-content\/uploads\/2025\/03\/cit03_DSC01785-300x200.jpg 300w, https:\/\/blog.ruehlemanns.de\/wp-content\/uploads\/2025\/03\/cit03_DSC01785-768x512.jpg 768w\" sizes=\"(max-width: 1024px) 100vw, 1024px\" \/>\t\t\t\t\t\t\t\t\t\t\t\t\t\t\t<\/div>\n\t\t\t\t<\/div>\n\t\t\t\t\t<\/div>\n\t\t\t\t<\/div>\n\t\t\t\t<\/div>\n\t\t","protected":false},"excerpt":{"rendered":"<p>F\u00fcr den M\u00fcrbeteigboden:170g Dinkelmehl 63085g Zucker135g Butter\u00a0F\u00fcr die Fruchtschicht:5 gro\u00dfe Eier440g Zucker1-2 TL Yuzu Schale180ml Yuzu Saft60g Dinkelmehl\u00a02-3 EL Puderzucker f\u00fcrs Topping Heize den Backofen auf 180 Grad Ober\/Unterhitze vor und leg eine 24&#215;24 cm Backform mit Backpapier aus.\u00a0F\u00fcr den M\u00fcrbeteig schneidest du nun die kalte Butter in kleine W\u00fcrfel und knetest, zusammen mit den [&hellip;]<\/p>\n","protected":false},"author":662,"featured_media":15081,"comment_status":"open","ping_status":"open","sticky":false,"template":"","format":"standard","meta":{"site-sidebar-layout":"default","site-content-layout":"","ast-site-content-layout":"default","site-content-style":"default","site-sidebar-style":"default","ast-global-header-display":"","ast-banner-title-visibility":"","ast-main-header-display":"","ast-hfb-above-header-display":"","ast-hfb-below-header-display":"","ast-hfb-mobile-header-display":"","site-post-title":"","ast-breadcrumbs-content":"","ast-featured-img":"","footer-sml-layout":"","ast-disable-related-posts":"","theme-transparent-header-meta":"default","adv-header-id-meta":"","stick-header-meta":"default","header-above-stick-meta":"","header-main-stick-meta":"","header-below-stick-meta":"","astra-migrate-meta-layouts":"set","ast-page-background-enabled":"default","ast-page-background-meta":{"desktop":{"background-color":"var(--ast-global-color-4)","background-image":"","background-repeat":"repeat","background-position":"center center","background-size":"auto","background-attachment":"scroll","background-type":"","background-media":"","overlay-type":"","overlay-color":"","overlay-opacity":"","overlay-gradient":""},"tablet":{"background-color":"","background-image":"","background-repeat":"repeat","background-position":"center center","background-size":"auto","background-attachment":"scroll","background-type":"","background-media":"","overlay-type":"","overlay-color":"","overlay-opacity":"","overlay-gradient":""},"mobile":{"background-color":"","background-image":"","background-repeat":"repeat","background-position":"center center","background-size":"auto","background-attachment":"scroll","background-type":"","background-media":"","overlay-type":"","overlay-color":"","overlay-opacity":"","overlay-gradient":""}},"ast-content-background-meta":{"desktop":{"background-color":"var(--ast-global-color-5)","background-image":"","background-repeat":"repeat","background-position":"center center","background-size":"auto","background-attachment":"scroll","background-type":"","background-media":"","overlay-type":"","overlay-color":"","overlay-opacity":"","overlay-gradient":""},"tablet":{"background-color":"var(--ast-global-color-5)","background-image":"","background-repeat":"repeat","background-position":"center center","background-size":"auto","background-attachment":"scroll","background-type":"","background-media":"","overlay-type":"","overlay-color":"","overlay-opacity":"","overlay-gradient":""},"mobile":{"background-color":"var(--ast-global-color-5)","background-image":"","background-repeat":"repeat","background-position":"center center","background-size":"auto","background-attachment":"scroll","background-type":"","background-media":"","overlay-type":"","overlay-color":"","overlay-opacity":"","overlay-gradient":""}},"footnotes":""},"categories":[102],"tags":[],"class_list":["post-15080","post","type-post","status-publish","format-standard","has-post-thumbnail","hentry","category-rezepte"],"_links":{"self":[{"href":"https:\/\/blog.ruehlemanns.de\/index.php?rest_route=\/wp\/v2\/posts\/15080","targetHints":{"allow":["GET"]}}],"collection":[{"href":"https:\/\/blog.ruehlemanns.de\/index.php?rest_route=\/wp\/v2\/posts"}],"about":[{"href":"https:\/\/blog.ruehlemanns.de\/index.php?rest_route=\/wp\/v2\/types\/post"}],"author":[{"embeddable":true,"href":"https:\/\/blog.ruehlemanns.de\/index.php?rest_route=\/wp\/v2\/users\/662"}],"replies":[{"embeddable":true,"href":"https:\/\/blog.ruehlemanns.de\/index.php?rest_route=%2Fwp%2Fv2%2Fcomments&post=15080"}],"version-history":[{"count":29,"href":"https:\/\/blog.ruehlemanns.de\/index.php?rest_route=\/wp\/v2\/posts\/15080\/revisions"}],"predecessor-version":[{"id":15114,"href":"https:\/\/blog.ruehlemanns.de\/index.php?rest_route=\/wp\/v2\/posts\/15080\/revisions\/15114"}],"wp:featuredmedia":[{"embeddable":true,"href":"https:\/\/blog.ruehlemanns.de\/index.php?rest_route=\/wp\/v2\/media\/15081"}],"wp:attachment":[{"href":"https:\/\/blog.ruehlemanns.de\/index.php?rest_route=%2Fwp%2Fv2%2Fmedia&parent=15080"}],"wp:term":[{"taxonomy":"category","embeddable":true,"href":"https:\/\/blog.ruehlemanns.de\/index.php?rest_route=%2Fwp%2Fv2%2Fcategories&post=15080"},{"taxonomy":"post_tag","embeddable":true,"href":"https:\/\/blog.ruehlemanns.de\/index.php?rest_route=%2Fwp%2Fv2%2Ftags&post=15080"}],"curies":[{"name":"wp","href":"https:\/\/api.w.org\/{rel}","templated":true}]}}