{"id":14543,"date":"2024-02-02T12:30:01","date_gmt":"2024-02-02T11:30:01","guid":{"rendered":"https:\/\/blog.ruehlemanns.de\/?p=14543"},"modified":"2024-05-02T14:55:16","modified_gmt":"2024-05-02T13:55:16","slug":"smoothie-zeit-mit-taunton-deane-kohl","status":"publish","type":"post","link":"https:\/\/blog.ruehlemanns.de\/?p=14543","title":{"rendered":"Smoothie Zeit mit &#8218;Taunton Deane&#8216; Kohl"},"content":{"rendered":"<p>Diese neue Sorte <span style=\"color: #008000;\"><strong><a style=\"color: #008000;\" href=\"https:\/\/www.kraeuter-und-duftpflanzen.de\/pflanzen-saatgut\/kalmegh-kuechenschelle\/kohl-ewiger\/ewiger-kohl-taunton-deane-pflanze#search:query=ewiger+Kohl\" target=\"_blank\" rel=\"noopener noreferrer\">ewiger Kohl<\/a><\/strong><\/span> ist durch sein beeindruckendes Wachstum, selbst jetzt im Winter, ein echter Hingucker in unserem Kaltgew\u00e4chshaus. Darum wollte Andr\u00e9 ihn auch unbedingt mal im Smoothie probieren.<\/p>\n<p><a href=\"https:\/\/blog.ruehlemanns.de\/wp-content\/uploads\/2024\/02\/kohl-smoothie-4.jpg\"><img fetchpriority=\"high\" decoding=\"async\" class=\"alignnone size-full wp-image-14547\" src=\"https:\/\/blog.ruehlemanns.de\/wp-content\/uploads\/2024\/02\/kohl-smoothie-4.jpg\" alt=\"\" width=\"1024\" height=\"683\" srcset=\"https:\/\/blog.ruehlemanns.de\/wp-content\/uploads\/2024\/02\/kohl-smoothie-4.jpg 1024w, https:\/\/blog.ruehlemanns.de\/wp-content\/uploads\/2024\/02\/kohl-smoothie-4-300x200.jpg 300w, https:\/\/blog.ruehlemanns.de\/wp-content\/uploads\/2024\/02\/kohl-smoothie-4-768x512.jpg 768w, https:\/\/blog.ruehlemanns.de\/wp-content\/uploads\/2024\/02\/kohl-smoothie-4-450x300.jpg 450w\" sizes=\"(max-width: 1024px) 100vw, 1024px\" \/><\/a><\/p>\n<p>Besonders gespannt waren wir auf den Geschmack, ob das typische Kohlaroma dominiert oder ob er eher dezent unterst\u00fctzt und den Fr\u00fcchten die F\u00fchrung des Geschmacks \u00fcberl\u00e4sst.<\/p>\n<p>In den Smoothie kamen 4 gro\u00dfe Bl\u00e4tter vom Kohl, zwei \u00c4pfel, eine halbe Zitrone, eine Blutorange, ein Zweig\u00a0 <a href=\"https:\/\/www.kraeuter-und-duftpflanzen.de\/wuerzkraeuter\/minze-minzestrauch?p=1\" target=\"_blank\" rel=\"noopener noreferrer\">Minze<\/a>, eine Gurke und ein daumenkuppen gro\u00dfes St\u00fcck Ingwer.<\/p>\n<p>Ungef\u00e4hr ein halber Liter Wasser und einen guten Mixer\u00a0 sp\u00e4ter &#8211; fertig war unser Getr\u00e4nk.<\/p>\n<p><a href=\"https:\/\/blog.ruehlemanns.de\/wp-content\/uploads\/2024\/02\/kohl-smoothie-2.jpg\"><img decoding=\"async\" class=\"alignnone size-full wp-image-14545\" src=\"https:\/\/blog.ruehlemanns.de\/wp-content\/uploads\/2024\/02\/kohl-smoothie-2.jpg\" alt=\"\" width=\"1024\" height=\"683\" srcset=\"https:\/\/blog.ruehlemanns.de\/wp-content\/uploads\/2024\/02\/kohl-smoothie-2.jpg 1024w, https:\/\/blog.ruehlemanns.de\/wp-content\/uploads\/2024\/02\/kohl-smoothie-2-300x200.jpg 300w, https:\/\/blog.ruehlemanns.de\/wp-content\/uploads\/2024\/02\/kohl-smoothie-2-768x512.jpg 768w, https:\/\/blog.ruehlemanns.de\/wp-content\/uploads\/2024\/02\/kohl-smoothie-2-450x300.jpg 450w\" sizes=\"(max-width: 1024px) 100vw, 1024px\" \/><\/a><\/p>\n<p>Optional kann man Chia Samen oder Leinsamen hinzuf\u00fcgen, dann s\u00e4ttig der Smoothie noch mehr.<\/p>\n<p>Die FARBE!!! Ja, Smoothies sind immer gr\u00fcn&#8230; und trotzdem. Dieses Gr\u00fcn ist ja wohl einfach der Hammer! Ich h\u00f6re die K\u00f6rperzellen schon nach Chlorophyll lechzen. Andr\u00e9 und ich waren total davon begeistert.<\/p>\n<p>Geschmacklich ist es ein typischer Green Smoothie, sehr harmonisch und ausgewogen und kein bisschen Kohldominant. Sehr lecker! Machen wir wieder!<\/p>\n<p>Fotos &amp; Idee: Andr\u00e9 Wieding<\/p>\n<p>&nbsp;<\/p>\n<p>&nbsp;<\/p>\n","protected":false},"excerpt":{"rendered":"<p>Diese neue Sorte ewiger Kohl ist durch sein beeindruckendes Wachstum, selbst jetzt im Winter, ein echter Hingucker in unserem Kaltgew\u00e4chshaus. Darum wollte Andr\u00e9 ihn auch unbedingt mal im Smoothie probieren. Besonders gespannt waren wir auf den Geschmack, ob das typische Kohlaroma dominiert oder ob er eher dezent unterst\u00fctzt und den Fr\u00fcchten die F\u00fchrung des Geschmacks [&hellip;]<\/p>\n","protected":false},"author":5346,"featured_media":0,"comment_status":"open","ping_status":"open","sticky":false,"template":"","format":"standard","meta":{"site-sidebar-layout":"default","site-content-layout":"","ast-site-content-layout":"default","site-content-style":"default","site-sidebar-style":"default","ast-global-header-display":"","ast-banner-title-visibility":"","ast-main-header-display":"","ast-hfb-above-header-display":"","ast-hfb-below-header-display":"","ast-hfb-mobile-header-display":"","site-post-title":"","ast-breadcrumbs-content":"","ast-featured-img":"","footer-sml-layout":"","ast-disable-related-posts":"","theme-transparent-header-meta":"default","adv-header-id-meta":"","stick-header-meta":"default","header-above-stick-meta":"","header-main-stick-meta":"","header-below-stick-meta":"","astra-migrate-meta-layouts":"set","ast-page-background-enabled":"default","ast-page-background-meta":{"desktop":{"background-color":"var(--ast-global-color-4)","background-image":"","background-repeat":"repeat","background-position":"center center","background-size":"auto","background-attachment":"scroll","background-type":"","background-media":"","overlay-type":"","overlay-color":"","overlay-opacity":"","overlay-gradient":""},"tablet":{"background-color":"","background-image":"","background-repeat":"repeat","background-position":"center center","background-size":"auto","background-attachment":"scroll","background-type":"","background-media":"","overlay-type":"","overlay-color":"","overlay-opacity":"","overlay-gradient":""},"mobile":{"background-color":"","background-image":"","background-repeat":"repeat","background-position":"center center","background-size":"auto","background-attachment":"scroll","background-type":"","background-media":"","overlay-type":"","overlay-color":"","overlay-opacity":"","overlay-gradient":""}},"ast-content-background-meta":{"desktop":{"background-color":"var(--ast-global-color-5)","background-image":"","background-repeat":"repeat","background-position":"center center","background-size":"auto","background-attachment":"scroll","background-type":"","background-media":"","overlay-type":"","overlay-color":"","overlay-opacity":"","overlay-gradient":""},"tablet":{"background-color":"var(--ast-global-color-5)","background-image":"","background-repeat":"repeat","background-position":"center center","background-size":"auto","background-attachment":"scroll","background-type":"","background-media":"","overlay-type":"","overlay-color":"","overlay-opacity":"","overlay-gradient":""},"mobile":{"background-color":"var(--ast-global-color-5)","background-image":"","background-repeat":"repeat","background-position":"center center","background-size":"auto","background-attachment":"scroll","background-type":"","background-media":"","overlay-type":"","overlay-color":"","overlay-opacity":"","overlay-gradient":""}},"footnotes":""},"categories":[9],"tags":[],"class_list":["post-14543","post","type-post","status-publish","format-standard","hentry","category-allgemeines"],"_links":{"self":[{"href":"https:\/\/blog.ruehlemanns.de\/index.php?rest_route=\/wp\/v2\/posts\/14543","targetHints":{"allow":["GET"]}}],"collection":[{"href":"https:\/\/blog.ruehlemanns.de\/index.php?rest_route=\/wp\/v2\/posts"}],"about":[{"href":"https:\/\/blog.ruehlemanns.de\/index.php?rest_route=\/wp\/v2\/types\/post"}],"author":[{"embeddable":true,"href":"https:\/\/blog.ruehlemanns.de\/index.php?rest_route=\/wp\/v2\/users\/5346"}],"replies":[{"embeddable":true,"href":"https:\/\/blog.ruehlemanns.de\/index.php?rest_route=%2Fwp%2Fv2%2Fcomments&post=14543"}],"version-history":[{"count":0,"href":"https:\/\/blog.ruehlemanns.de\/index.php?rest_route=\/wp\/v2\/posts\/14543\/revisions"}],"wp:attachment":[{"href":"https:\/\/blog.ruehlemanns.de\/index.php?rest_route=%2Fwp%2Fv2%2Fmedia&parent=14543"}],"wp:term":[{"taxonomy":"category","embeddable":true,"href":"https:\/\/blog.ruehlemanns.de\/index.php?rest_route=%2Fwp%2Fv2%2Fcategories&post=14543"},{"taxonomy":"post_tag","embeddable":true,"href":"https:\/\/blog.ruehlemanns.de\/index.php?rest_route=%2Fwp%2Fv2%2Ftags&post=14543"}],"curies":[{"name":"wp","href":"https:\/\/api.w.org\/{rel}","templated":true}]}}