{"id":13162,"date":"2022-03-16T10:33:54","date_gmt":"2022-03-16T09:33:54","guid":{"rendered":"https:\/\/blog.ruehlemanns.de\/?p=13162"},"modified":"2022-03-16T10:33:54","modified_gmt":"2022-03-16T09:33:54","slug":"aromatisches-baerlauch-sueppchen","status":"publish","type":"post","link":"https:\/\/blog.ruehlemanns.de\/?p=13162","title":{"rendered":"Aromatisches B\u00e4rlauch &#8211; S\u00fcppchen"},"content":{"rendered":"<p><a href=\"https:\/\/blog.ruehlemanns.de\/wp-content\/uploads\/2022\/03\/baerlauchsuppe_04.jpg\"><img fetchpriority=\"high\" decoding=\"async\" class=\"alignnone size-full wp-image-13167\" src=\"https:\/\/blog.ruehlemanns.de\/wp-content\/uploads\/2022\/03\/baerlauchsuppe_04.jpg\" alt=\"\" width=\"1024\" height=\"683\" srcset=\"https:\/\/blog.ruehlemanns.de\/wp-content\/uploads\/2022\/03\/baerlauchsuppe_04.jpg 1024w, https:\/\/blog.ruehlemanns.de\/wp-content\/uploads\/2022\/03\/baerlauchsuppe_04-300x200.jpg 300w, https:\/\/blog.ruehlemanns.de\/wp-content\/uploads\/2022\/03\/baerlauchsuppe_04-768x512.jpg 768w, https:\/\/blog.ruehlemanns.de\/wp-content\/uploads\/2022\/03\/baerlauchsuppe_04-450x300.jpg 450w\" sizes=\"(max-width: 1024px) 100vw, 1024px\" \/><\/a><\/p>\n<p>Wenn in der G\u00e4rtnerei das erste Gr\u00fcn des B\u00e4rlauchs zu sprie\u00dfen beginnt, kann ich nicht daran vorbeigehen. Schnell pfl\u00fccke ich ein erstes Bund und \u00fcberlege mir auf dem Weg in die K\u00fcche, wie ich das aromatische Kraut dieses Mal verwenden werde.<\/p>\n<p><a href=\"https:\/\/blog.ruehlemanns.de\/wp-content\/uploads\/2022\/03\/baerlauchsuppe_03.jpg\"><img decoding=\"async\" class=\"alignnone size-full wp-image-13166\" src=\"https:\/\/blog.ruehlemanns.de\/wp-content\/uploads\/2022\/03\/baerlauchsuppe_03.jpg\" alt=\"\" width=\"1024\" height=\"683\" srcset=\"https:\/\/blog.ruehlemanns.de\/wp-content\/uploads\/2022\/03\/baerlauchsuppe_03.jpg 1024w, https:\/\/blog.ruehlemanns.de\/wp-content\/uploads\/2022\/03\/baerlauchsuppe_03-300x200.jpg 300w, https:\/\/blog.ruehlemanns.de\/wp-content\/uploads\/2022\/03\/baerlauchsuppe_03-768x512.jpg 768w, https:\/\/blog.ruehlemanns.de\/wp-content\/uploads\/2022\/03\/baerlauchsuppe_03-450x300.jpg 450w\" sizes=\"(max-width: 1024px) 100vw, 1024px\" \/><\/a><\/p>\n<p>Pastinaken-B\u00e4rlauch-S\u00fcppchen:<\/p>\n<p>500 g Pastinaken und 250 g Kartoffeln in kleine W\u00fcrfel schneiden und mit etwas Butter and\u00fcnsten. Mit 100 ml Wei\u00dfwein abl\u00f6schen und etwas einkochen lassen. Mit einem Liter Gem\u00fcsebr\u00fche aufgie\u00dfen und ein Bund fein geschnittenen B\u00e4rlauch dazu geben. Das Ganze mit Salz und Pfeffer und ca. 15 Minuten k\u00f6cheln lassen.<\/p>\n<p><a href=\"https:\/\/blog.ruehlemanns.de\/wp-content\/uploads\/2022\/03\/baerlauchsuppe_01.jpg\"><img decoding=\"async\" class=\"alignnone size-full wp-image-13164\" src=\"https:\/\/blog.ruehlemanns.de\/wp-content\/uploads\/2022\/03\/baerlauchsuppe_01.jpg\" alt=\"\" width=\"1024\" height=\"683\" srcset=\"https:\/\/blog.ruehlemanns.de\/wp-content\/uploads\/2022\/03\/baerlauchsuppe_01.jpg 1024w, https:\/\/blog.ruehlemanns.de\/wp-content\/uploads\/2022\/03\/baerlauchsuppe_01-300x200.jpg 300w, https:\/\/blog.ruehlemanns.de\/wp-content\/uploads\/2022\/03\/baerlauchsuppe_01-768x512.jpg 768w, https:\/\/blog.ruehlemanns.de\/wp-content\/uploads\/2022\/03\/baerlauchsuppe_01-450x300.jpg 450w\" sizes=\"(max-width: 1024px) 100vw, 1024px\" \/><\/a><\/p>\n<p>Als Garnitur eignen sich ein paar Scheibchen der Pastinake, die in Butter angebraten werden.<\/p>\n<p><a href=\"https:\/\/blog.ruehlemanns.de\/wp-content\/uploads\/2022\/03\/baerlauchsuppe_02.jpg\"><img loading=\"lazy\" decoding=\"async\" class=\"alignnone size-full wp-image-13165\" src=\"https:\/\/blog.ruehlemanns.de\/wp-content\/uploads\/2022\/03\/baerlauchsuppe_02.jpg\" alt=\"\" width=\"1024\" height=\"683\" srcset=\"https:\/\/blog.ruehlemanns.de\/wp-content\/uploads\/2022\/03\/baerlauchsuppe_02.jpg 1024w, https:\/\/blog.ruehlemanns.de\/wp-content\/uploads\/2022\/03\/baerlauchsuppe_02-300x200.jpg 300w, https:\/\/blog.ruehlemanns.de\/wp-content\/uploads\/2022\/03\/baerlauchsuppe_02-768x512.jpg 768w, https:\/\/blog.ruehlemanns.de\/wp-content\/uploads\/2022\/03\/baerlauchsuppe_02-450x300.jpg 450w\" sizes=\"(max-width: 1024px) 100vw, 1024px\" \/><\/a><\/p>\n<p>Oder noch ein leckeres B\u00e4rlauchbrot:<\/p>\n<p>500 g Mehl, ein P\u00e4ckchen Trockenhefe, 50 ml Oliven\u00f6l, 300 ml warmes Wasser, 2 TL Kr\u00e4utersalz und ein Essl\u00f6ffel Zucker zu einem glatten Teig kneten. Diesen 30 min. zugedeckt an einem warmen Ort gehen lassen und danach ein Bund fein geschnittenen B\u00e4rlauch unter kneten, einen Laib formen und nochmals 30 min. auf einem mit Backpapier ausgelegten Backblech ruhen lassen.<\/p>\n<p>Den Brotlaib mit einem Essl\u00f6ffel Kr\u00e4utersalz und einem Essl\u00f6ffel Mehl best\u00e4uben. Im vorgeheizten Backofen bei 180 Grad (Umluft) ca. 40 Minuten backen lassen. Leicht in der Pfanne oder im Toaster ger\u00f6stet, entfaltet es sein volles Aroma.<\/p>\n<p><a href=\"https:\/\/blog.ruehlemanns.de\/wp-content\/uploads\/2022\/03\/baerlauchbrot_01.jpg\"><img loading=\"lazy\" decoding=\"async\" class=\"alignnone size-full wp-image-13163\" src=\"https:\/\/blog.ruehlemanns.de\/wp-content\/uploads\/2022\/03\/baerlauchbrot_01.jpg\" alt=\"\" width=\"1024\" height=\"684\" srcset=\"https:\/\/blog.ruehlemanns.de\/wp-content\/uploads\/2022\/03\/baerlauchbrot_01.jpg 1024w, https:\/\/blog.ruehlemanns.de\/wp-content\/uploads\/2022\/03\/baerlauchbrot_01-300x200.jpg 300w, https:\/\/blog.ruehlemanns.de\/wp-content\/uploads\/2022\/03\/baerlauchbrot_01-768x513.jpg 768w, https:\/\/blog.ruehlemanns.de\/wp-content\/uploads\/2022\/03\/baerlauchbrot_01-449x300.jpg 449w\" sizes=\"(max-width: 1024px) 100vw, 1024px\" \/><\/a><\/p>\n<p>Mit diesem tollen Rezept w\u00fcnschen wir Ihnen einen guten Start in die neue Gartensaison. Passend dazu, beginnt am Montag, dem 21.3., wieder unser Pflanzenversand.<\/p>\n<p>&nbsp;<\/p>\n<p>Idee und Umsetzung: Michaela G\u00f6rnig<\/p>\n<p>Fotos: Andr\u00e9 Wieding<\/p>\n<p>&nbsp;<\/p>\n","protected":false},"excerpt":{"rendered":"<p>Wenn in der G\u00e4rtnerei das erste Gr\u00fcn des B\u00e4rlauchs zu sprie\u00dfen beginnt, kann ich nicht daran vorbeigehen. Schnell pfl\u00fccke ich ein erstes Bund und \u00fcberlege mir auf dem Weg in die K\u00fcche, wie ich das aromatische Kraut dieses Mal verwenden werde. Pastinaken-B\u00e4rlauch-S\u00fcppchen: 500 g Pastinaken und 250 g Kartoffeln in kleine W\u00fcrfel schneiden und mit [&hellip;]<\/p>\n","protected":false},"author":5346,"featured_media":0,"comment_status":"open","ping_status":"open","sticky":false,"template":"","format":"standard","meta":{"site-sidebar-layout":"default","site-content-layout":"","ast-site-content-layout":"default","site-content-style":"default","site-sidebar-style":"default","ast-global-header-display":"","ast-banner-title-visibility":"","ast-main-header-display":"","ast-hfb-above-header-display":"","ast-hfb-below-header-display":"","ast-hfb-mobile-header-display":"","site-post-title":"","ast-breadcrumbs-content":"","ast-featured-img":"","footer-sml-layout":"","ast-disable-related-posts":"","theme-transparent-header-meta":"","adv-header-id-meta":"","stick-header-meta":"","header-above-stick-meta":"","header-main-stick-meta":"","header-below-stick-meta":"","astra-migrate-meta-layouts":"default","ast-page-background-enabled":"default","ast-page-background-meta":{"desktop":{"background-color":"var(--ast-global-color-4)","background-image":"","background-repeat":"repeat","background-position":"center center","background-size":"auto","background-attachment":"scroll","background-type":"","background-media":"","overlay-type":"","overlay-color":"","overlay-opacity":"","overlay-gradient":""},"tablet":{"background-color":"","background-image":"","background-repeat":"repeat","background-position":"center center","background-size":"auto","background-attachment":"scroll","background-type":"","background-media":"","overlay-type":"","overlay-color":"","overlay-opacity":"","overlay-gradient":""},"mobile":{"background-color":"","background-image":"","background-repeat":"repeat","background-position":"center center","background-size":"auto","background-attachment":"scroll","background-type":"","background-media":"","overlay-type":"","overlay-color":"","overlay-opacity":"","overlay-gradient":""}},"ast-content-background-meta":{"desktop":{"background-color":"var(--ast-global-color-5)","background-image":"","background-repeat":"repeat","background-position":"center center","background-size":"auto","background-attachment":"scroll","background-type":"","background-media":"","overlay-type":"","overlay-color":"","overlay-opacity":"","overlay-gradient":""},"tablet":{"background-color":"var(--ast-global-color-5)","background-image":"","background-repeat":"repeat","background-position":"center center","background-size":"auto","background-attachment":"scroll","background-type":"","background-media":"","overlay-type":"","overlay-color":"","overlay-opacity":"","overlay-gradient":""},"mobile":{"background-color":"var(--ast-global-color-5)","background-image":"","background-repeat":"repeat","background-position":"center center","background-size":"auto","background-attachment":"scroll","background-type":"","background-media":"","overlay-type":"","overlay-color":"","overlay-opacity":"","overlay-gradient":""}},"footnotes":""},"categories":[9],"tags":[],"class_list":["post-13162","post","type-post","status-publish","format-standard","hentry","category-allgemeines"],"_links":{"self":[{"href":"https:\/\/blog.ruehlemanns.de\/index.php?rest_route=\/wp\/v2\/posts\/13162","targetHints":{"allow":["GET"]}}],"collection":[{"href":"https:\/\/blog.ruehlemanns.de\/index.php?rest_route=\/wp\/v2\/posts"}],"about":[{"href":"https:\/\/blog.ruehlemanns.de\/index.php?rest_route=\/wp\/v2\/types\/post"}],"author":[{"embeddable":true,"href":"https:\/\/blog.ruehlemanns.de\/index.php?rest_route=\/wp\/v2\/users\/5346"}],"replies":[{"embeddable":true,"href":"https:\/\/blog.ruehlemanns.de\/index.php?rest_route=%2Fwp%2Fv2%2Fcomments&post=13162"}],"version-history":[{"count":0,"href":"https:\/\/blog.ruehlemanns.de\/index.php?rest_route=\/wp\/v2\/posts\/13162\/revisions"}],"wp:attachment":[{"href":"https:\/\/blog.ruehlemanns.de\/index.php?rest_route=%2Fwp%2Fv2%2Fmedia&parent=13162"}],"wp:term":[{"taxonomy":"category","embeddable":true,"href":"https:\/\/blog.ruehlemanns.de\/index.php?rest_route=%2Fwp%2Fv2%2Fcategories&post=13162"},{"taxonomy":"post_tag","embeddable":true,"href":"https:\/\/blog.ruehlemanns.de\/index.php?rest_route=%2Fwp%2Fv2%2Ftags&post=13162"}],"curies":[{"name":"wp","href":"https:\/\/api.w.org\/{rel}","templated":true}]}}