{"id":12551,"date":"2021-05-03T14:41:04","date_gmt":"2021-05-03T13:41:04","guid":{"rendered":"https:\/\/blog.ruehlemanns.de\/?p=12551"},"modified":"2021-05-03T14:41:04","modified_gmt":"2021-05-03T13:41:04","slug":"zwischenzeitlich-bei-ruehlemanns","status":"publish","type":"post","link":"https:\/\/blog.ruehlemanns.de\/?p=12551","title":{"rendered":"Zwischenzeitlich bei R\u00fchlemanns"},"content":{"rendered":"<p>Wie jedes Jahr habe ich viel Freude daran die jungen, frisch getopften Pflanzen regelm\u00e4\u00dfig zu Entspitzen um ihren Wuchs zu f\u00f6rdern.<\/p>\n<p>Wichtig ist diese Arbeit besonders bei den w\u00e4rmeliebenden Pflanzen, die nur in der Saison verf\u00fcgbar sind und ab dem Sp\u00e4tsommer \/ Anfang Herbst nicht mehr verschickt werden.<\/p>\n<p><a href=\"https:\/\/blog.ruehlemanns.de\/wp-content\/uploads\/2021\/05\/wildes-purpur.jpg\"><img fetchpriority=\"high\" decoding=\"async\" class=\"alignnone size-full wp-image-12555\" src=\"https:\/\/blog.ruehlemanns.de\/wp-content\/uploads\/2021\/05\/wildes-purpur.jpg\" alt=\"\" width=\"880\" height=\"587\" srcset=\"https:\/\/blog.ruehlemanns.de\/wp-content\/uploads\/2021\/05\/wildes-purpur.jpg 880w, https:\/\/blog.ruehlemanns.de\/wp-content\/uploads\/2021\/05\/wildes-purpur-300x200.jpg 300w, https:\/\/blog.ruehlemanns.de\/wp-content\/uploads\/2021\/05\/wildes-purpur-768x512.jpg 768w, https:\/\/blog.ruehlemanns.de\/wp-content\/uploads\/2021\/05\/wildes-purpur-450x300.jpg 450w\" sizes=\"(max-width: 880px) 100vw, 880px\" \/><\/a><\/p>\n<p>Zum Beispiel unsere Vielfalt an verschiedenen Basilikumsorten, die sich bis auf Ausnahmen (<a href=\"https:\/\/www.kraeuter-und-duftpflanzen.de\/pflanzen-saatgut\/babantsi-bruchkraut\/basilikum\/basilikum-wildes-purpur-pflanze\" target=\"_blank\" rel=\"noopener noreferrer\">Wildes Purpur<\/a>, <a href=\"https:\/\/www.kraeuter-und-duftpflanzen.de\/pflanzen-saatgut\/babantsi-bruchkraut\/basilikum\/basilikum-african-blue-pflanze\" target=\"_blank\" rel=\"noopener noreferrer\">African Blue<\/a>, <a href=\"https:\/\/www.kraeuter-und-duftpflanzen.de\/pflanzen-saatgut\/babantsi-bruchkraut\/basilikum\/wildes-basilikum-tulsi-pflanze\" target=\"_blank\" rel=\"noopener noreferrer\">wildes Tulsi<\/a>), bei Temperaturen unter 12 Grad nicht wohlf\u00fchlen.<\/p>\n<p>Bei richtiger Pflege, dem richtigen Ernteschnitt und Anpassung an ihre Bed\u00fcrfnisse kann man auch in dieser kurzen Zeit sch\u00f6ne, gro\u00dfe, blattreiche Pflanzen heranwachsen sehen und von viel Ernte zehren. Basilikum kann kulinarisch sehr vielseitig verwendet werden. Unsere Sorten sind unterschiedlich in ihrem Geschmack von fein\/s\u00fc\u00dflich bis krautig\/herb.<\/p>\n<p><a href=\"https:\/\/blog.ruehlemanns.de\/wp-content\/uploads\/2021\/05\/yauthli.jpg\"><img decoding=\"async\" class=\"alignnone size-full wp-image-12556\" src=\"https:\/\/blog.ruehlemanns.de\/wp-content\/uploads\/2021\/05\/yauthli.jpg\" alt=\"\" width=\"880\" height=\"587\" srcset=\"https:\/\/blog.ruehlemanns.de\/wp-content\/uploads\/2021\/05\/yauthli.jpg 880w, https:\/\/blog.ruehlemanns.de\/wp-content\/uploads\/2021\/05\/yauthli-300x200.jpg 300w, https:\/\/blog.ruehlemanns.de\/wp-content\/uploads\/2021\/05\/yauthli-768x512.jpg 768w, https:\/\/blog.ruehlemanns.de\/wp-content\/uploads\/2021\/05\/yauthli-450x300.jpg 450w\" sizes=\"(max-width: 880px) 100vw, 880px\" \/><\/a><\/p>\n<p>Selbst wenn manche der empfindlichen Pflanzen nicht mehr ihre volle Pracht zeigen, sobald die Tage wieder k\u00e4lter werden k\u00f6nnen viele von ihnen Nachkommen in Form von Samen hinterlassen, die im n\u00e4chsten Fr\u00fchjahr neu ausges\u00e4t werden k\u00f6nnen. Auch eine Vermehrung \u00fcber Stecklinge ist m\u00f6glich.<\/p>\n<p><a href=\"https:\/\/blog.ruehlemanns.de\/wp-content\/uploads\/2021\/05\/erdmandel.jpg\"><img decoding=\"async\" class=\"alignnone size-full wp-image-12553\" src=\"https:\/\/blog.ruehlemanns.de\/wp-content\/uploads\/2021\/05\/erdmandel.jpg\" alt=\"\" width=\"880\" height=\"587\" srcset=\"https:\/\/blog.ruehlemanns.de\/wp-content\/uploads\/2021\/05\/erdmandel.jpg 880w, https:\/\/blog.ruehlemanns.de\/wp-content\/uploads\/2021\/05\/erdmandel-300x200.jpg 300w, https:\/\/blog.ruehlemanns.de\/wp-content\/uploads\/2021\/05\/erdmandel-768x512.jpg 768w, https:\/\/blog.ruehlemanns.de\/wp-content\/uploads\/2021\/05\/erdmandel-450x300.jpg 450w\" sizes=\"(max-width: 880px) 100vw, 880px\" \/><\/a><\/p>\n<p>Von der <a href=\"https:\/\/www.kraeuter-und-duftpflanzen.de\/pflanzen-saatgut\/echinacea-eukalyptus\/e-einzelsorten\/erdmandel-pflanze\" target=\"_blank\" rel=\"noopener noreferrer\">Erdmandel<\/a>, die erst ab Mitte Mai in den Garten wandern sollte, erntet man im Sp\u00e4therbst die s\u00fc\u00dflich schmeckenden Kn\u00f6llchen und kann, wenn man es schafft, einige aufzubewahren, diese wieder einpflanzen um neue Pflanzen zu gewinnen.<\/p>\n<p><a href=\"https:\/\/blog.ruehlemanns.de\/wp-content\/uploads\/2021\/05\/gewuerztagetes-orange-gem.jpg\"><img loading=\"lazy\" decoding=\"async\" class=\"alignnone size-full wp-image-12554\" src=\"https:\/\/blog.ruehlemanns.de\/wp-content\/uploads\/2021\/05\/gewuerztagetes-orange-gem.jpg\" alt=\"\" width=\"880\" height=\"587\" srcset=\"https:\/\/blog.ruehlemanns.de\/wp-content\/uploads\/2021\/05\/gewuerztagetes-orange-gem.jpg 880w, https:\/\/blog.ruehlemanns.de\/wp-content\/uploads\/2021\/05\/gewuerztagetes-orange-gem-300x200.jpg 300w, https:\/\/blog.ruehlemanns.de\/wp-content\/uploads\/2021\/05\/gewuerztagetes-orange-gem-768x512.jpg 768w, https:\/\/blog.ruehlemanns.de\/wp-content\/uploads\/2021\/05\/gewuerztagetes-orange-gem-450x300.jpg 450w\" sizes=\"(max-width: 880px) 100vw, 880px\" \/><\/a><\/p>\n<p>Die <a href=\"https:\/\/www.kraeuter-und-duftpflanzen.de\/pflanzen-saatgut\/tagetes-tuberose\/tagetes\/gewuerztagetes-orange-gem-pflanze\" target=\"_blank\" rel=\"noopener noreferrer\">Gew\u00fcrz<\/a>&#8211; und <a href=\"https:\/\/www.kraeuter-und-duftpflanzen.de\/pflanzen-saatgut\/tagetes-tuberose\/tagetes\/lakritztagetes-pflanze\" target=\"_blank\" rel=\"noopener noreferrer\">Lakritztagetes<\/a>, bei Kindern sehr beliebt, sind durch ihren filigranen Wuchs wundersch\u00f6n anzusehen und eignen sich unter anderem f\u00fcr s\u00fc\u00dfe und salzige Speisen, Kr\u00e4utertees und Lik\u00f6re.<\/p>\n<p><a href=\"https:\/\/blog.ruehlemanns.de\/wp-content\/uploads\/2021\/05\/tro02_20201012_dsc02806_2223.jpg\"><img loading=\"lazy\" decoding=\"async\" class=\"alignnone size-full wp-image-12560\" src=\"https:\/\/blog.ruehlemanns.de\/wp-content\/uploads\/2021\/05\/tro02_20201012_dsc02806_2223.jpg\" alt=\"\" width=\"880\" height=\"587\" srcset=\"https:\/\/blog.ruehlemanns.de\/wp-content\/uploads\/2021\/05\/tro02_20201012_dsc02806_2223.jpg 880w, https:\/\/blog.ruehlemanns.de\/wp-content\/uploads\/2021\/05\/tro02_20201012_dsc02806_2223-300x200.jpg 300w, https:\/\/blog.ruehlemanns.de\/wp-content\/uploads\/2021\/05\/tro02_20201012_dsc02806_2223-768x512.jpg 768w, https:\/\/blog.ruehlemanns.de\/wp-content\/uploads\/2021\/05\/tro02_20201012_dsc02806_2223-450x300.jpg 450w\" sizes=\"(max-width: 880px) 100vw, 880px\" \/><\/a><\/p>\n<p><a href=\"https:\/\/www.kraeuter-und-duftpflanzen.de\/pflanzen-saatgut\/tagetes-tuberose\/tagetes\/lakritztagetes-pflanze#search:query=Kapuzinerkresse\" target=\"_blank\" rel=\"noopener noreferrer\">Kapuzinerkresse<\/a> wurde 2013 als Arzneipflanze des Jahres gek\u00fcrt. Sie strotzt vor Vitamin C und die etwas scharf schmeckenden Bl\u00e4tter und essbaren Bl\u00fcten sind eine geschmackvolle Erg\u00e4nzung im Salat. Ihre Inhaltsstoffe haben die Eigenschaft die Vermehrung von Viren, Bakterien und Pilzen einzud\u00e4mmen.<\/p>\n<p><a href=\"https:\/\/blog.ruehlemanns.de\/wp-content\/uploads\/2021\/05\/stevia.jpg\"><img loading=\"lazy\" decoding=\"async\" class=\"alignnone size-full wp-image-12563\" src=\"https:\/\/blog.ruehlemanns.de\/wp-content\/uploads\/2021\/05\/stevia.jpg\" alt=\"\" width=\"880\" height=\"587\" srcset=\"https:\/\/blog.ruehlemanns.de\/wp-content\/uploads\/2021\/05\/stevia.jpg 880w, https:\/\/blog.ruehlemanns.de\/wp-content\/uploads\/2021\/05\/stevia-300x200.jpg 300w, https:\/\/blog.ruehlemanns.de\/wp-content\/uploads\/2021\/05\/stevia-768x512.jpg 768w, https:\/\/blog.ruehlemanns.de\/wp-content\/uploads\/2021\/05\/stevia-450x300.jpg 450w\" sizes=\"(max-width: 880px) 100vw, 880px\" \/><\/a><\/p>\n<p><a href=\"https:\/\/www.kraeuter-und-duftpflanzen.de\/pflanzen-saatgut\/tagetes-tuberose\/tagetes\/lakritztagetes-pflanze#search:query=Stevia\" target=\"_blank\" rel=\"noopener noreferrer\">Stevia<\/a> ist eine wertvolle Pflanze f\u00fcr Menschen, die Schwierigkeiten haben richtigen Zucker zu verwerten. Steviabl\u00e4tter werden gern f\u00fcr S\u00fc\u00dfspeisen aller Art sowie zur S\u00fc\u00dfung von Getr\u00e4nken verwendet, k\u00f6nnen aber auch zum Backen und Kochen genutzt werden.<\/p>\n<p><a href=\"https:\/\/blog.ruehlemanns.de\/wp-content\/uploads\/2021\/05\/basilikum.jpg\"><img loading=\"lazy\" decoding=\"async\" class=\"alignnone size-full wp-image-12552\" src=\"https:\/\/blog.ruehlemanns.de\/wp-content\/uploads\/2021\/05\/basilikum.jpg\" alt=\"\" width=\"880\" height=\"587\" srcset=\"https:\/\/blog.ruehlemanns.de\/wp-content\/uploads\/2021\/05\/basilikum.jpg 880w, https:\/\/blog.ruehlemanns.de\/wp-content\/uploads\/2021\/05\/basilikum-300x200.jpg 300w, https:\/\/blog.ruehlemanns.de\/wp-content\/uploads\/2021\/05\/basilikum-768x512.jpg 768w, https:\/\/blog.ruehlemanns.de\/wp-content\/uploads\/2021\/05\/basilikum-450x300.jpg 450w\" sizes=\"(max-width: 880px) 100vw, 880px\" \/><\/a><\/p>\n<p>Rezepte &amp; Tipps gibt es hier:<\/p>\n<p><a href=\"https:\/\/www.kraeuter-und-duftpflanzen.de\/praxis\/rezepte\" target=\"_blank\" rel=\"noopener noreferrer\">https:\/\/www.kraeuter-und-duftpflanzen.de\/praxis\/rezepte<\/a><\/p>\n<p>Text &amp; Idee: Eva Brendel<\/p>\n<p>Fotos: Andr\u00e9 Wieding<\/p>\n","protected":false},"excerpt":{"rendered":"<p>Wie jedes Jahr habe ich viel Freude daran die jungen, frisch getopften Pflanzen regelm\u00e4\u00dfig zu Entspitzen um ihren Wuchs zu f\u00f6rdern. Wichtig ist diese Arbeit besonders bei den w\u00e4rmeliebenden Pflanzen, die nur in der Saison verf\u00fcgbar sind und ab dem Sp\u00e4tsommer \/ Anfang Herbst nicht mehr verschickt werden. Zum Beispiel unsere Vielfalt an verschiedenen Basilikumsorten, [&hellip;]<\/p>\n","protected":false},"author":5346,"featured_media":0,"comment_status":"open","ping_status":"open","sticky":false,"template":"","format":"standard","meta":{"site-sidebar-layout":"default","site-content-layout":"","ast-site-content-layout":"default","site-content-style":"default","site-sidebar-style":"default","ast-global-header-display":"","ast-banner-title-visibility":"","ast-main-header-display":"","ast-hfb-above-header-display":"","ast-hfb-below-header-display":"","ast-hfb-mobile-header-display":"","site-post-title":"","ast-breadcrumbs-content":"","ast-featured-img":"","footer-sml-layout":"","ast-disable-related-posts":"","theme-transparent-header-meta":"","adv-header-id-meta":"","stick-header-meta":"","header-above-stick-meta":"","header-main-stick-meta":"","header-below-stick-meta":"","astra-migrate-meta-layouts":"default","ast-page-background-enabled":"default","ast-page-background-meta":{"desktop":{"background-color":"var(--ast-global-color-4)","background-image":"","background-repeat":"repeat","background-position":"center center","background-size":"auto","background-attachment":"scroll","background-type":"","background-media":"","overlay-type":"","overlay-color":"","overlay-opacity":"","overlay-gradient":""},"tablet":{"background-color":"","background-image":"","background-repeat":"repeat","background-position":"center center","background-size":"auto","background-attachment":"scroll","background-type":"","background-media":"","overlay-type":"","overlay-color":"","overlay-opacity":"","overlay-gradient":""},"mobile":{"background-color":"","background-image":"","background-repeat":"repeat","background-position":"center center","background-size":"auto","background-attachment":"scroll","background-type":"","background-media":"","overlay-type":"","overlay-color":"","overlay-opacity":"","overlay-gradient":""}},"ast-content-background-meta":{"desktop":{"background-color":"var(--ast-global-color-5)","background-image":"","background-repeat":"repeat","background-position":"center center","background-size":"auto","background-attachment":"scroll","background-type":"","background-media":"","overlay-type":"","overlay-color":"","overlay-opacity":"","overlay-gradient":""},"tablet":{"background-color":"var(--ast-global-color-5)","background-image":"","background-repeat":"repeat","background-position":"center center","background-size":"auto","background-attachment":"scroll","background-type":"","background-media":"","overlay-type":"","overlay-color":"","overlay-opacity":"","overlay-gradient":""},"mobile":{"background-color":"var(--ast-global-color-5)","background-image":"","background-repeat":"repeat","background-position":"center center","background-size":"auto","background-attachment":"scroll","background-type":"","background-media":"","overlay-type":"","overlay-color":"","overlay-opacity":"","overlay-gradient":""}},"footnotes":""},"categories":[5,9,138],"tags":[],"class_list":["post-12551","post","type-post","status-publish","format-standard","hentry","category-allemein","category-allgemeines","category-mitarbeiter"],"_links":{"self":[{"href":"https:\/\/blog.ruehlemanns.de\/index.php?rest_route=\/wp\/v2\/posts\/12551","targetHints":{"allow":["GET"]}}],"collection":[{"href":"https:\/\/blog.ruehlemanns.de\/index.php?rest_route=\/wp\/v2\/posts"}],"about":[{"href":"https:\/\/blog.ruehlemanns.de\/index.php?rest_route=\/wp\/v2\/types\/post"}],"author":[{"embeddable":true,"href":"https:\/\/blog.ruehlemanns.de\/index.php?rest_route=\/wp\/v2\/users\/5346"}],"replies":[{"embeddable":true,"href":"https:\/\/blog.ruehlemanns.de\/index.php?rest_route=%2Fwp%2Fv2%2Fcomments&post=12551"}],"version-history":[{"count":0,"href":"https:\/\/blog.ruehlemanns.de\/index.php?rest_route=\/wp\/v2\/posts\/12551\/revisions"}],"wp:attachment":[{"href":"https:\/\/blog.ruehlemanns.de\/index.php?rest_route=%2Fwp%2Fv2%2Fmedia&parent=12551"}],"wp:term":[{"taxonomy":"category","embeddable":true,"href":"https:\/\/blog.ruehlemanns.de\/index.php?rest_route=%2Fwp%2Fv2%2Fcategories&post=12551"},{"taxonomy":"post_tag","embeddable":true,"href":"https:\/\/blog.ruehlemanns.de\/index.php?rest_route=%2Fwp%2Fv2%2Ftags&post=12551"}],"curies":[{"name":"wp","href":"https:\/\/api.w.org\/{rel}","templated":true}]}}