{"id":12486,"date":"2021-03-30T10:12:42","date_gmt":"2021-03-30T09:12:42","guid":{"rendered":"https:\/\/blog.ruehlemanns.de\/?p=12486"},"modified":"2021-03-30T10:12:42","modified_gmt":"2021-03-30T09:12:42","slug":"saisoneroeffnung-direktverkauf-2021","status":"publish","type":"post","link":"https:\/\/blog.ruehlemanns.de\/?p=12486","title":{"rendered":"Saisoner\u00f6ffnung Direktverkauf 2021"},"content":{"rendered":"<p>So spannend war es noch nie!<\/p>\n<p>D\u00fcrfen wir den Direktverkauf nun zum 1. April \u00f6ffnen oder nicht? Ja, nein, vielleicht&#8230;<\/p>\n<p>Und dann die freudige Botschaft: Ja, wir d\u00fcrfen! Am Samstag kam die g\u00fcltige Corona-Verordnung f\u00fcr Niedersachsen raus.<\/p>\n<p>Da hat sich die ganze Arbeit dann ja doch gelohnt, denn seit Wochen sind hier viele flei\u00dfige Menschen dabei den Direktverkauf f\u00fcr die Er\u00f6ffnung h\u00fcbsch zu machen:<\/p>\n<p>Pflanzen die ihre Winterruhe im Verkaufshaus verbracht haben, wurden auf andere Gew\u00e4chsh\u00e4user verteilt, Tische wurden geschrubbt und mit neuer Plane belegt, Pflanzenschilder wurden neu gedruckt und aufgestellt, die Fenster des Gew\u00e4chshauses wurden geputzt.<\/p>\n<p><a href=\"https:\/\/blog.ruehlemanns.de\/wp-content\/uploads\/2021\/03\/silke-andre.jpg\"><img fetchpriority=\"high\" decoding=\"async\" class=\"alignnone size-full wp-image-12489\" src=\"https:\/\/blog.ruehlemanns.de\/wp-content\/uploads\/2021\/03\/silke-andre.jpg\" alt=\"\" width=\"600\" height=\"800\" srcset=\"https:\/\/blog.ruehlemanns.de\/wp-content\/uploads\/2021\/03\/silke-andre.jpg 600w, https:\/\/blog.ruehlemanns.de\/wp-content\/uploads\/2021\/03\/silke-andre-225x300.jpg 225w\" sizes=\"(max-width: 600px) 100vw, 600px\" \/><\/a><\/p>\n<p>Der Kassenbereich wurde eingerichtet und die Schattierung dar\u00fcber aufgeh\u00e4ngt<\/p>\n<p><a href=\"https:\/\/blog.ruehlemanns.de\/wp-content\/uploads\/2021\/03\/kaerchern.jpg\"><img decoding=\"async\" class=\"alignnone size-full wp-image-12487\" src=\"https:\/\/blog.ruehlemanns.de\/wp-content\/uploads\/2021\/03\/kaerchern.jpg\" alt=\"\" width=\"600\" height=\"800\" srcset=\"https:\/\/blog.ruehlemanns.de\/wp-content\/uploads\/2021\/03\/kaerchern.jpg 600w, https:\/\/blog.ruehlemanns.de\/wp-content\/uploads\/2021\/03\/kaerchern-225x300.jpg 225w\" sizes=\"(max-width: 600px) 100vw, 600px\" \/><\/a><\/p>\n<p>Palletinos wurden gek\u00e4rchert<\/p>\n<p>Es wurde geputzt und gekrautet,<\/p>\n<p><a href=\"https:\/\/blog.ruehlemanns.de\/wp-content\/uploads\/2021\/03\/silke-und-karina.jpg\"><img decoding=\"async\" class=\"alignnone size-full wp-image-12490\" src=\"https:\/\/blog.ruehlemanns.de\/wp-content\/uploads\/2021\/03\/silke-und-karina.jpg\" alt=\"\" width=\"600\" height=\"800\" srcset=\"https:\/\/blog.ruehlemanns.de\/wp-content\/uploads\/2021\/03\/silke-und-karina.jpg 600w, https:\/\/blog.ruehlemanns.de\/wp-content\/uploads\/2021\/03\/silke-und-karina-225x300.jpg 225w\" sizes=\"(max-width: 600px) 100vw, 600px\" \/><\/a><\/p>\n<p>und dann endlich, durften nach eingehender Qualit\u00e4tskontrolle die verkaufsfertigen Pflanzen wieder bei uns einziehen, das ist wie in jedem Jahr ein Fest f\u00fcr Augen und Nase!<\/p>\n<p><a href=\"https:\/\/blog.ruehlemanns.de\/wp-content\/uploads\/2021\/03\/ostern21.jpg\"><img loading=\"lazy\" decoding=\"async\" class=\"alignnone size-full wp-image-12488\" src=\"https:\/\/blog.ruehlemanns.de\/wp-content\/uploads\/2021\/03\/ostern21.jpg\" alt=\"\" width=\"880\" height=\"587\" srcset=\"https:\/\/blog.ruehlemanns.de\/wp-content\/uploads\/2021\/03\/ostern21.jpg 880w, https:\/\/blog.ruehlemanns.de\/wp-content\/uploads\/2021\/03\/ostern21-300x200.jpg 300w, https:\/\/blog.ruehlemanns.de\/wp-content\/uploads\/2021\/03\/ostern21-768x512.jpg 768w, https:\/\/blog.ruehlemanns.de\/wp-content\/uploads\/2021\/03\/ostern21-450x300.jpg 450w\" sizes=\"(max-width: 880px) 100vw, 880px\" \/><\/a><\/p>\n<p>Ein paar liebe Kolleginnen haben uns dann auch noch ein wundersch\u00f6nes Osternest gezaubert, das Sie ab dem 1. April bei uns im Kassenbereich bewundern k\u00f6nnen.<\/p>\n<p>Informieren Sie sich gerne noch einmal vor Ihrem Besuch \u00fcber die aktuellen \u00d6ffnungszeiten, in diesen Zeiten wei\u00df man ja nie so genau wann eine Verordnung wieder ge\u00e4ndert wird&#8230;<\/p>\n<p><a class=\"moz-txt-link-freetext\" href=\"https:\/\/www.kraeuter-und-duftpflanzen.de\/unsere-gaertnerei\/anfahrt\">https:\/\/www.kraeuter-und-duftpflanzen.de\/unsere-gaertnerei\/anfahrt<\/a><\/p>\n<p><em><strong>Bitte beachten Sie unsere <\/strong><strong>neuen \u00d6ffnungszeiten: Di &#8211; Sa 10 &#8211; 18 Uhr<\/strong><\/em><b><\/b><\/p>\n<h1><\/h1>\n<p>Wir freuen uns auf Sie!<b><\/b><\/p>\n<p>&nbsp;<\/p>\n<h3>Text und Fotos Silke Rogosik<\/h3>\n","protected":false},"excerpt":{"rendered":"<p>So spannend war es noch nie! D\u00fcrfen wir den Direktverkauf nun zum 1. April \u00f6ffnen oder nicht? Ja, nein, vielleicht&#8230; Und dann die freudige Botschaft: Ja, wir d\u00fcrfen! Am Samstag kam die g\u00fcltige Corona-Verordnung f\u00fcr Niedersachsen raus. Da hat sich die ganze Arbeit dann ja doch gelohnt, denn seit Wochen sind hier viele flei\u00dfige Menschen [&hellip;]<\/p>\n","protected":false},"author":5346,"featured_media":0,"comment_status":"open","ping_status":"open","sticky":false,"template":"","format":"standard","meta":{"site-sidebar-layout":"default","site-content-layout":"","ast-site-content-layout":"default","site-content-style":"default","site-sidebar-style":"default","ast-global-header-display":"","ast-banner-title-visibility":"","ast-main-header-display":"","ast-hfb-above-header-display":"","ast-hfb-below-header-display":"","ast-hfb-mobile-header-display":"","site-post-title":"","ast-breadcrumbs-content":"","ast-featured-img":"","footer-sml-layout":"","ast-disable-related-posts":"","theme-transparent-header-meta":"","adv-header-id-meta":"","stick-header-meta":"","header-above-stick-meta":"","header-main-stick-meta":"","header-below-stick-meta":"","astra-migrate-meta-layouts":"default","ast-page-background-enabled":"default","ast-page-background-meta":{"desktop":{"background-color":"var(--ast-global-color-4)","background-image":"","background-repeat":"repeat","background-position":"center center","background-size":"auto","background-attachment":"scroll","background-type":"","background-media":"","overlay-type":"","overlay-color":"","overlay-opacity":"","overlay-gradient":""},"tablet":{"background-color":"","background-image":"","background-repeat":"repeat","background-position":"center center","background-size":"auto","background-attachment":"scroll","background-type":"","background-media":"","overlay-type":"","overlay-color":"","overlay-opacity":"","overlay-gradient":""},"mobile":{"background-color":"","background-image":"","background-repeat":"repeat","background-position":"center center","background-size":"auto","background-attachment":"scroll","background-type":"","background-media":"","overlay-type":"","overlay-color":"","overlay-opacity":"","overlay-gradient":""}},"ast-content-background-meta":{"desktop":{"background-color":"var(--ast-global-color-5)","background-image":"","background-repeat":"repeat","background-position":"center center","background-size":"auto","background-attachment":"scroll","background-type":"","background-media":"","overlay-type":"","overlay-color":"","overlay-opacity":"","overlay-gradient":""},"tablet":{"background-color":"var(--ast-global-color-5)","background-image":"","background-repeat":"repeat","background-position":"center center","background-size":"auto","background-attachment":"scroll","background-type":"","background-media":"","overlay-type":"","overlay-color":"","overlay-opacity":"","overlay-gradient":""},"mobile":{"background-color":"var(--ast-global-color-5)","background-image":"","background-repeat":"repeat","background-position":"center center","background-size":"auto","background-attachment":"scroll","background-type":"","background-media":"","overlay-type":"","overlay-color":"","overlay-opacity":"","overlay-gradient":""}},"footnotes":""},"categories":[9],"tags":[],"class_list":["post-12486","post","type-post","status-publish","format-standard","hentry","category-allgemeines"],"_links":{"self":[{"href":"https:\/\/blog.ruehlemanns.de\/index.php?rest_route=\/wp\/v2\/posts\/12486","targetHints":{"allow":["GET"]}}],"collection":[{"href":"https:\/\/blog.ruehlemanns.de\/index.php?rest_route=\/wp\/v2\/posts"}],"about":[{"href":"https:\/\/blog.ruehlemanns.de\/index.php?rest_route=\/wp\/v2\/types\/post"}],"author":[{"embeddable":true,"href":"https:\/\/blog.ruehlemanns.de\/index.php?rest_route=\/wp\/v2\/users\/5346"}],"replies":[{"embeddable":true,"href":"https:\/\/blog.ruehlemanns.de\/index.php?rest_route=%2Fwp%2Fv2%2Fcomments&post=12486"}],"version-history":[{"count":0,"href":"https:\/\/blog.ruehlemanns.de\/index.php?rest_route=\/wp\/v2\/posts\/12486\/revisions"}],"wp:attachment":[{"href":"https:\/\/blog.ruehlemanns.de\/index.php?rest_route=%2Fwp%2Fv2%2Fmedia&parent=12486"}],"wp:term":[{"taxonomy":"category","embeddable":true,"href":"https:\/\/blog.ruehlemanns.de\/index.php?rest_route=%2Fwp%2Fv2%2Fcategories&post=12486"},{"taxonomy":"post_tag","embeddable":true,"href":"https:\/\/blog.ruehlemanns.de\/index.php?rest_route=%2Fwp%2Fv2%2Ftags&post=12486"}],"curies":[{"name":"wp","href":"https:\/\/api.w.org\/{rel}","templated":true}]}}