{"id":11957,"date":"2020-07-16T07:34:34","date_gmt":"2020-07-16T06:34:34","guid":{"rendered":"https:\/\/blog.ruehlemanns.de\/?p=11957"},"modified":"2020-07-16T07:34:34","modified_gmt":"2020-07-16T06:34:34","slug":"bekannte-treffen","status":"publish","type":"post","link":"https:\/\/blog.ruehlemanns.de\/?p=11957","title":{"rendered":"Bekannte treffen\u2026"},"content":{"rendered":"<p><span style=\"font-size: medium\">Haben Sie schon mal den \u201eTag der offenen G\u00e4rten\u201c besucht?<\/span><\/p>\n<p><span style=\"font-size: medium\">An bestimmten Terminen im Sommer, laden Gartenfreunde dazu ein, sich nach Lust und Laune kreative, mit viel Liebe und gr\u00fcnem Daumen angelegte G\u00e4rten anzusehen und dabei vielleicht die ein oder andere gedankliche Inspiration mitzunehmen.<\/span><\/p>\n<p><a href=\"https:\/\/blog.ruehlemanns.de\/wp-content\/uploads\/2020\/07\/garten.jpg\"><img fetchpriority=\"high\" decoding=\"async\" class=\"alignnone size-full wp-image-11965\" src=\"https:\/\/blog.ruehlemanns.de\/wp-content\/uploads\/2020\/07\/garten.jpg\" alt=\"\" width=\"880\" height=\"550\" srcset=\"https:\/\/blog.ruehlemanns.de\/wp-content\/uploads\/2020\/07\/garten.jpg 880w, https:\/\/blog.ruehlemanns.de\/wp-content\/uploads\/2020\/07\/garten-300x188.jpg 300w, https:\/\/blog.ruehlemanns.de\/wp-content\/uploads\/2020\/07\/garten-768x480.jpg 768w, https:\/\/blog.ruehlemanns.de\/wp-content\/uploads\/2020\/07\/garten-480x300.jpg 480w\" sizes=\"(max-width: 880px) 100vw, 880px\" \/><\/a><\/p>\n<p><span style=\"font-size: medium\">Trotz Corona Pandemie konnten einige Termine auch 2020 angeboten werden. In sehr gro\u00dfen G\u00e4rten war es durchaus m\u00f6glich, das sich die G\u00e4ste mit dem empfohlenen Mindestabstand von 1,50m, in Ruhe alles anschauen konnten.<\/span><\/p>\n<p><span style=\"font-size: medium\">An einem Sonntag rief mich meine Kollegin an, ob wir uns mal einen \u201eoffenen\u201c Garten in der N\u00e4he anschauen wollten.<\/span><\/p>\n<p><span style=\"font-size: medium\">Am Eingang empfing uns schon so allerhand bl\u00fchendes und duftendes.<\/span><\/p>\n<p><span style=\"font-size: medium\">Schnell war auch schon der erste Bekannte gesichtet.<\/span><\/p>\n<p><span style=\"font-size: medium\">Mit seinen leuchtend gelben Bl\u00fcten und den roten Kapseln, welche sich nach der Bl\u00fcte bilden, stand das <\/span><a href=\"https:\/\/www.kraeuter-und-duftpflanzen.de\/pflanzen-saatgut\/jaborosa-jojoba\/johanniskraut\/johanniskraut-tutsan-pflanze\" target=\"_blank\" rel=\"noopener noreferrer\"><span style=\"font-size: medium\"><b>Johanniskraut \u00b4Tutsan\u00b4<\/b><\/span><\/a><span style=\"font-size: medium\"> als kr\u00e4ftiger Farbklecks im Beet.<\/span><\/p>\n<figure id=\"attachment_11959\" aria-describedby=\"caption-attachment-11959\" style=\"width: 880px\" class=\"wp-caption alignnone\"><a href=\"https:\/\/blog.ruehlemanns.de\/wp-content\/uploads\/2020\/07\/johanniskraut-tutsan.jpg\"><img decoding=\"async\" class=\"wp-image-11959 size-full\" src=\"https:\/\/blog.ruehlemanns.de\/wp-content\/uploads\/2020\/07\/johanniskraut-tutsan.jpg\" alt=\"Johanniskraut Tutsan\" width=\"880\" height=\"589\" srcset=\"https:\/\/blog.ruehlemanns.de\/wp-content\/uploads\/2020\/07\/johanniskraut-tutsan.jpg 880w, https:\/\/blog.ruehlemanns.de\/wp-content\/uploads\/2020\/07\/johanniskraut-tutsan-300x201.jpg 300w, https:\/\/blog.ruehlemanns.de\/wp-content\/uploads\/2020\/07\/johanniskraut-tutsan-768x514.jpg 768w, https:\/\/blog.ruehlemanns.de\/wp-content\/uploads\/2020\/07\/johanniskraut-tutsan-448x300.jpg 448w\" sizes=\"(max-width: 880px) 100vw, 880px\" \/><\/a><figcaption id=\"caption-attachment-11959\" class=\"wp-caption-text\">Johanniskraut &#8218;Tutsan&#8216;<\/figcaption><\/figure>\n<p><span style=\"font-size: medium\">Unter einem kleinen Baum rankelte sich die <\/span><a href=\"https:\/\/www.kraeuter-und-duftpflanzen.de\/pflanzen-saatgut\/waldrebe-wolfstrapp\/w-einzelsorten\/wegwarte-saatgut\" target=\"_blank\" rel=\"noopener noreferrer\"><span style=\"font-size: medium\"><b>Wegwarte<\/b><\/span><\/a><span style=\"font-size: medium\"> in die H\u00f6he, zur leider heute nicht vorhandenen Sonne. <\/span><\/p>\n<figure id=\"attachment_11963\" aria-describedby=\"caption-attachment-11963\" style=\"width: 880px\" class=\"wp-caption alignnone\"><a href=\"https:\/\/blog.ruehlemanns.de\/wp-content\/uploads\/2020\/07\/wegwarte.jpg\"><img decoding=\"async\" class=\"size-full wp-image-11963\" src=\"https:\/\/blog.ruehlemanns.de\/wp-content\/uploads\/2020\/07\/wegwarte.jpg\" alt=\"Wegwarte\" width=\"880\" height=\"589\" srcset=\"https:\/\/blog.ruehlemanns.de\/wp-content\/uploads\/2020\/07\/wegwarte.jpg 880w, https:\/\/blog.ruehlemanns.de\/wp-content\/uploads\/2020\/07\/wegwarte-300x201.jpg 300w, https:\/\/blog.ruehlemanns.de\/wp-content\/uploads\/2020\/07\/wegwarte-768x514.jpg 768w, https:\/\/blog.ruehlemanns.de\/wp-content\/uploads\/2020\/07\/wegwarte-448x300.jpg 448w\" sizes=\"(max-width: 880px) 100vw, 880px\" \/><\/a><figcaption id=\"caption-attachment-11963\" class=\"wp-caption-text\">Wegwarte<\/figcaption><\/figure>\n<p><span style=\"font-size: medium\">Beim weiteren Rundgang mit Schnuppern und an Bl\u00e4ttern reiben, um evtl. den Duft noch etwas heraus zu kitzeln, sahen wir in gro\u00dfer Menge, <\/span><a href=\"https:\/\/www.kraeuter-und-duftpflanzen.de\/pflanzen-saatgut\/kalmegh-kuechenschelle\/kresse\/kapuzinerkresse-gefuellt-pflanze\" target=\"_blank\" rel=\"noopener noreferrer\"><span style=\"font-size: medium\"><b>Kapuzienerkresse<\/b><\/span><\/a><span style=\"font-size: medium\">. Viele leuchtende Bl\u00fcten, machten selbst diesen bedeckten Tag zu einem sonnigen. <\/span><\/p>\n<figure id=\"attachment_11960\" aria-describedby=\"caption-attachment-11960\" style=\"width: 880px\" class=\"wp-caption alignnone\"><a href=\"https:\/\/blog.ruehlemanns.de\/wp-content\/uploads\/2020\/07\/gefuellte-kapuzinerkresse.jpg\"><img loading=\"lazy\" decoding=\"async\" class=\"wp-image-11960 size-full\" src=\"https:\/\/blog.ruehlemanns.de\/wp-content\/uploads\/2020\/07\/gefuellte-kapuzinerkresse.jpg\" alt=\"gef\u00fcllte Kapuzinerkresse\" width=\"880\" height=\"550\" srcset=\"https:\/\/blog.ruehlemanns.de\/wp-content\/uploads\/2020\/07\/gefuellte-kapuzinerkresse.jpg 880w, https:\/\/blog.ruehlemanns.de\/wp-content\/uploads\/2020\/07\/gefuellte-kapuzinerkresse-300x188.jpg 300w, https:\/\/blog.ruehlemanns.de\/wp-content\/uploads\/2020\/07\/gefuellte-kapuzinerkresse-768x480.jpg 768w, https:\/\/blog.ruehlemanns.de\/wp-content\/uploads\/2020\/07\/gefuellte-kapuzinerkresse-480x300.jpg 480w\" sizes=\"(max-width: 880px) 100vw, 880px\" \/><\/a><figcaption id=\"caption-attachment-11960\" class=\"wp-caption-text\">Gef\u00fcllte Kapuzinerkresse<\/figcaption><\/figure>\n<p><span style=\"font-size: medium\">Dann kam ein <\/span><a href=\"https:\/\/www.kraeuter-und-duftpflanzen.de\/pflanzen-saatgut\/gagelstrauch-guduchi\/g-einzelsorten\/ginkgo-pflanze\" target=\"_blank\" rel=\"noopener noreferrer\"><span style=\"font-size: medium\"><b>Ginkgo<\/b><\/span><\/a><span style=\"font-size: medium\">. Bei diesem ca. 3m hohen Baum, fiel mir auf, da\u00df die unteren Zweige mit sogenannten \u201eH\u00fchnerg\u00f6ttern\u201c (Steine mit einem Loch, welche oft an den K\u00fcsten zu finden sind) beschwert waren. So wachsen die \u00c4ste nicht alle senkrecht nach oben.<\/span><\/p>\n<figure id=\"attachment_11967\" aria-describedby=\"caption-attachment-11967\" style=\"width: 880px\" class=\"wp-caption alignnone\"><a href=\"https:\/\/blog.ruehlemanns.de\/wp-content\/uploads\/2020\/07\/ginkgo.jpg\"><img loading=\"lazy\" decoding=\"async\" class=\"size-full wp-image-11967\" src=\"https:\/\/blog.ruehlemanns.de\/wp-content\/uploads\/2020\/07\/ginkgo.jpg\" alt=\"Ginkgo\" width=\"880\" height=\"550\" srcset=\"https:\/\/blog.ruehlemanns.de\/wp-content\/uploads\/2020\/07\/ginkgo.jpg 880w, https:\/\/blog.ruehlemanns.de\/wp-content\/uploads\/2020\/07\/ginkgo-300x188.jpg 300w, https:\/\/blog.ruehlemanns.de\/wp-content\/uploads\/2020\/07\/ginkgo-768x480.jpg 768w, https:\/\/blog.ruehlemanns.de\/wp-content\/uploads\/2020\/07\/ginkgo-480x300.jpg 480w\" sizes=\"(max-width: 880px) 100vw, 880px\" \/><\/a><figcaption id=\"caption-attachment-11967\" class=\"wp-caption-text\">Ginkgo<\/figcaption><\/figure>\n<p><span style=\"font-size: medium\">Weiter ging es auf die Terrasse. In einem H\u00e4ngekorb hatte es sich ein riesiger <\/span><a href=\"https:\/\/www.kraeuter-und-duftpflanzen.de\/pflanzen-saatgut\/salbei-suessholz\/s-einzelsorten\/brasilianischer-sauerklee-pflanze\" target=\"_blank\" rel=\"noopener noreferrer\"><span style=\"font-size: medium\"><b>Brasilianischer<\/b><\/span> <span style=\"font-size: medium\"><b>Sauerklee<\/b><\/span><\/a><span style=\"font-size: medium\"> gem\u00fctlich gemacht. Als ich meinen pers\u00f6nlichen Lieblingsklee laut bewunderte, im Beisein der Gastgeberin, gab sie mir gleich den Tipp, da\u00df ich diese Pflanze bei R\u00fchlemann\u2018s kaufen k\u00f6nnte. Ich musste doch etwas schmunzeln, habe mich aber nicht \u201cgeoutet\u201c. <\/span><\/p>\n<figure id=\"attachment_11961\" aria-describedby=\"caption-attachment-11961\" style=\"width: 880px\" class=\"wp-caption alignnone\"><a href=\"https:\/\/blog.ruehlemanns.de\/wp-content\/uploads\/2020\/07\/brasilianischer-sauerklee.jpg\"><img loading=\"lazy\" decoding=\"async\" class=\"wp-image-11961 size-full\" src=\"https:\/\/blog.ruehlemanns.de\/wp-content\/uploads\/2020\/07\/brasilianischer-sauerklee.jpg\" alt=\"\" width=\"880\" height=\"550\" srcset=\"https:\/\/blog.ruehlemanns.de\/wp-content\/uploads\/2020\/07\/brasilianischer-sauerklee.jpg 880w, https:\/\/blog.ruehlemanns.de\/wp-content\/uploads\/2020\/07\/brasilianischer-sauerklee-300x188.jpg 300w, https:\/\/blog.ruehlemanns.de\/wp-content\/uploads\/2020\/07\/brasilianischer-sauerklee-768x480.jpg 768w, https:\/\/blog.ruehlemanns.de\/wp-content\/uploads\/2020\/07\/brasilianischer-sauerklee-480x300.jpg 480w\" sizes=\"(max-width: 880px) 100vw, 880px\" \/><\/a><figcaption id=\"caption-attachment-11961\" class=\"wp-caption-text\">Brasilianischer Sauerklee<\/figcaption><\/figure>\n<p><span style=\"font-size: medium\">In der ganzen Gartenvielfalt von Pflanzen, Obstb\u00e4umen und Gem\u00fcsebeete, entdeckte ich am Schlu\u00df noch einen kleinen Steckling in der Erde. <\/span><\/p>\n<p><span style=\"font-size: medium\">Das <\/span><a href=\"https:\/\/www.kraeuter-und-duftpflanzen.de\/pflanzen-saatgut\/canna-cystus\/coleus-plectranthus\/australisches-zitronenblatt-pflanze\" target=\"_blank\" rel=\"noopener noreferrer\"><span style=\"font-size: medium\"><b>Australische Zitronenblatt<\/b><\/span><\/a><span style=\"font-size: medium\">. Diese Pflanze ist nicht winterhart und sollte wahrscheinlich nur ordentlich Wurzeln bilden um sp\u00e4ter in einem K\u00fcbel zu wohnen.<\/span><\/p>\n<figure id=\"attachment_11962\" aria-describedby=\"caption-attachment-11962\" style=\"width: 880px\" class=\"wp-caption alignnone\"><a href=\"https:\/\/blog.ruehlemanns.de\/wp-content\/uploads\/2020\/07\/austr-zitronenblatt.jpg\"><img loading=\"lazy\" decoding=\"async\" class=\"wp-image-11962 size-full\" src=\"https:\/\/blog.ruehlemanns.de\/wp-content\/uploads\/2020\/07\/austr-zitronenblatt.jpg\" alt=\"australisches Zitronenblatt\" width=\"880\" height=\"550\" srcset=\"https:\/\/blog.ruehlemanns.de\/wp-content\/uploads\/2020\/07\/austr-zitronenblatt.jpg 880w, https:\/\/blog.ruehlemanns.de\/wp-content\/uploads\/2020\/07\/austr-zitronenblatt-300x188.jpg 300w, https:\/\/blog.ruehlemanns.de\/wp-content\/uploads\/2020\/07\/austr-zitronenblatt-768x480.jpg 768w, https:\/\/blog.ruehlemanns.de\/wp-content\/uploads\/2020\/07\/austr-zitronenblatt-480x300.jpg 480w\" sizes=\"(max-width: 880px) 100vw, 880px\" \/><\/a><figcaption id=\"caption-attachment-11962\" class=\"wp-caption-text\">Australisches Zitronenblatt<\/figcaption><\/figure>\n<p><span style=\"font-size: medium\">Da wir diese Pflanzen nur als Jungpflanzen, oder Saatgut verschicken, bzw. verkaufen war es interessant zu sehen, wie sie sich so entwickeln.<\/span><\/p>\n<p><span style=\"font-size: medium\">Wie wir erfuhren, durfte dieser Garten schon seit 35 Jahren wachsen und gedeihen. Mit tollen Accessoires, gem\u00fctlichen sonnigen und schattigen Sitzgelegenheiten und vielem mehr, wird auch dieser Garten im n\u00e4chsten Jahr wieder seine Pforten \u00f6ffnen.<\/span><\/p>\n<p><span style=\"font-size: medium\">Gucken lohnt sich. \ud83d\ude42<\/span><\/p>\n","protected":false},"excerpt":{"rendered":"<p>Haben Sie schon mal den \u201eTag der offenen G\u00e4rten\u201c besucht? An bestimmten Terminen im Sommer, laden Gartenfreunde dazu ein, sich nach Lust und Laune kreative, mit viel Liebe und gr\u00fcnem Daumen angelegte G\u00e4rten anzusehen und dabei vielleicht die ein oder andere gedankliche Inspiration mitzunehmen. Trotz Corona Pandemie konnten einige Termine auch 2020 angeboten werden. In [&hellip;]<\/p>\n","protected":false},"author":5432,"featured_media":0,"comment_status":"open","ping_status":"open","sticky":false,"template":"","format":"standard","meta":{"site-sidebar-layout":"default","site-content-layout":"","ast-site-content-layout":"default","site-content-style":"default","site-sidebar-style":"default","ast-global-header-display":"","ast-banner-title-visibility":"","ast-main-header-display":"","ast-hfb-above-header-display":"","ast-hfb-below-header-display":"","ast-hfb-mobile-header-display":"","site-post-title":"","ast-breadcrumbs-content":"","ast-featured-img":"","footer-sml-layout":"","ast-disable-related-posts":"","theme-transparent-header-meta":"","adv-header-id-meta":"","stick-header-meta":"","header-above-stick-meta":"","header-main-stick-meta":"","header-below-stick-meta":"","astra-migrate-meta-layouts":"default","ast-page-background-enabled":"default","ast-page-background-meta":{"desktop":{"background-color":"var(--ast-global-color-4)","background-image":"","background-repeat":"repeat","background-position":"center center","background-size":"auto","background-attachment":"scroll","background-type":"","background-media":"","overlay-type":"","overlay-color":"","overlay-opacity":"","overlay-gradient":""},"tablet":{"background-color":"","background-image":"","background-repeat":"repeat","background-position":"center center","background-size":"auto","background-attachment":"scroll","background-type":"","background-media":"","overlay-type":"","overlay-color":"","overlay-opacity":"","overlay-gradient":""},"mobile":{"background-color":"","background-image":"","background-repeat":"repeat","background-position":"center center","background-size":"auto","background-attachment":"scroll","background-type":"","background-media":"","overlay-type":"","overlay-color":"","overlay-opacity":"","overlay-gradient":""}},"ast-content-background-meta":{"desktop":{"background-color":"var(--ast-global-color-5)","background-image":"","background-repeat":"repeat","background-position":"center center","background-size":"auto","background-attachment":"scroll","background-type":"","background-media":"","overlay-type":"","overlay-color":"","overlay-opacity":"","overlay-gradient":""},"tablet":{"background-color":"var(--ast-global-color-5)","background-image":"","background-repeat":"repeat","background-position":"center center","background-size":"auto","background-attachment":"scroll","background-type":"","background-media":"","overlay-type":"","overlay-color":"","overlay-opacity":"","overlay-gradient":""},"mobile":{"background-color":"var(--ast-global-color-5)","background-image":"","background-repeat":"repeat","background-position":"center center","background-size":"auto","background-attachment":"scroll","background-type":"","background-media":"","overlay-type":"","overlay-color":"","overlay-opacity":"","overlay-gradient":""}},"footnotes":""},"categories":[9],"tags":[],"class_list":["post-11957","post","type-post","status-publish","format-standard","hentry","category-allgemeines"],"_links":{"self":[{"href":"https:\/\/blog.ruehlemanns.de\/index.php?rest_route=\/wp\/v2\/posts\/11957","targetHints":{"allow":["GET"]}}],"collection":[{"href":"https:\/\/blog.ruehlemanns.de\/index.php?rest_route=\/wp\/v2\/posts"}],"about":[{"href":"https:\/\/blog.ruehlemanns.de\/index.php?rest_route=\/wp\/v2\/types\/post"}],"author":[{"embeddable":true,"href":"https:\/\/blog.ruehlemanns.de\/index.php?rest_route=\/wp\/v2\/users\/5432"}],"replies":[{"embeddable":true,"href":"https:\/\/blog.ruehlemanns.de\/index.php?rest_route=%2Fwp%2Fv2%2Fcomments&post=11957"}],"version-history":[{"count":0,"href":"https:\/\/blog.ruehlemanns.de\/index.php?rest_route=\/wp\/v2\/posts\/11957\/revisions"}],"wp:attachment":[{"href":"https:\/\/blog.ruehlemanns.de\/index.php?rest_route=%2Fwp%2Fv2%2Fmedia&parent=11957"}],"wp:term":[{"taxonomy":"category","embeddable":true,"href":"https:\/\/blog.ruehlemanns.de\/index.php?rest_route=%2Fwp%2Fv2%2Fcategories&post=11957"},{"taxonomy":"post_tag","embeddable":true,"href":"https:\/\/blog.ruehlemanns.de\/index.php?rest_route=%2Fwp%2Fv2%2Ftags&post=11957"}],"curies":[{"name":"wp","href":"https:\/\/api.w.org\/{rel}","templated":true}]}}