{"id":10989,"date":"2019-02-25T11:21:05","date_gmt":"2019-02-25T10:21:05","guid":{"rendered":"https:\/\/blog.ruehlemanns.de\/?p=10989"},"modified":"2019-02-25T11:29:06","modified_gmt":"2019-02-25T10:29:06","slug":"lass-uns-mal-was-schoenes-machen","status":"publish","type":"post","link":"https:\/\/blog.ruehlemanns.de\/?p=10989","title":{"rendered":"&#8222;Lass uns mal was Sch\u00f6nes machen!&#8220;"},"content":{"rendered":"<p>Michaela kann, wie wir alle inzwischen, das Fr\u00fchjahr kaum noch erwarten. Hier in der G\u00e4rtnerei treiben die ersten jungen Pflanzen aus und verlocken mit ihren zarten Trieben zum Probieren.<\/p>\n<p>So sind wir durch die Gew\u00e4chsh\u00e4user gezogen und haben unsere Kiste mit allerlei Kr\u00e4utern gef\u00fcllt. Mit hineingewandert sind das <a href=\"https:\/\/www.kraeuter-und-duftpflanzen.de\/pflanzen-saatgut\/babantsi-bruchkraut\/basilikum\/basilikum-green-pepper-pflanze\" target=\"_blank\" rel=\"noopener\">Basilikum &#8222;Green Pepper&#8220;<\/a>, die <a href=\"https:\/\/www.kraeuter-und-duftpflanzen.de\/pflanzen-saatgut\/maca-myrte\/minze\/marokkanische-minze-pflanze\" target=\"_blank\" rel=\"noopener\">marokkanische Minze<\/a> und die<a href=\"https:\/\/www.kraeuter-und-duftpflanzen.de\/pflanzen-saatgut\/maca-myrte\/minze\/limonenminze-pflanze\" target=\"_blank\" rel=\"noopener\"> Limonenminze<\/a>, der Rosmarin<a href=\"https:\/\/www.kraeuter-und-duftpflanzen.de\/pflanzen-saatgut\/rapunzel-ruhmesblume\/rosmarin\/rosmarin-veitshoechheim-pflanze\" target=\"_blank\" rel=\"noopener\"> &#8222;Veitsh\u00f6chheim&#8220;<\/a>, das<a href=\"https:\/\/www.kraeuter-und-duftpflanzen.de\/pflanzen-saatgut\/maca-myrte\/majoran-oregano\/ragani-kreta-oregano-pflanze\" target=\"_blank\" rel=\"noopener\"> Ragani<\/a>, das <a href=\"https:\/\/www.kraeuter-und-duftpflanzen.de\/verwendung\/blumengestecke\/olivenkraut-pflanze\" target=\"_blank\" rel=\"noopener\">Olivenkraut<\/a>, der <a href=\"https:\/\/www.kraeuter-und-duftpflanzen.de\/pflanzen-saatgut\/labkraut-lungenkraut\/lauch-laeuche\/kanadischer-wildlauch-pflanze\" target=\"_blank\" rel=\"noopener\">kanadische Lauch<\/a>, der <a href=\"https:\/\/www.kraeuter-und-duftpflanzen.de\/pflanzen-saatgut\/maca-myrte\/majoran-oregano\/majoran-winterfest-pflanze\" target=\"_blank\" rel=\"noopener\">winterfeste Majoran<\/a> und der <a href=\"https:\/\/www.kraeuter-und-duftpflanzen.de\/pflanzen-saatgut\/labkraut-lungenkraut\/lauch-laeuche\/zimmerknoblauch-gruen-pflanze\" target=\"_blank\" rel=\"noopener\">Zimmerknoblauch<\/a>.<a href=\"https:\/\/blog.ruehlemanns.de\/wp-content\/uploads\/2019\/02\/dsc_9441.jpg\"><img fetchpriority=\"high\" decoding=\"async\" class=\"alignnone size-full wp-image-10991\" src=\"https:\/\/blog.ruehlemanns.de\/wp-content\/uploads\/2019\/02\/dsc_9441.jpg\" alt=\"\" width=\"880\" height=\"600\" srcset=\"https:\/\/blog.ruehlemanns.de\/wp-content\/uploads\/2019\/02\/dsc_9441.jpg 880w, https:\/\/blog.ruehlemanns.de\/wp-content\/uploads\/2019\/02\/dsc_9441-300x205.jpg 300w, https:\/\/blog.ruehlemanns.de\/wp-content\/uploads\/2019\/02\/dsc_9441-768x524.jpg 768w, https:\/\/blog.ruehlemanns.de\/wp-content\/uploads\/2019\/02\/dsc_9441-440x300.jpg 440w\" sizes=\"(max-width: 880px) 100vw, 880px\" \/><\/a><\/p>\n<p>Die Kr\u00e4uter haben wir gewaschen und kleingeschnitten. Diese wurden f\u00fcr die vegetarische Variante mit K\u00e4se und Schmand, f\u00fcr die pflanzliche Variante mit einem Aufstrich auf Kokosbasis, Sojadrink und Tahin verr\u00fchrt.<\/p>\n<p><a href=\"https:\/\/blog.ruehlemanns.de\/wp-content\/uploads\/2019\/02\/dsc_9458.jpg\"><img decoding=\"async\" class=\"alignnone size-full wp-image-10994\" src=\"https:\/\/blog.ruehlemanns.de\/wp-content\/uploads\/2019\/02\/dsc_9458.jpg\" alt=\"\" width=\"880\" height=\"600\" srcset=\"https:\/\/blog.ruehlemanns.de\/wp-content\/uploads\/2019\/02\/dsc_9458.jpg 880w, https:\/\/blog.ruehlemanns.de\/wp-content\/uploads\/2019\/02\/dsc_9458-300x205.jpg 300w, https:\/\/blog.ruehlemanns.de\/wp-content\/uploads\/2019\/02\/dsc_9458-768x524.jpg 768w, https:\/\/blog.ruehlemanns.de\/wp-content\/uploads\/2019\/02\/dsc_9458-440x300.jpg 440w\" sizes=\"(max-width: 880px) 100vw, 880px\" \/><\/a><\/p>\n<p>Nun wurde die Mischung auf einen fertigen Bl\u00e4tterteig aufgetragen, allerdings nur eine H\u00e4lfte, sodass man die andere H\u00e4lfte des Teiges sp\u00e4ter zum Einklappen nehmen konnte.<\/p>\n<p><a href=\"https:\/\/blog.ruehlemanns.de\/wp-content\/uploads\/2019\/02\/dsc_9468.jpg\"><img decoding=\"async\" class=\"alignnone size-full wp-image-10996\" src=\"https:\/\/blog.ruehlemanns.de\/wp-content\/uploads\/2019\/02\/dsc_9468.jpg\" alt=\"\" width=\"880\" height=\"600\" srcset=\"https:\/\/blog.ruehlemanns.de\/wp-content\/uploads\/2019\/02\/dsc_9468.jpg 880w, https:\/\/blog.ruehlemanns.de\/wp-content\/uploads\/2019\/02\/dsc_9468-300x205.jpg 300w, https:\/\/blog.ruehlemanns.de\/wp-content\/uploads\/2019\/02\/dsc_9468-768x524.jpg 768w, https:\/\/blog.ruehlemanns.de\/wp-content\/uploads\/2019\/02\/dsc_9468-440x300.jpg 440w\" sizes=\"(max-width: 880px) 100vw, 880px\" \/><\/a><\/p>\n<p>Nach dem herunter klappen wurde das nun vor uns liegende Rechteck in etwa ein bis zwei Zentimeter breite Streifen geschnitten und dann vorsichtig eingedreht. Davon gibt es keine Fotos, denn wir hatten jede Menge damit zu tun, alles richtig zu machen.<\/p>\n<p><a href=\"https:\/\/blog.ruehlemanns.de\/wp-content\/uploads\/2019\/02\/dsc_9464.jpg\"><img loading=\"lazy\" decoding=\"async\" class=\"alignnone size-full wp-image-10997\" src=\"https:\/\/blog.ruehlemanns.de\/wp-content\/uploads\/2019\/02\/dsc_9464.jpg\" alt=\"\" width=\"880\" height=\"600\" srcset=\"https:\/\/blog.ruehlemanns.de\/wp-content\/uploads\/2019\/02\/dsc_9464.jpg 880w, https:\/\/blog.ruehlemanns.de\/wp-content\/uploads\/2019\/02\/dsc_9464-300x205.jpg 300w, https:\/\/blog.ruehlemanns.de\/wp-content\/uploads\/2019\/02\/dsc_9464-768x524.jpg 768w, https:\/\/blog.ruehlemanns.de\/wp-content\/uploads\/2019\/02\/dsc_9464-440x300.jpg 440w\" sizes=\"(max-width: 880px) 100vw, 880px\" \/><\/a><\/p>\n<p>Michaelas Bl\u00e4tterteigstangen bekamen noch einen sch\u00f6nen Anstrich aus Ei und Milch, meine pflanzliche Variante mussten sich mit einem Finish aus Sojadrink begn\u00fcgen.<a href=\"https:\/\/blog.ruehlemanns.de\/wp-content\/uploads\/2019\/02\/dsc_9465.jpg\"><img loading=\"lazy\" decoding=\"async\" class=\"alignnone size-full wp-image-10998\" src=\"https:\/\/blog.ruehlemanns.de\/wp-content\/uploads\/2019\/02\/dsc_9465.jpg\" alt=\"\" width=\"880\" height=\"600\" srcset=\"https:\/\/blog.ruehlemanns.de\/wp-content\/uploads\/2019\/02\/dsc_9465.jpg 880w, https:\/\/blog.ruehlemanns.de\/wp-content\/uploads\/2019\/02\/dsc_9465-300x205.jpg 300w, https:\/\/blog.ruehlemanns.de\/wp-content\/uploads\/2019\/02\/dsc_9465-768x524.jpg 768w, https:\/\/blog.ruehlemanns.de\/wp-content\/uploads\/2019\/02\/dsc_9465-440x300.jpg 440w\" sizes=\"(max-width: 880px) 100vw, 880px\" \/><\/a><\/p>\n<p>Bei ca. 160 Grad Umluft kamen unsere Stangen f\u00fcr 12 bis 15 Minuten in den Backofen und nahmen eine wunderbar goldbraune F\u00e4rbung an.<\/p>\n<p><a href=\"https:\/\/blog.ruehlemanns.de\/wp-content\/uploads\/2019\/02\/dsc_9470.jpg\"><img loading=\"lazy\" decoding=\"async\" class=\"alignnone size-full wp-image-11000\" src=\"https:\/\/blog.ruehlemanns.de\/wp-content\/uploads\/2019\/02\/dsc_9470.jpg\" alt=\"\" width=\"880\" height=\"600\" srcset=\"https:\/\/blog.ruehlemanns.de\/wp-content\/uploads\/2019\/02\/dsc_9470.jpg 880w, https:\/\/blog.ruehlemanns.de\/wp-content\/uploads\/2019\/02\/dsc_9470-300x205.jpg 300w, https:\/\/blog.ruehlemanns.de\/wp-content\/uploads\/2019\/02\/dsc_9470-768x524.jpg 768w, https:\/\/blog.ruehlemanns.de\/wp-content\/uploads\/2019\/02\/dsc_9470-440x300.jpg 440w\" sizes=\"(max-width: 880px) 100vw, 880px\" \/><\/a><\/p>\n<p>Jetzt kam die sch\u00f6nste Aufgabe &#8230; Probieren! Im ganzen Betrieb herrschte Einigkeit, dass die Stangen au\u00dferordentlich gut gelungen waren und die Kr\u00e4uter mit der richtigen Intensit\u00e4t zur Geltung kommen. Wichtig ist mit den Kr\u00e4utern gro\u00dfz\u00fcgig zu sein.<a href=\"https:\/\/blog.ruehlemanns.de\/wp-content\/uploads\/2019\/02\/dsc_9478.jpg\"><img loading=\"lazy\" decoding=\"async\" class=\"alignnone size-full wp-image-11003\" src=\"https:\/\/blog.ruehlemanns.de\/wp-content\/uploads\/2019\/02\/dsc_9478.jpg\" alt=\"\" width=\"880\" height=\"600\" srcset=\"https:\/\/blog.ruehlemanns.de\/wp-content\/uploads\/2019\/02\/dsc_9478.jpg 880w, https:\/\/blog.ruehlemanns.de\/wp-content\/uploads\/2019\/02\/dsc_9478-300x205.jpg 300w, https:\/\/blog.ruehlemanns.de\/wp-content\/uploads\/2019\/02\/dsc_9478-768x524.jpg 768w, https:\/\/blog.ruehlemanns.de\/wp-content\/uploads\/2019\/02\/dsc_9478-440x300.jpg 440w\" sizes=\"(max-width: 880px) 100vw, 880px\" \/><\/a><\/p>\n<p>Viel Spa\u00df beim Nachbacken!<\/p>\n<p>Michaela &amp; Martina<\/p>\n<p>&nbsp;<\/p>\n<p>&nbsp;<\/p>\n<p>&nbsp;<\/p>\n","protected":false},"excerpt":{"rendered":"<p>Michaela kann, wie wir alle inzwischen, das Fr\u00fchjahr kaum noch erwarten. Hier in der G\u00e4rtnerei treiben die ersten jungen Pflanzen aus und verlocken mit ihren zarten Trieben zum Probieren. So sind wir durch die Gew\u00e4chsh\u00e4user gezogen und haben unsere Kiste mit allerlei Kr\u00e4utern gef\u00fcllt. Mit hineingewandert sind das Basilikum &#8222;Green Pepper&#8220;, die marokkanische Minze und [&hellip;]<\/p>\n","protected":false},"author":5346,"featured_media":0,"comment_status":"open","ping_status":"open","sticky":false,"template":"","format":"standard","meta":{"site-sidebar-layout":"default","site-content-layout":"","ast-site-content-layout":"default","site-content-style":"default","site-sidebar-style":"default","ast-global-header-display":"","ast-banner-title-visibility":"","ast-main-header-display":"","ast-hfb-above-header-display":"","ast-hfb-below-header-display":"","ast-hfb-mobile-header-display":"","site-post-title":"","ast-breadcrumbs-content":"","ast-featured-img":"","footer-sml-layout":"","ast-disable-related-posts":"","theme-transparent-header-meta":"","adv-header-id-meta":"","stick-header-meta":"","header-above-stick-meta":"","header-main-stick-meta":"","header-below-stick-meta":"","astra-migrate-meta-layouts":"default","ast-page-background-enabled":"default","ast-page-background-meta":{"desktop":{"background-color":"var(--ast-global-color-4)","background-image":"","background-repeat":"repeat","background-position":"center center","background-size":"auto","background-attachment":"scroll","background-type":"","background-media":"","overlay-type":"","overlay-color":"","overlay-opacity":"","overlay-gradient":""},"tablet":{"background-color":"","background-image":"","background-repeat":"repeat","background-position":"center center","background-size":"auto","background-attachment":"scroll","background-type":"","background-media":"","overlay-type":"","overlay-color":"","overlay-opacity":"","overlay-gradient":""},"mobile":{"background-color":"","background-image":"","background-repeat":"repeat","background-position":"center center","background-size":"auto","background-attachment":"scroll","background-type":"","background-media":"","overlay-type":"","overlay-color":"","overlay-opacity":"","overlay-gradient":""}},"ast-content-background-meta":{"desktop":{"background-color":"var(--ast-global-color-5)","background-image":"","background-repeat":"repeat","background-position":"center center","background-size":"auto","background-attachment":"scroll","background-type":"","background-media":"","overlay-type":"","overlay-color":"","overlay-opacity":"","overlay-gradient":""},"tablet":{"background-color":"var(--ast-global-color-5)","background-image":"","background-repeat":"repeat","background-position":"center center","background-size":"auto","background-attachment":"scroll","background-type":"","background-media":"","overlay-type":"","overlay-color":"","overlay-opacity":"","overlay-gradient":""},"mobile":{"background-color":"var(--ast-global-color-5)","background-image":"","background-repeat":"repeat","background-position":"center center","background-size":"auto","background-attachment":"scroll","background-type":"","background-media":"","overlay-type":"","overlay-color":"","overlay-opacity":"","overlay-gradient":""}},"footnotes":""},"categories":[5,9,102],"tags":[],"class_list":["post-10989","post","type-post","status-publish","format-standard","hentry","category-allemein","category-allgemeines","category-rezepte"],"_links":{"self":[{"href":"https:\/\/blog.ruehlemanns.de\/index.php?rest_route=\/wp\/v2\/posts\/10989","targetHints":{"allow":["GET"]}}],"collection":[{"href":"https:\/\/blog.ruehlemanns.de\/index.php?rest_route=\/wp\/v2\/posts"}],"about":[{"href":"https:\/\/blog.ruehlemanns.de\/index.php?rest_route=\/wp\/v2\/types\/post"}],"author":[{"embeddable":true,"href":"https:\/\/blog.ruehlemanns.de\/index.php?rest_route=\/wp\/v2\/users\/5346"}],"replies":[{"embeddable":true,"href":"https:\/\/blog.ruehlemanns.de\/index.php?rest_route=%2Fwp%2Fv2%2Fcomments&post=10989"}],"version-history":[{"count":0,"href":"https:\/\/blog.ruehlemanns.de\/index.php?rest_route=\/wp\/v2\/posts\/10989\/revisions"}],"wp:attachment":[{"href":"https:\/\/blog.ruehlemanns.de\/index.php?rest_route=%2Fwp%2Fv2%2Fmedia&parent=10989"}],"wp:term":[{"taxonomy":"category","embeddable":true,"href":"https:\/\/blog.ruehlemanns.de\/index.php?rest_route=%2Fwp%2Fv2%2Fcategories&post=10989"},{"taxonomy":"post_tag","embeddable":true,"href":"https:\/\/blog.ruehlemanns.de\/index.php?rest_route=%2Fwp%2Fv2%2Ftags&post=10989"}],"curies":[{"name":"wp","href":"https:\/\/api.w.org\/{rel}","templated":true}]}}