{"id":10489,"date":"2018-06-20T11:52:21","date_gmt":"2018-06-20T10:52:21","guid":{"rendered":"https:\/\/blog.ruehlemanns.de\/?p=10489"},"modified":"2018-06-20T12:25:31","modified_gmt":"2018-06-20T11:25:31","slug":"kraeutertag-voll-gut","status":"publish","type":"post","link":"https:\/\/blog.ruehlemanns.de\/?p=10489","title":{"rendered":"&#8222;Kr\u00e4utertag? Voll gut!&#8220;"},"content":{"rendered":"<p><a href=\"https:\/\/blog.ruehlemanns.de\/wp-content\/uploads\/2018\/06\/kraeutertag2018_1.jpg\"><img fetchpriority=\"high\" decoding=\"async\" class=\"alignnone size-full wp-image-10490\" src=\"https:\/\/blog.ruehlemanns.de\/wp-content\/uploads\/2018\/06\/kraeutertag2018_1.jpg\" alt=\"\" width=\"880\" height=\"600\" srcset=\"https:\/\/blog.ruehlemanns.de\/wp-content\/uploads\/2018\/06\/kraeutertag2018_1.jpg 880w, https:\/\/blog.ruehlemanns.de\/wp-content\/uploads\/2018\/06\/kraeutertag2018_1-300x205.jpg 300w, https:\/\/blog.ruehlemanns.de\/wp-content\/uploads\/2018\/06\/kraeutertag2018_1-768x524.jpg 768w, https:\/\/blog.ruehlemanns.de\/wp-content\/uploads\/2018\/06\/kraeutertag2018_1-440x300.jpg 440w\" sizes=\"(max-width: 880px) 100vw, 880px\" \/><\/a><\/p>\n<p>Wenn gl\u00fccklich strahlende Menschen den Kr\u00e4utertag mit einem Arm voller Kr\u00e4uter verlassen und StammkundInnen schon auf\u2018s n\u00e4chste Mal ansto\u00dfen, dann sagen wir uns jedes mal wieder: alles richtig gemacht!<\/p>\n<p>Wie zu erwarten, war der Andrang an den \u00fcber 90 St\u00e4nden im Ort und auch in unserer G\u00e4rtnerei bei feinstem Wetter gro\u00df. Trotzdem verlief alles in gewohnt freundlicher und friedlicher Atmosph\u00e4re. Es wurde \u00fcberall geschaut, probiert, geschnuppert, gekostet und gestaunt \u2013 und genau so hatten wir uns das gew\u00fcnscht!<\/p>\n<p><a href=\"https:\/\/blog.ruehlemanns.de\/wp-content\/uploads\/2018\/06\/kraeutertag2018_2.jpg\"><img decoding=\"async\" class=\"alignnone size-full wp-image-10491\" src=\"https:\/\/blog.ruehlemanns.de\/wp-content\/uploads\/2018\/06\/kraeutertag2018_2.jpg\" alt=\"\" width=\"880\" height=\"600\" srcset=\"https:\/\/blog.ruehlemanns.de\/wp-content\/uploads\/2018\/06\/kraeutertag2018_2.jpg 880w, https:\/\/blog.ruehlemanns.de\/wp-content\/uploads\/2018\/06\/kraeutertag2018_2-300x205.jpg 300w, https:\/\/blog.ruehlemanns.de\/wp-content\/uploads\/2018\/06\/kraeutertag2018_2-768x524.jpg 768w, https:\/\/blog.ruehlemanns.de\/wp-content\/uploads\/2018\/06\/kraeutertag2018_2-440x300.jpg 440w\" sizes=\"(max-width: 880px) 100vw, 880px\" \/><\/a><br \/>\n<a href=\"https:\/\/blog.ruehlemanns.de\/wp-content\/uploads\/2018\/06\/kraeutertag2018_3.jpg\"><img decoding=\"async\" class=\"alignnone size-full wp-image-10492\" src=\"https:\/\/blog.ruehlemanns.de\/wp-content\/uploads\/2018\/06\/kraeutertag2018_3.jpg\" alt=\"\" width=\"880\" height=\"600\" srcset=\"https:\/\/blog.ruehlemanns.de\/wp-content\/uploads\/2018\/06\/kraeutertag2018_3.jpg 880w, https:\/\/blog.ruehlemanns.de\/wp-content\/uploads\/2018\/06\/kraeutertag2018_3-300x205.jpg 300w, https:\/\/blog.ruehlemanns.de\/wp-content\/uploads\/2018\/06\/kraeutertag2018_3-768x524.jpg 768w, https:\/\/blog.ruehlemanns.de\/wp-content\/uploads\/2018\/06\/kraeutertag2018_3-440x300.jpg 440w\" sizes=\"(max-width: 880px) 100vw, 880px\" \/><\/a><br \/>\n<a href=\"https:\/\/blog.ruehlemanns.de\/wp-content\/uploads\/2018\/06\/kraeutertag2018_5.jpg\"><img loading=\"lazy\" decoding=\"async\" class=\"alignnone size-full wp-image-10493\" src=\"https:\/\/blog.ruehlemanns.de\/wp-content\/uploads\/2018\/06\/kraeutertag2018_5.jpg\" alt=\"\" width=\"880\" height=\"600\" srcset=\"https:\/\/blog.ruehlemanns.de\/wp-content\/uploads\/2018\/06\/kraeutertag2018_5.jpg 880w, https:\/\/blog.ruehlemanns.de\/wp-content\/uploads\/2018\/06\/kraeutertag2018_5-300x205.jpg 300w, https:\/\/blog.ruehlemanns.de\/wp-content\/uploads\/2018\/06\/kraeutertag2018_5-768x524.jpg 768w, https:\/\/blog.ruehlemanns.de\/wp-content\/uploads\/2018\/06\/kraeutertag2018_5-440x300.jpg 440w\" sizes=\"(max-width: 880px) 100vw, 880px\" \/><\/a><\/p>\n<p>F\u00fcr einen reibungslosen Ablauf vor und hinter den Kulissen sorgte in unserer G\u00e4rtnerei in diesem Jahr ein Team von \u00fcber 20, sehr engagierten KollegInnen. Sie verkauften unerm\u00fcdlich Pflanze um Pflanze, berieten Hilfe suchende KundInnen, verteilten leckere selbst hergestellte Kostproben, entwarfen sch\u00f6ne und originelle Kr\u00e4uterdeko, betreuten Kinder beim Topfen ihrer ersten Kr\u00e4uter, gaben Tipps beim Gewinnspiel, f\u00fchrten Besucher durch die normalerweise geschlossenen Bereiche der G\u00e4rtnerei, versorgten die Verkaufs-fl\u00e4chen pausenlos mit Nachschub und die G\u00e4rtnerei mit Wasser und beantworteten dabei gut gelaunt jede Menge Fragen.<\/p>\n<p>Verkaufsleiterin Silke R.:<em> &#8222;Ich bin wieder einmal \u00fcberw\u00e4ltigt von der Hilfe so vieler Kolleginnen und Kollegen, die es m\u00f6glich gemacht haben, dass der Kr\u00e4utertag ein so toller Tag war. Nicht nur f\u00fcr die Besucher, sondern auch f\u00fcr uns als Team. Danke daf\u00fcr!!!&#8220;<\/em><\/p>\n<p><a href=\"https:\/\/blog.ruehlemanns.de\/wp-content\/uploads\/2018\/06\/kraeutertag2018_7.jpg\"><img loading=\"lazy\" decoding=\"async\" class=\"alignnone size-full wp-image-10494\" src=\"https:\/\/blog.ruehlemanns.de\/wp-content\/uploads\/2018\/06\/kraeutertag2018_7.jpg\" alt=\"\" width=\"880\" height=\"600\" srcset=\"https:\/\/blog.ruehlemanns.de\/wp-content\/uploads\/2018\/06\/kraeutertag2018_7.jpg 880w, https:\/\/blog.ruehlemanns.de\/wp-content\/uploads\/2018\/06\/kraeutertag2018_7-300x205.jpg 300w, https:\/\/blog.ruehlemanns.de\/wp-content\/uploads\/2018\/06\/kraeutertag2018_7-768x524.jpg 768w, https:\/\/blog.ruehlemanns.de\/wp-content\/uploads\/2018\/06\/kraeutertag2018_7-440x300.jpg 440w\" sizes=\"(max-width: 880px) 100vw, 880px\" \/><\/a><br \/>\n<em>Anni mit KundInnen an der Kasse<br \/>\n<a href=\"https:\/\/blog.ruehlemanns.de\/wp-content\/uploads\/2018\/06\/kraeutertag2018_13.jpg\"><img loading=\"lazy\" decoding=\"async\" class=\"alignnone size-full wp-image-10495\" src=\"https:\/\/blog.ruehlemanns.de\/wp-content\/uploads\/2018\/06\/kraeutertag2018_13.jpg\" alt=\"\" width=\"880\" height=\"600\" srcset=\"https:\/\/blog.ruehlemanns.de\/wp-content\/uploads\/2018\/06\/kraeutertag2018_13.jpg 880w, https:\/\/blog.ruehlemanns.de\/wp-content\/uploads\/2018\/06\/kraeutertag2018_13-300x205.jpg 300w, https:\/\/blog.ruehlemanns.de\/wp-content\/uploads\/2018\/06\/kraeutertag2018_13-768x524.jpg 768w, https:\/\/blog.ruehlemanns.de\/wp-content\/uploads\/2018\/06\/kraeutertag2018_13-440x300.jpg 440w\" sizes=\"(max-width: 880px) 100vw, 880px\" \/><\/a><br \/>\nBrigitte &#8230;<br \/>\n<a href=\"https:\/\/blog.ruehlemanns.de\/wp-content\/uploads\/2018\/06\/kraeutertag2018_12.jpg\"><img loading=\"lazy\" decoding=\"async\" class=\"alignnone size-full wp-image-10496\" src=\"https:\/\/blog.ruehlemanns.de\/wp-content\/uploads\/2018\/06\/kraeutertag2018_12.jpg\" alt=\"\" width=\"880\" height=\"600\" srcset=\"https:\/\/blog.ruehlemanns.de\/wp-content\/uploads\/2018\/06\/kraeutertag2018_12.jpg 880w, https:\/\/blog.ruehlemanns.de\/wp-content\/uploads\/2018\/06\/kraeutertag2018_12-300x205.jpg 300w, https:\/\/blog.ruehlemanns.de\/wp-content\/uploads\/2018\/06\/kraeutertag2018_12-768x524.jpg 768w, https:\/\/blog.ruehlemanns.de\/wp-content\/uploads\/2018\/06\/kraeutertag2018_12-440x300.jpg 440w\" sizes=\"(max-width: 880px) 100vw, 880px\" \/><\/a><br \/>\n&#8230; und Silke M. im Beratungsgespr\u00e4ch<br \/>\n<a href=\"https:\/\/blog.ruehlemanns.de\/wp-content\/uploads\/2018\/06\/kraeutertag2018_9.jpg\"><img loading=\"lazy\" decoding=\"async\" class=\"alignnone size-full wp-image-10497\" src=\"https:\/\/blog.ruehlemanns.de\/wp-content\/uploads\/2018\/06\/kraeutertag2018_9.jpg\" alt=\"\" width=\"880\" height=\"600\" srcset=\"https:\/\/blog.ruehlemanns.de\/wp-content\/uploads\/2018\/06\/kraeutertag2018_9.jpg 880w, https:\/\/blog.ruehlemanns.de\/wp-content\/uploads\/2018\/06\/kraeutertag2018_9-300x205.jpg 300w, https:\/\/blog.ruehlemanns.de\/wp-content\/uploads\/2018\/06\/kraeutertag2018_9-768x524.jpg 768w, https:\/\/blog.ruehlemanns.de\/wp-content\/uploads\/2018\/06\/kraeutertag2018_9-440x300.jpg 440w\" sizes=\"(max-width: 880px) 100vw, 880px\" \/><\/a><br \/>\nAndr\u00e9 mit Nachschub<br \/>\n<a href=\"https:\/\/blog.ruehlemanns.de\/wp-content\/uploads\/2018\/06\/kraeutertag2018_10.jpg\"><img loading=\"lazy\" decoding=\"async\" class=\"alignnone size-full wp-image-10498\" src=\"https:\/\/blog.ruehlemanns.de\/wp-content\/uploads\/2018\/06\/kraeutertag2018_10.jpg\" alt=\"\" width=\"880\" height=\"600\" srcset=\"https:\/\/blog.ruehlemanns.de\/wp-content\/uploads\/2018\/06\/kraeutertag2018_10.jpg 880w, https:\/\/blog.ruehlemanns.de\/wp-content\/uploads\/2018\/06\/kraeutertag2018_10-300x205.jpg 300w, https:\/\/blog.ruehlemanns.de\/wp-content\/uploads\/2018\/06\/kraeutertag2018_10-768x524.jpg 768w, https:\/\/blog.ruehlemanns.de\/wp-content\/uploads\/2018\/06\/kraeutertag2018_10-440x300.jpg 440w\" sizes=\"(max-width: 880px) 100vw, 880px\" \/><\/a><br \/>\nFredi beim Auff\u00fcllen der Basilikumfl\u00e4chen<br \/>\n<a href=\"https:\/\/blog.ruehlemanns.de\/wp-content\/uploads\/2018\/06\/kraeutertag2018_18.jpg\"><img loading=\"lazy\" decoding=\"async\" class=\"alignnone size-full wp-image-10499\" src=\"https:\/\/blog.ruehlemanns.de\/wp-content\/uploads\/2018\/06\/kraeutertag2018_18.jpg\" alt=\"\" width=\"880\" height=\"600\" srcset=\"https:\/\/blog.ruehlemanns.de\/wp-content\/uploads\/2018\/06\/kraeutertag2018_18.jpg 880w, https:\/\/blog.ruehlemanns.de\/wp-content\/uploads\/2018\/06\/kraeutertag2018_18-300x205.jpg 300w, https:\/\/blog.ruehlemanns.de\/wp-content\/uploads\/2018\/06\/kraeutertag2018_18-768x524.jpg 768w, https:\/\/blog.ruehlemanns.de\/wp-content\/uploads\/2018\/06\/kraeutertag2018_18-440x300.jpg 440w\" sizes=\"(max-width: 880px) 100vw, 880px\" \/><\/a><br \/>\nSvenja mit einem Besucher beim Gewinnspiel, bei dem 3 Pflanzen erraten werden sollten<br \/>\n<a href=\"https:\/\/blog.ruehlemanns.de\/wp-content\/uploads\/2018\/06\/kraeutertag2018_19.jpg\"><img loading=\"lazy\" decoding=\"async\" class=\"alignnone size-full wp-image-10500\" src=\"https:\/\/blog.ruehlemanns.de\/wp-content\/uploads\/2018\/06\/kraeutertag2018_19.jpg\" alt=\"\" width=\"880\" height=\"600\" srcset=\"https:\/\/blog.ruehlemanns.de\/wp-content\/uploads\/2018\/06\/kraeutertag2018_19.jpg 880w, https:\/\/blog.ruehlemanns.de\/wp-content\/uploads\/2018\/06\/kraeutertag2018_19-300x205.jpg 300w, https:\/\/blog.ruehlemanns.de\/wp-content\/uploads\/2018\/06\/kraeutertag2018_19-768x524.jpg 768w, https:\/\/blog.ruehlemanns.de\/wp-content\/uploads\/2018\/06\/kraeutertag2018_19-440x300.jpg 440w\" sizes=\"(max-width: 880px) 100vw, 880px\" \/><\/a><br \/>\nHilke, Anastasija und Elveda mit Kr\u00e4uter-Kostproben in Buttermilch und Quark<br \/>\n(die Rezepte finden Sie am Ende dieses Blogbeitrags)<br \/>\n<a href=\"https:\/\/blog.ruehlemanns.de\/wp-content\/uploads\/2018\/06\/kraeutertag2018_11.jpg\"><img loading=\"lazy\" decoding=\"async\" class=\"alignnone size-full wp-image-10501\" src=\"https:\/\/blog.ruehlemanns.de\/wp-content\/uploads\/2018\/06\/kraeutertag2018_11.jpg\" alt=\"\" width=\"880\" height=\"600\" srcset=\"https:\/\/blog.ruehlemanns.de\/wp-content\/uploads\/2018\/06\/kraeutertag2018_11.jpg 880w, https:\/\/blog.ruehlemanns.de\/wp-content\/uploads\/2018\/06\/kraeutertag2018_11-300x205.jpg 300w, https:\/\/blog.ruehlemanns.de\/wp-content\/uploads\/2018\/06\/kraeutertag2018_11-768x524.jpg 768w, https:\/\/blog.ruehlemanns.de\/wp-content\/uploads\/2018\/06\/kraeutertag2018_11-440x300.jpg 440w\" sizes=\"(max-width: 880px) 100vw, 880px\" \/><\/a><br \/>\nMichaelas Kr\u00e4uterstr\u00e4u\u00dfe brachten bunte Farbtupfer auf die Tische<br \/>\n<a href=\"https:\/\/blog.ruehlemanns.de\/wp-content\/uploads\/2018\/06\/kraeutertag2018_22.jpg\"><img loading=\"lazy\" decoding=\"async\" class=\"alignnone size-full wp-image-10502\" src=\"https:\/\/blog.ruehlemanns.de\/wp-content\/uploads\/2018\/06\/kraeutertag2018_22.jpg\" alt=\"\" width=\"880\" height=\"600\" srcset=\"https:\/\/blog.ruehlemanns.de\/wp-content\/uploads\/2018\/06\/kraeutertag2018_22.jpg 880w, https:\/\/blog.ruehlemanns.de\/wp-content\/uploads\/2018\/06\/kraeutertag2018_22-300x205.jpg 300w, https:\/\/blog.ruehlemanns.de\/wp-content\/uploads\/2018\/06\/kraeutertag2018_22-768x524.jpg 768w, https:\/\/blog.ruehlemanns.de\/wp-content\/uploads\/2018\/06\/kraeutertag2018_22-440x300.jpg 440w\" sizes=\"(max-width: 880px) 100vw, 880px\" \/><\/a><br \/>\nNatascha und Karen &#8230;<br \/>\n<a href=\"https:\/\/blog.ruehlemanns.de\/wp-content\/uploads\/2018\/06\/kraeutertag2018_24.jpg\"><img loading=\"lazy\" decoding=\"async\" class=\"alignnone size-full wp-image-10503\" src=\"https:\/\/blog.ruehlemanns.de\/wp-content\/uploads\/2018\/06\/kraeutertag2018_24.jpg\" alt=\"\" width=\"880\" height=\"600\" srcset=\"https:\/\/blog.ruehlemanns.de\/wp-content\/uploads\/2018\/06\/kraeutertag2018_24.jpg 880w, https:\/\/blog.ruehlemanns.de\/wp-content\/uploads\/2018\/06\/kraeutertag2018_24-300x205.jpg 300w, https:\/\/blog.ruehlemanns.de\/wp-content\/uploads\/2018\/06\/kraeutertag2018_24-768x524.jpg 768w, https:\/\/blog.ruehlemanns.de\/wp-content\/uploads\/2018\/06\/kraeutertag2018_24-440x300.jpg 440w\" sizes=\"(max-width: 880px) 100vw, 880px\" \/><\/a><br \/>\n&#8230; halfen Kindern beim Eintopfen ihrer ersten Kr\u00e4uter<br \/>\n<a href=\"https:\/\/blog.ruehlemanns.de\/wp-content\/uploads\/2018\/06\/kraeutertag2018_26.jpg\"><img loading=\"lazy\" decoding=\"async\" class=\"alignnone size-full wp-image-10504\" src=\"https:\/\/blog.ruehlemanns.de\/wp-content\/uploads\/2018\/06\/kraeutertag2018_26.jpg\" alt=\"\" width=\"880\" height=\"600\" srcset=\"https:\/\/blog.ruehlemanns.de\/wp-content\/uploads\/2018\/06\/kraeutertag2018_26.jpg 880w, https:\/\/blog.ruehlemanns.de\/wp-content\/uploads\/2018\/06\/kraeutertag2018_26-300x205.jpg 300w, https:\/\/blog.ruehlemanns.de\/wp-content\/uploads\/2018\/06\/kraeutertag2018_26-768x524.jpg 768w, https:\/\/blog.ruehlemanns.de\/wp-content\/uploads\/2018\/06\/kraeutertag2018_26-440x300.jpg 440w\" sizes=\"(max-width: 880px) 100vw, 880px\" \/><\/a><br \/>\nBetriebsleiter Tobias Breuckmann f\u00fchrte durch verschiedene Bereiche und erz\u00e4hlte dabei einiges \u00fcber Historie und Philosophie der G\u00e4rtnerei<br \/>\n<a href=\"https:\/\/blog.ruehlemanns.de\/wp-content\/uploads\/2018\/06\/kraeutertag2018_28.jpg\"><img loading=\"lazy\" decoding=\"async\" class=\"alignnone size-full wp-image-10505\" src=\"https:\/\/blog.ruehlemanns.de\/wp-content\/uploads\/2018\/06\/kraeutertag2018_28.jpg\" alt=\"\" width=\"880\" height=\"600\" srcset=\"https:\/\/blog.ruehlemanns.de\/wp-content\/uploads\/2018\/06\/kraeutertag2018_28.jpg 880w, https:\/\/blog.ruehlemanns.de\/wp-content\/uploads\/2018\/06\/kraeutertag2018_28-300x205.jpg 300w, https:\/\/blog.ruehlemanns.de\/wp-content\/uploads\/2018\/06\/kraeutertag2018_28-768x524.jpg 768w, https:\/\/blog.ruehlemanns.de\/wp-content\/uploads\/2018\/06\/kraeutertag2018_28-440x300.jpg 440w\" sizes=\"(max-width: 880px) 100vw, 880px\" \/><\/a><br \/>\nErhaltenswerte Pflanzenvielfalt konnte am Beispiel verschiedener Basilikumpflanzen mit allen Sinnen erfahren werden<br \/>\n<\/em><a href=\"https:\/\/blog.ruehlemanns.de\/wp-content\/uploads\/2018\/06\/kraeutertag2018_29.jpg\"><img loading=\"lazy\" decoding=\"async\" class=\"alignnone size-full wp-image-10506\" src=\"https:\/\/blog.ruehlemanns.de\/wp-content\/uploads\/2018\/06\/kraeutertag2018_29.jpg\" alt=\"\" width=\"880\" height=\"600\" srcset=\"https:\/\/blog.ruehlemanns.de\/wp-content\/uploads\/2018\/06\/kraeutertag2018_29.jpg 880w, https:\/\/blog.ruehlemanns.de\/wp-content\/uploads\/2018\/06\/kraeutertag2018_29-300x205.jpg 300w, https:\/\/blog.ruehlemanns.de\/wp-content\/uploads\/2018\/06\/kraeutertag2018_29-768x524.jpg 768w, https:\/\/blog.ruehlemanns.de\/wp-content\/uploads\/2018\/06\/kraeutertag2018_29-440x300.jpg 440w\" sizes=\"(max-width: 880px) 100vw, 880px\" \/><\/a><br \/>\n<em>Auch au\u00dferhalb unserer G\u00e4rtnerei &#8230;<br \/>\n<a href=\"https:\/\/blog.ruehlemanns.de\/wp-content\/uploads\/2018\/06\/kraeutertag2018_30.jpg\"><img loading=\"lazy\" decoding=\"async\" class=\"alignnone size-full wp-image-10507\" src=\"https:\/\/blog.ruehlemanns.de\/wp-content\/uploads\/2018\/06\/kraeutertag2018_30.jpg\" alt=\"\" width=\"880\" height=\"600\" srcset=\"https:\/\/blog.ruehlemanns.de\/wp-content\/uploads\/2018\/06\/kraeutertag2018_30.jpg 880w, https:\/\/blog.ruehlemanns.de\/wp-content\/uploads\/2018\/06\/kraeutertag2018_30-300x205.jpg 300w, https:\/\/blog.ruehlemanns.de\/wp-content\/uploads\/2018\/06\/kraeutertag2018_30-768x524.jpg 768w, https:\/\/blog.ruehlemanns.de\/wp-content\/uploads\/2018\/06\/kraeutertag2018_30-440x300.jpg 440w\" sizes=\"(max-width: 880px) 100vw, 880px\" \/><\/a><br \/>\ndrehte sich vieles um frische Kr\u00e4uter, &#8230;<br \/>\n<a href=\"https:\/\/blog.ruehlemanns.de\/wp-content\/uploads\/2018\/06\/kraeutertag2018_32.jpg\"><img loading=\"lazy\" decoding=\"async\" class=\"alignnone size-full wp-image-10508\" src=\"https:\/\/blog.ruehlemanns.de\/wp-content\/uploads\/2018\/06\/kraeutertag2018_32.jpg\" alt=\"\" width=\"880\" height=\"600\" srcset=\"https:\/\/blog.ruehlemanns.de\/wp-content\/uploads\/2018\/06\/kraeutertag2018_32.jpg 880w, https:\/\/blog.ruehlemanns.de\/wp-content\/uploads\/2018\/06\/kraeutertag2018_32-300x205.jpg 300w, https:\/\/blog.ruehlemanns.de\/wp-content\/uploads\/2018\/06\/kraeutertag2018_32-768x524.jpg 768w, https:\/\/blog.ruehlemanns.de\/wp-content\/uploads\/2018\/06\/kraeutertag2018_32-440x300.jpg 440w\" sizes=\"(max-width: 880px) 100vw, 880px\" \/><\/a><br \/>\nderen Nutzen f\u00fcr die Umwelt &#8230;<br \/>\n<a href=\"https:\/\/blog.ruehlemanns.de\/wp-content\/uploads\/2018\/06\/kraeutertag2018_31a.jpg\"><img loading=\"lazy\" decoding=\"async\" class=\"alignnone size-full wp-image-10509\" src=\"https:\/\/blog.ruehlemanns.de\/wp-content\/uploads\/2018\/06\/kraeutertag2018_31a.jpg\" alt=\"\" width=\"880\" height=\"600\" srcset=\"https:\/\/blog.ruehlemanns.de\/wp-content\/uploads\/2018\/06\/kraeutertag2018_31a.jpg 880w, https:\/\/blog.ruehlemanns.de\/wp-content\/uploads\/2018\/06\/kraeutertag2018_31a-300x205.jpg 300w, https:\/\/blog.ruehlemanns.de\/wp-content\/uploads\/2018\/06\/kraeutertag2018_31a-768x524.jpg 768w, https:\/\/blog.ruehlemanns.de\/wp-content\/uploads\/2018\/06\/kraeutertag2018_31a-440x300.jpg 440w\" sizes=\"(max-width: 880px) 100vw, 880px\" \/><\/a><br \/>\nund k\u00f6stlicher Verwendung.<\/em><\/p>\n<p>Wer weitere Eindr\u00fccke vom Kr\u00e4utertag 2018 in bewegten Bildern genie\u00dfen m\u00f6chte, sollte den Beitrag des NDR, der voraussichtlich am 23.6.2018 im Rahmen der Sendung DAS! gezeigt werden wird, nicht verpassen!<\/p>\n<p><a href=\"https:\/\/blog.ruehlemanns.de\/wp-content\/uploads\/2018\/06\/kraeutertag2018_14.jpg\"><img loading=\"lazy\" decoding=\"async\" class=\"alignnone size-full wp-image-10510\" src=\"https:\/\/blog.ruehlemanns.de\/wp-content\/uploads\/2018\/06\/kraeutertag2018_14.jpg\" alt=\"\" width=\"880\" height=\"600\" srcset=\"https:\/\/blog.ruehlemanns.de\/wp-content\/uploads\/2018\/06\/kraeutertag2018_14.jpg 880w, https:\/\/blog.ruehlemanns.de\/wp-content\/uploads\/2018\/06\/kraeutertag2018_14-300x205.jpg 300w, https:\/\/blog.ruehlemanns.de\/wp-content\/uploads\/2018\/06\/kraeutertag2018_14-768x524.jpg 768w, https:\/\/blog.ruehlemanns.de\/wp-content\/uploads\/2018\/06\/kraeutertag2018_14-440x300.jpg 440w\" sizes=\"(max-width: 880px) 100vw, 880px\" \/><\/a><\/p>\n<p>Hier die Rezepte unserer diesj\u00e4hrigen Kostproben von Daniels Kr\u00e4uter-Kreationen:<\/p>\n<p><strong>Yin &amp; Yang<\/strong><br \/>\n<a href=\"https:\/\/www.kraeuter-und-duftpflanzen.de\/search?sSearch=was01\" target=\"_blank\" rel=\"noopener\"><strong>Wasabibl\u00e4tter<\/strong><\/a><br \/>\n<a href=\"https:\/\/www.kraeuter-und-duftpflanzen.de\/search?sSearch=ery01\" target=\"_blank\" rel=\"noopener\"><strong>Langer Koriander<\/strong><\/a><br \/>\n<a href=\"https:\/\/www.kraeuter-und-duftpflanzen.de\/search?sSearch=tul01\" target=\"_blank\" rel=\"noopener\"><strong>Zimmerknoblauch, gr\u00fcn<\/strong><\/a><br \/>\n<a href=\"https:\/\/www.kraeuter-und-duftpflanzen.de\/search?sSearch=oci44\" target=\"_blank\" rel=\"noopener\"><strong>Basilikum \u201eWildes Purpur\u201c<\/strong><\/a><br \/>\n<a href=\"https:\/\/www.kraeuter-und-duftpflanzen.de\/search?sSearch=aga09\" target=\"_blank\" rel=\"noopener\"><strong>Toronjil Morado<\/strong><\/a><br \/>\nQuark, 40% Fett i. Tr.<br \/>\nSalz<\/p>\n<p><strong>S\u00fc\u00df &amp; Sauer<\/strong><br \/>\n<a href=\"https:\/\/www.kraeuter-und-duftpflanzen.de\/search?sSearch=tag09\" target=\"_blank\" rel=\"noopener\"><strong>Lakritztagetes<\/strong><\/a><br \/>\n<a href=\"https:\/\/www.kraeuter-und-duftpflanzen.de\/search?sSearch=men44\" target=\"_blank\" rel=\"noopener\"><strong>Bananenminze<\/strong><\/a><br \/>\n<a href=\"https:\/\/www.kraeuter-und-duftpflanzen.de\/search?sSearch=rum04\" target=\"_blank\" rel=\"noopener\"><strong>Roter Sauerampfer<\/strong><\/a><br \/>\nQuark, 40% Fett i. Tr.<br \/>\nZucker, Salz<\/p>\n<p><strong>Ost &amp; West<\/strong><br \/>\n<a href=\"https:\/\/www.kraeuter-und-duftpflanzen.de\/search?sSearch=meu01\" target=\"_blank\" rel=\"noopener\"><strong>B\u00e4rwurz<\/strong><\/a><br \/>\n<a href=\"https:\/\/www.kraeuter-und-duftpflanzen.de\/search?sSearch=all34\" target=\"_blank\" rel=\"noopener\"><strong>Zwiebellauch<\/strong><\/a><br \/>\n<a href=\"https:\/\/www.kraeuter-und-duftpflanzen.de\/search?sSearch=lev01\" target=\"_blank\" rel=\"noopener\"><strong>Liebst\u00f6ckel<\/strong><\/a><br \/>\n<strong><a href=\"https:\/\/www.kraeuter-und-duftpflanzen.de\/search?sSearch=per03\" target=\"_blank\" rel=\"noopener\">Bronze-Perilla<\/a><\/strong><br \/>\n<a href=\"https:\/\/www.kraeuter-und-duftpflanzen.de\/search?sSearch=tag01\" target=\"_blank\" rel=\"noopener\"><strong>Yauthli<\/strong><\/a><br \/>\nQuark, 40% Fett i. Tr.<br \/>\nSalz<\/p>\n<p><strong>Buttermilch mit Australischem Zitronenblatt<\/strong><br \/>\nBlatt vom <a href=\"https:\/\/www.kraeuter-und-duftpflanzen.de\/search?sSearch=ple12\" target=\"_blank\" rel=\"noopener\"><strong>Australischen Zitronenblatt<\/strong> <\/a>nach Geschmack (vorsichtig dosieren) mit<br \/>\n1 geh\u00e4uften TL Zucker p\u00fcrieren und 500 ml Buttermilch dazugeben. Wer\u2018s weniger s\u00e4uerlich mag oder Milch nicht vertr\u00e4gt, nimmt als Alternative z.B. Sojamilch.<\/p>\n","protected":false},"excerpt":{"rendered":"<p>Wenn gl\u00fccklich strahlende Menschen den Kr\u00e4utertag mit einem Arm voller Kr\u00e4uter verlassen und StammkundInnen schon auf\u2018s n\u00e4chste Mal ansto\u00dfen, dann sagen wir uns jedes mal wieder: alles richtig gemacht! Wie zu erwarten, war der Andrang an den \u00fcber 90 St\u00e4nden im Ort und auch in unserer G\u00e4rtnerei bei feinstem Wetter gro\u00df. Trotzdem verlief alles in [&hellip;]<\/p>\n","protected":false},"author":645,"featured_media":0,"comment_status":"open","ping_status":"open","sticky":false,"template":"","format":"standard","meta":{"site-sidebar-layout":"default","site-content-layout":"","ast-site-content-layout":"default","site-content-style":"default","site-sidebar-style":"default","ast-global-header-display":"","ast-banner-title-visibility":"","ast-main-header-display":"","ast-hfb-above-header-display":"","ast-hfb-below-header-display":"","ast-hfb-mobile-header-display":"","site-post-title":"","ast-breadcrumbs-content":"","ast-featured-img":"","footer-sml-layout":"","ast-disable-related-posts":"","theme-transparent-header-meta":"","adv-header-id-meta":"","stick-header-meta":"","header-above-stick-meta":"","header-main-stick-meta":"","header-below-stick-meta":"","astra-migrate-meta-layouts":"default","ast-page-background-enabled":"default","ast-page-background-meta":{"desktop":{"background-color":"var(--ast-global-color-4)","background-image":"","background-repeat":"repeat","background-position":"center center","background-size":"auto","background-attachment":"scroll","background-type":"","background-media":"","overlay-type":"","overlay-color":"","overlay-opacity":"","overlay-gradient":""},"tablet":{"background-color":"","background-image":"","background-repeat":"repeat","background-position":"center center","background-size":"auto","background-attachment":"scroll","background-type":"","background-media":"","overlay-type":"","overlay-color":"","overlay-opacity":"","overlay-gradient":""},"mobile":{"background-color":"","background-image":"","background-repeat":"repeat","background-position":"center center","background-size":"auto","background-attachment":"scroll","background-type":"","background-media":"","overlay-type":"","overlay-color":"","overlay-opacity":"","overlay-gradient":""}},"ast-content-background-meta":{"desktop":{"background-color":"var(--ast-global-color-5)","background-image":"","background-repeat":"repeat","background-position":"center center","background-size":"auto","background-attachment":"scroll","background-type":"","background-media":"","overlay-type":"","overlay-color":"","overlay-opacity":"","overlay-gradient":""},"tablet":{"background-color":"var(--ast-global-color-5)","background-image":"","background-repeat":"repeat","background-position":"center center","background-size":"auto","background-attachment":"scroll","background-type":"","background-media":"","overlay-type":"","overlay-color":"","overlay-opacity":"","overlay-gradient":""},"mobile":{"background-color":"var(--ast-global-color-5)","background-image":"","background-repeat":"repeat","background-position":"center center","background-size":"auto","background-attachment":"scroll","background-type":"","background-media":"","overlay-type":"","overlay-color":"","overlay-opacity":"","overlay-gradient":""}},"footnotes":""},"categories":[3,5,9,138,102],"tags":[],"class_list":["post-10489","post","type-post","status-publish","format-standard","hentry","category-duftpflanzen","category-allemein","category-allgemeines","category-mitarbeiter","category-rezepte"],"_links":{"self":[{"href":"https:\/\/blog.ruehlemanns.de\/index.php?rest_route=\/wp\/v2\/posts\/10489","targetHints":{"allow":["GET"]}}],"collection":[{"href":"https:\/\/blog.ruehlemanns.de\/index.php?rest_route=\/wp\/v2\/posts"}],"about":[{"href":"https:\/\/blog.ruehlemanns.de\/index.php?rest_route=\/wp\/v2\/types\/post"}],"author":[{"embeddable":true,"href":"https:\/\/blog.ruehlemanns.de\/index.php?rest_route=\/wp\/v2\/users\/645"}],"replies":[{"embeddable":true,"href":"https:\/\/blog.ruehlemanns.de\/index.php?rest_route=%2Fwp%2Fv2%2Fcomments&post=10489"}],"version-history":[{"count":0,"href":"https:\/\/blog.ruehlemanns.de\/index.php?rest_route=\/wp\/v2\/posts\/10489\/revisions"}],"wp:attachment":[{"href":"https:\/\/blog.ruehlemanns.de\/index.php?rest_route=%2Fwp%2Fv2%2Fmedia&parent=10489"}],"wp:term":[{"taxonomy":"category","embeddable":true,"href":"https:\/\/blog.ruehlemanns.de\/index.php?rest_route=%2Fwp%2Fv2%2Fcategories&post=10489"},{"taxonomy":"post_tag","embeddable":true,"href":"https:\/\/blog.ruehlemanns.de\/index.php?rest_route=%2Fwp%2Fv2%2Ftags&post=10489"}],"curies":[{"name":"wp","href":"https:\/\/api.w.org\/{rel}","templated":true}]}}